{"id":484782,"date":"2026-06-10T05:43:09","date_gmt":"2026-06-10T05:43:09","guid":{"rendered":"https:\/\/www.europesays.com\/pl\/484782\/"},"modified":"2026-06-10T05:43:09","modified_gmt":"2026-06-10T05:43:09","slug":"pogon-szczecin-zagra-z-bardzo-uznanym-przeciwnikiem","status":"publish","type":"post","link":"https:\/\/www.europesays.com\/pl\/484782\/","title":{"rendered":"Pogo\u0144 Szczecin zagra z bardzo uznanym przeciwnikiem"},"content":{"rendered":"\n<p class=\"contentpart contentpart--default contentpart--text\" data-position=\"0\">Pi\u0142karze <a href=\"https:\/\/sportowefakty.wp.pl\/pilka-nozna\/pogon-szczecin\" rel=\"nofollow noopener\" target=\"_blank\">Pogoni Szczecin<\/a>\u00a0powr\u00f3c\u0105 po urlopach do wsp\u00f3lnych trening\u00f3w 19 czerwca. Kluczowym etapem okresu przygotowa\u0144 b\u0119dzie kr\u00f3tki ob\u00f3z w <a href=\"https:\/\/sportowefakty.wp.pl\/austria\" rel=\"nofollow noopener\" target=\"_blank\">Austrii<\/a>\u00a0i wymagaj\u0105ce sparingi przeciwko <a href=\"https:\/\/sportowefakty.wp.pl\/pilka-nozna\/fenerbahce-stambul\" rel=\"nofollow noopener\" target=\"_blank\">Fenerbahce SK<\/a>\u00a0i <a href=\"https:\/\/sportowefakty.wp.pl\/pilka-nozna\/sturm-graz\" rel=\"nofollow noopener\" target=\"_blank\">Sturmowi Graz<\/a>.<\/p>\n<p class=\"contentpart contentpart--default contentpart--text\" data-position=\"1\">W\u015br\u00f3d gwiazd Fenerbahce s\u0105 <a href=\"https:\/\/sportowefakty.wp.pl\/pilka-nozna\/honorato-ederson\" rel=\"nofollow noopener\" target=\"_blank\">Ederson<\/a>, <a href=\"https:\/\/sportowefakty.wp.pl\/pilka-nozna\/talisca\" rel=\"nofollow noopener\" target=\"_blank\">Talisca<\/a>, <a href=\"https:\/\/sportowefakty.wp.pl\/pilka-nozna\/ngolo-kante\" rel=\"nofollow noopener\" target=\"_blank\">N&#8217;Golo Kante<\/a>. Dodatkowo, w zespole s\u0105 do\u015bwiadczeni <a href=\"https:\/\/sportowefakty.wp.pl\/pilka-nozna\/reprezentacja-turcji\" rel=\"nofollow noopener\" target=\"_blank\">reprezentanci Turcji<\/a>. Kadra Fenerbahce nale\u017cy do najmocniejszych i najdro\u017cszych w <a href=\"https:\/\/sportowefakty.wp.pl\/turcja\" rel=\"nofollow noopener\" target=\"_blank\">Turcji<\/a>, a latem pojawi\u0142y si\u0119 nawet doniesienia o mo\u017cliwym zatrudnieniu <a href=\"https:\/\/sportowefakty.wp.pl\/pilka-nozna\/robert-lewandowski\" rel=\"nofollow noopener\" target=\"_blank\">Roberta Lewandowskiego<\/a>.<\/p>\n<p>  <img decoding=\"async\" src=\"https:\/\/v.wpimg.pl\/X3dwLnN2d1IFFTpdYUl6R0ZNbgcnEHQREVV2TGEGbUtRT2MdOlZ2RBQUKABgQjQcDRotCStBd1IAAWMeIlM7VgwYIAorQAdEFFk_GCkQJQ\" alt=\"\" width=\"45\" height=\"58\" loading=\"lazy\"\/>  <\/p>\n<p class=\"contentpart contentpart--default contentpart--text\" data-position=\"2\">Fenerbahce to jeden z najbardziej utytu\u0142owanych klub\u00f3w w historii tureckiego futbolu. Najwi\u0119ksze osi\u0105gni\u0119cia zespo\u0142u to 19 mistrzostw Turcji, siedem Puchar\u00f3w Turcji, 10 Superpuchar\u00f3w Turcji. Klub wielokrotnie wyst\u0119powa\u0142 r\u00f3wnie\u017c w europejskich pucharach, docieraj\u0105c mi\u0119dzy innymi do \u0107wier\u0107fina\u0142u <a href=\"https:\/\/sportowefakty.wp.pl\/pilka-nozna\/liga-mistrzow\" rel=\"nofollow noopener\" target=\"_blank\">Ligi Mistrz\u00f3w<\/a>\u00a0w 2008 roku.<\/p>\n<p class=\"contentpart contentpart--default contentpart--text\" data-position=\"3\">ZOBACZ WIDEO: #dziejesiewsporcie: Ale strza\u0142 no\u017cycami. To poezja futbolu<\/p>\n<p class=\"contentpart contentpart--default contentpart--text\" data-position=\"5\">Pi\u0142karze <a href=\"https:\/\/sportowefakty.wp.pl\/pilka-nozna\/thomas-thomasberg\" rel=\"nofollow noopener\" target=\"_blank\">Thomasa Thomasberga<\/a>, po zako\u0144czeniu poprzedniego sezonu, rozpocz\u0119li urlopy, a do Szczecina wr\u00f3c\u0105 za nieco ponad tydzie\u0144. 19 czerwca rozpoczn\u0105 badania i testy medyczne, kt\u00f3re potrwaj\u0105 przez dwa dni. 20 czerwca zaplanowano tak\u017ce pierwszy po przerwie trening na boisku przy Twardowskiego.<\/p>\n<p class=\"contentpart contentpart--default contentpart--text\" data-position=\"6\">Pierwszy etap przygotowa\u0144 potrwa w <a href=\"https:\/\/sportowefakty.wp.pl\/polska\/szczecin\" rel=\"nofollow noopener\" target=\"_blank\">Szczecinie<\/a>\u00a0do 9 lipca. W tym czasie granatowo-bordowi rozegraj\u0105 trzy mecze kontrolne: na wyje\u017adzie z <a href=\"https:\/\/sportowefakty.wp.pl\/pilka-nozna\/dynamo-berlin\" rel=\"nofollow noopener\" target=\"_blank\">Dynamem Berlin<\/a>, a tak\u017ce z <a href=\"https:\/\/sportowefakty.wp.pl\/pilka-nozna\/zaglebie-lubin\" rel=\"nofollow noopener\" target=\"_blank\">KGHM Zag\u0142\u0119biem Lubin<\/a>\u00a0oraz <a href=\"https:\/\/sportowefakty.wp.pl\/pilka-nozna\/chrobry-glogow\" rel=\"nofollow noopener\" target=\"_blank\">Chrobrym G\u0142og\u00f3w<\/a>, kt\u00f3re maj\u0105 odby\u0107 si\u0119 w Polsce.<\/p>\n<p>  <img decoding=\"async\" src=\"https:\/\/v.wpimg.pl\/X3dwLnN2d1IFFTpdYUl6R0ZNbgcnEHQREVV2TGEGbUtRT2MdOlZ2RBQUKABgQjQcDRotCStBd1IAAWMeIlM7VgwYIAorQAdEFFk_GCkQJQ\" alt=\"\" width=\"45\" height=\"58\" loading=\"lazy\"\/>  <\/p>\n<p class=\"contentpart contentpart--default contentpart--text\" data-position=\"7\">Druga faza przygotowa\u0144 odb\u0119dzie si\u0119 w <a href=\"https:\/\/sportowefakty.wp.pl\/austria\" rel=\"nofollow noopener\" target=\"_blank\">Austrii<\/a>\u00a0mi\u0119dzy 10 a 16 lipca. Portowcy rozegraj\u0105 tam dwa sparingi z uznanymi rywalami: 11 lipca zmierz\u0105 si\u0119 w <a href=\"https:\/\/sportowefakty.wp.pl\/austria\/linz\" rel=\"nofollow noopener\" target=\"_blank\">Linzu<\/a>\u00a0z Fenerbahce, a 15 lipca w Leoben ze Sturmem Graz.<\/p>\n<p class=\"contentpart contentpart--default contentpart--text\" data-position=\"8\">Po powrocie z Austrii zesp\u00f3\u0142 ponownie b\u0119dzie trenowa\u0142 w Szczecinie od 17 do 23 lipca przed inauguracj\u0105 sezonu w <a href=\"https:\/\/sportowefakty.wp.pl\/pilka-nozna\/pko-ekstraklasa\" rel=\"nofollow noopener\" target=\"_blank\">PKO Ekstraklasie<\/a>.<\/p>\n<p class=\"contentpart contentpart--default contentpart--text\" data-position=\"9\">Eksperci, analizy i ciekawostki. Ogl\u0105daj &#8222;Studio Mundial&#8221; codziennie o godz. 9:30 w WP SportoweFakty!<\/p>\n","protected":false},"excerpt":{"rendered":"Pi\u0142karze Pogoni Szczecin\u00a0powr\u00f3c\u0105 po urlopach do wsp\u00f3lnych trening\u00f3w 19 czerwca. Kluczowym etapem okresu przygotowa\u0144 b\u0119dzie kr\u00f3tki ob\u00f3z w&hellip;\n","protected":false},"author":2,"featured_media":484783,"comment_status":"","ping_status":"","sticky":false,"template":"","format":"standard","meta":{"footnotes":"","_share_on_mastodon":"0"},"categories":[51611],"tags":[2290,11495,269,15255,278,1724,42,1111,38,40,39,41,8472,2307,192],"class_list":["post-484782","post","type-post","status-publish","format-standard","has-post-thumbnail","category-szczecin","tag-fenerbahce-sk","tag-mecze-towarzyskie","tag-pilka-nozna","tag-pilka-nozna-w-turcji","tag-pilka-w-europie","tag-pko-ekstraklasa","tag-pl","tag-pogon-szczecin","tag-poland","tag-polish","tag-polska","tag-polski","tag-stambul","tag-szczecin","tag-turcja"],"share_on_mastodon":{"url":"https:\/\/pubeurope.com\/@pl\/116724224364783367","error":""},"_links":{"self":[{"href":"https:\/\/www.europesays.com\/pl\/wp-json\/wp\/v2\/posts\/484782","targetHints":{"allow":["GET"]}}],"collection":[{"href":"https:\/\/www.europesays.com\/pl\/wp-json\/wp\/v2\/posts"}],"about":[{"href":"https:\/\/www.europesays.com\/pl\/wp-json\/wp\/v2\/types\/post"}],"author":[{"embeddable":true,"href":"https:\/\/www.europesays.com\/pl\/wp-json\/wp\/v2\/users\/2"}],"replies":[{"embeddable":true,"href":"https:\/\/www.europesays.com\/pl\/wp-json\/wp\/v2\/comments?post=484782"}],"version-history":[{"count":0,"href":"https:\/\/www.europesays.com\/pl\/wp-json\/wp\/v2\/posts\/484782\/revisions"}],"wp:featuredmedia":[{"embeddable":true,"href":"https:\/\/www.europesays.com\/pl\/wp-json\/wp\/v2\/media\/484783"}],"wp:attachment":[{"href":"https:\/\/www.europesays.com\/pl\/wp-json\/wp\/v2\/media?parent=484782"}],"wp:term":[{"taxonomy":"category","embeddable":true,"href":"https:\/\/www.europesays.com\/pl\/wp-json\/wp\/v2\/categories?post=484782"},{"taxonomy":"post_tag","embeddable":true,"href":"https:\/\/www.europesays.com\/pl\/wp-json\/wp\/v2\/tags?post=484782"}],"curies":[{"name":"wp","href":"https:\/\/api.w.org\/{rel}","templated":true}]}}