{"id":484800,"date":"2026-06-10T05:57:12","date_gmt":"2026-06-10T05:57:12","guid":{"rendered":"https:\/\/www.europesays.com\/pl\/484800\/"},"modified":"2026-06-10T05:57:12","modified_gmt":"2026-06-10T05:57:12","slug":"tak-maja-chwalinska-zachowywala-sie-za-kulisami-dzien-dobry-tvn-klasa","status":"publish","type":"post","link":"https:\/\/www.europesays.com\/pl\/484800\/","title":{"rendered":"Tak Maja Chwali\u0144ska zachowywa\u0142a si\u0119 za kulisami &#8222;Dzie\u0144 dobry TVN&#8221;. &#8222;Klasa&#8221;"},"content":{"rendered":"<p>Nie milkn\u0105 echa spektakularnego sukcesu <a href=\"https:\/\/plejada.pl\/temat\/maja-chwalinska\/e2wtzrs\" id=\"cf0fc179-0496-427e-8fd4-2b34a86c8c42\" rel=\"nofollow noopener\" target=\"_blank\">Mai Chwali\u0144skiej<\/a> w finale Roland Garros. Cho\u0107 zwyci\u0119stwo ostatecznie zgarn\u0119\u0142a Mirra Andriejewa, tysi\u0105ce fan\u00f3w by\u0142o zachwyconych Polk\u0105, gratuluj\u0105c jej dotychczasowego najwi\u0119kszego osi\u0105gni\u0119cia w karierze. Na pocz\u0105tku tygodnia tenisistka powr\u00f3ci\u0142a do kraju i od tego czasu mia\u0142a okazj\u0119 udzieli\u0107 wielu wywiad\u00f3w, w tym dla &#8222;Dzie\u0144 dobry TVN&#8221;. Dalszy ci\u0105g artyku\u0142u pod materia\u0142em wideo Tak Maja Chwali\u0144ska zachowywa\u0142a si\u0119 za kulisami &#8222;Dzie\u0144 dobry TVN&#8221;<\/p>\n<p>W mediach spo\u0142eczno\u015bciowych \u015bniadani\u00f3wki pojawi\u0142o si\u0119 zakulisowe nagranie. Maja Chwali\u0144ska poza kamerami telewizyjnymi nie tylko wymieni\u0142a u\u015bciski z Dorot\u0105 Welmann i Marcinem Prokopem, ale r\u00f3wnie\u017c sp\u0119dzi\u0142a czas z obecnymi w studiu pieskami, co wywo\u0142a\u0142o poruszenie w\u015br\u00f3d fan\u00f3w. Internauci byli zachwyceni filmikiem oraz wywiadem przeprowadzonym na s\u0142ynnych kanapach \u015bniadani\u00f3wki.<\/p>\n<blockquote class=\"ods-o-quote\">\n<p class=\"ods-o-quote__paragraph\">Bardzo mi\u0142o si\u0119 s\u0142ucha tej m\u0142odej kobiety<\/p>\n<\/blockquote>\n<blockquote class=\"ods-o-quote\">\n<p class=\"ods-o-quote__paragraph\">I jeszcze do tego szczerze kocha zwierz\u0119ta, to wida\u0107 po spojrzeniu<\/p>\n<\/blockquote>\n<p>&#8222;Dawno \u017cadna osoba w telewizji nie wzbudzi\u0142a a\u017c tak du\u017cej sympatii do siebie \u2014 Maj\u0119 si\u0119 super ogl\u0105da\u0142o i na korcie, i u was! Samych sukces\u00f3w&#8221;, &#8222;Ta dziewczyna jest niesamowita, inteligentna, skromna i pi\u0119kna, wzbudza nadziej\u0119 na przysz\u0142o\u015b\u0107. TVN \u2014 wielkie dzi\u0119ki za wspania\u0142y wywiad. Dorotka i Marcin, jeste\u015bcie pierwsza klasa&#8221; \u2014 czytamy w komentarzach.<\/p>\n<p> <a href=\"https:\/\/plejada.pl\/newsy\/maja-chwalinska-w-dzien-dobry-tvn-obiecala-to-marcinowi-prokopowi-przed-laty\/0j6qv3c\" id=\"a4bf5715-ea33-4b0f-b32c-243328c136e2\" rel=\"nofollow noopener\" target=\"_blank\">Maja Chwali\u0144ska we wtorkowy poranek wr\u00f3ci\u0142a do &#8222;Dzie\u0144 dobry TVN&#8221;<\/a> po tym, jak wiele lat temu obieca\u0142a, \u017ce ponownie pojawi si\u0119 w programie, gdy zakwalifikuje si\u0119 do wspomnianego turnieju. Jej obecno\u015b\u0107 wywo\u0142a\u0142a ogromne poruszenie \u2014 gdy tylko pojawi\u0142a si\u0119 przed kamerami, rozleg\u0142y si\u0119 oklaski. Co ciekawe, <a href=\"https:\/\/plejada.pl\/newsy\/maja-chwalinska-speszona-w-dzien-dobry-tvn-ojej-tego-sie-nie-spodziewalam\/5cqc8f4\" id=\"46ceb0ed-a6a6-4c02-a41b-54eb1d97482b\" rel=\"nofollow noopener\" target=\"_blank\">tenisistka mog\u0142a liczy\u0107 na zaskakuj\u0105cy prezent<\/a> \u2014 Szymon Czerwi\u0144ski przyni\u00f3s\u0142 przygotowany makaron.     <\/p>\n<p>\u2014 Wiemy, \u017ce bardzo lubisz pewien rodzaj makaronu i dzisiaj mistrz je zrobi\u0142 dla ciebie \u2014 powiedzia\u0142a prowadz\u0105ca.<\/p>\n<p>     <img class=\"ods-a-photo ods-a-photo--background\" src=\"https:\/\/www.europesays.com\/pl\/wp-content\/uploads\/2026\/06\/cBok9lBaHR0cHM6Ly9vY2RuLmV1L3B1bHNjbXMvTURBXy8yODgxOTlmNzE5ZTBhZjJkNTZjODMwYWQ1OWVmMmY0Yy5wbmeRkwXNB.jpeg\" height=\"530\" width=\"940\" alt=\"Marcin Prokop, Dorota Wellman, Maja Chwali\u0144ska w &quot;Dzie\u0144 dobry TVN&quot;\" loading=\"lazy\" fetchpriority=\"auto\" decoding=\"auto\"\/>    <\/p>\n<p>player.pl<\/p>\n<p>  Marcin Prokop, Dorota Wellman, Maja Chwali\u0144ska w &#8222;Dzie\u0144 dobry TVN&#8221;  <\/p>\n<p>   Dzi\u0119kujemy, \u017ce przeczyta\u0142a\u015b\/e\u015b nasz artyku\u0142 do ko\u0144ca. W serwisie Plejada.pl ka\u017cdego dnia piszemy o najwa\u017cniejszych wydarzeniach show-biznesowych. B\u0105d\u017a na bie\u017c\u0105co! <a rel=\"nofollow noopener\" href=\"https:\/\/news.google.com\/publications\/CAAiEF0PeAlb7W1llpV_mwV2rL4qFAgKIhBdD3gJW-1tZZaVf5sFdqy-?hl=pl&amp;gl=PL&amp;ceid=PL%3Apl\" id=\"9c6ee609-fc77-4433-adc7-a2a8e7e33d91\" target=\"_blank\">Obserwuj<\/a> Plejad\u0119 w Google. Odwied\u017a nas tak\u017ce na <a rel=\"nofollow noopener\" href=\"https:\/\/www.facebook.com\/plejadapl\" id=\"3e3dab8f-7a2c-4fe9-b68a-efca2db97a39\" target=\"_blank\">Facebooku<\/a>, <a rel=\"nofollow noopener\" href=\"https:\/\/www.instagram.com\/plejadapl\/\" id=\"66e3102a-806c-4bf9-9f57-fa5e37033aba\" target=\"_blank\">Instagramie<\/a>, <a rel=\"nofollow noopener\" href=\"https:\/\/www.youtube.com\/c\/plejada\" id=\"27f63f84-63e4-4650-8001-92873489b399\" target=\"_blank\">YouTubie<\/a> oraz <a rel=\"nofollow noopener\" href=\"https:\/\/www.tiktok.com\/@plejada_pl\" id=\"1908daa3-8f21-43d7-9b84-6333e4419657\" target=\"_blank\">TikToku<\/a>.     Chcesz podzieli\u0107 si\u0119 ciekawym newsem lub zaproponowa\u0107 temat? Skontaktuj si\u0119 z nami, pisz\u0105c e-maila na adres: <a rel=\"nofollow noopener\" href=\"https:\/\/plejada.pl\/newsy\/tak-maja-chwalinska-zachowywala-sie-za-kulisami-dzien-dobry-tvn-klasa\/mailto:plejada@redakcjaonet.pl\" id=\"03fadf10-a2b0-4179-8b27-507d8da4540b\" target=\"_blank\">plejada@redakcjaonet.pl<\/a>.<script async src=\"\/\/www.instagram.com\/embed.js\"><\/script><script async src=\"\/\/www.tiktok.com\/embed.js\"><\/script><\/p>\n","protected":false},"excerpt":{"rendered":"Nie milkn\u0105 echa spektakularnego sukcesu Mai Chwali\u0144skiej w finale Roland Garros. Cho\u0107 zwyci\u0119stwo ostatecznie zgarn\u0119\u0142a Mirra Andriejewa, tysi\u0105ce&hellip;\n","protected":false},"author":2,"featured_media":484801,"comment_status":"","ping_status":"","sticky":false,"template":"","format":"standard","meta":{"footnotes":"","_share_on_mastodon":"0"},"categories":[24],"tags":[61195,2955,2954,24610,2956,48,125,46,42,38,40,39,41,47,127,126],"class_list":["post-484800","post","type-post","status-publish","format-standard","has-post-thumbnail","category-sport","tag-bottomfeed_styl","tag-dorota_wellman","tag-dzien_dobry_tvn","tag-maja_chwalinska","tag-marcin_prokop","tag-nat_styl","tag-newsy","tag-omp","tag-pl","tag-poland","tag-polish","tag-polska","tag-polski","tag-screening_general","tag-sport","tag-sports"],"share_on_mastodon":{"url":"https:\/\/pubeurope.com\/@pl\/116724279284235418","error":""},"_links":{"self":[{"href":"https:\/\/www.europesays.com\/pl\/wp-json\/wp\/v2\/posts\/484800","targetHints":{"allow":["GET"]}}],"collection":[{"href":"https:\/\/www.europesays.com\/pl\/wp-json\/wp\/v2\/posts"}],"about":[{"href":"https:\/\/www.europesays.com\/pl\/wp-json\/wp\/v2\/types\/post"}],"author":[{"embeddable":true,"href":"https:\/\/www.europesays.com\/pl\/wp-json\/wp\/v2\/users\/2"}],"replies":[{"embeddable":true,"href":"https:\/\/www.europesays.com\/pl\/wp-json\/wp\/v2\/comments?post=484800"}],"version-history":[{"count":0,"href":"https:\/\/www.europesays.com\/pl\/wp-json\/wp\/v2\/posts\/484800\/revisions"}],"wp:featuredmedia":[{"embeddable":true,"href":"https:\/\/www.europesays.com\/pl\/wp-json\/wp\/v2\/media\/484801"}],"wp:attachment":[{"href":"https:\/\/www.europesays.com\/pl\/wp-json\/wp\/v2\/media?parent=484800"}],"wp:term":[{"taxonomy":"category","embeddable":true,"href":"https:\/\/www.europesays.com\/pl\/wp-json\/wp\/v2\/categories?post=484800"},{"taxonomy":"post_tag","embeddable":true,"href":"https:\/\/www.europesays.com\/pl\/wp-json\/wp\/v2\/tags?post=484800"}],"curies":[{"name":"wp","href":"https:\/\/api.w.org\/{rel}","templated":true}]}}