{"id":485376,"date":"2026-06-10T12:06:12","date_gmt":"2026-06-10T12:06:12","guid":{"rendered":"https:\/\/www.europesays.com\/pl\/485376\/"},"modified":"2026-06-10T12:06:12","modified_gmt":"2026-06-10T12:06:12","slug":"wielka-impreza-we-wroclawiu-w-ogniu-krytyki-ludzie-bialej-goraczki-dostaja","status":"publish","type":"post","link":"https:\/\/www.europesays.com\/pl\/485376\/","title":{"rendered":"Wielka impreza we Wroc\u0142awiu w ogniu krytyki. \u201eLudzie bia\u0142ej gor\u0105czki dostaj\u0105&#8221;"},"content":{"rendered":"<p>Jakie zmiany organizacyjne wprowadzono w XII edycji p\u00f3\u0142maratonu.<\/p>\n<p>Dlaczego mieszka\u0144cy Wroc\u0142awia skar\u017c\u0105 si\u0119 na nocny p\u00f3\u0142maraton.<\/p>\n<p>Jakie problemy zdrowotne zg\u0142aszali uczestnicy biegu.<\/p>\n<p>Nocny Wroc\u0142aw P\u00f3\u0142maraton to jedna ze sportowych wizyt\u00f3wek miasta. Z roku na rok impreza cieszy si\u0119 jeszcze wi\u0119kszym zainteresowaniem. W ubieg\u0142ym roku by\u0142o 15 tys. pakiet\u00f3w. Tym razem \u2013 6 czerwca \u2013 ulicami miasta przebieg\u0142o a\u017c 22 tys. os\u00f3b. Emocje wok\u00f3\u0142 wydarzenia s\u0105 spore \u2013 nie tylko sportowe. Cz\u0119\u015b\u0107 mieszka\u0144c\u00f3w skar\u017cy\u0142a si\u0119 na\u00a0ha\u0142as do p\u00f3\u017anych godzin, zak\u0142\u00f3canie ciszy nocnej i sterty \u015bmieci zostawionych przez uczestnik\u00f3w. \u2013\u00a0Zadziwia mnie prze\u015bwiadczenie, \u017ce w centrum miasta nie obowi\u0105zuje dbanie o dobrostan mieszka\u0144c\u00f3w i wolno ha\u0142asowa\u0107 do woli \u2013 twierdzi jedna z Wroc\u0142awianek.\u00a0<\/p>\n<p><a name=\"eztoc41943400_0_7\" id=\"eztoc41943400_0_7\"\/>Nocny Wroc\u0142aw P\u00f3\u0142maraton wywo\u0142a\u0142 burzliw\u0105 dyskusj\u0119<\/p>\n<p>W XII edycji<br \/>\n<a href=\"https:\/\/wiadomosci.radiozet.pl\/tag\/kategoria\/wroclaw\" target=\"_self\" rel=\"dofollow noopener\">wroc\u0142awskiego<\/a> p\u00f3\u0142maratonu wzi\u0119\u0142o udzia\u0142 oko\u0142o 22 tys. os\u00f3b.\u00a0Rekordowa frekwencja wymaga\u0142a zmian organizacyjnych. Uczestnicy biegli now\u0105 tras\u0105, z kolei start i met\u0119 przeniesiono na\u00a0Tarczy\u0144ski Aren\u0119 Wroc\u0142aw. \u2013\u00a0Mierzymy wysoko i chcemy znale\u017a\u0107 si\u0119 w\u015br\u00f3d najlepszych p\u00f3\u0142maraton\u00f3w na kontynencie, obok takich imprez jak Lizbona, Pary\u017c, Berlin czy Rzym \u2013 m\u00f3wi\u0142\u00a0\u0141ukasz W\u00f3jcik, dyrektor M\u0142odzie\u017cowego Centrum Sportu.\u00a0P\u00f3\u0142maraton rozpocz\u0105\u0142 si\u0119 o godz. 22 i trwa\u0142 do ok. godz. 3 w nocy. Przez kilka godzin\u00a0by\u0142o s\u0142ycha\u0107 muzyk\u0119 z rozstawionych na trasie punkt\u00f3w. Na to najcz\u0119\u015bciej skar\u017cyli si\u0119 mieszka\u0144cy.\u00a0<\/p>\n<p>\u2013\u00a0Jak najbardziej rozumiem sam\u0105 inicjatyw\u0119, miasto na tym zarabia. Ale s\u0105 przecie\u017c jakie\u015b granice. Tak si\u0119 sk\u0142ada, \u017ce pracuj\u0119 w weekendy, zaczynam zmiany o godz. 6 rano.\u00a0W \u015brodku nocy nie zmru\u017cy\u0142am oka, bo kto\u015b sobie postanowi\u0142 odpali\u0107 muzyk\u0119 na ca\u0142y regulator \u2013 skar\u017cy si\u0119 w rozmowie z RadioZET.pl pani Paulina. \u2013 Krew mnie zalewa, jak s\u0142ysz\u0119: \u201eno daj spok\u00f3j, przecie\u017c to tylko raz w roku&#8221;. R\u00f3wnie dobrze ka\u017cd\u0105 imprez\u0119 mo\u017cna tak usprawiedliwia\u0107. Poza tym wi\u0119kszo\u015b\u0107 biegaczy ma na trasie s\u0142uchawki, wi\u0119c te g\u0142o\u015bniki naprawd\u0119 mogli sobie odpu\u015bci\u0107 \u2013 dodaje.\u00a0<\/p>\n<p>Podobnych g\u0142os\u00f3w jest wi\u0119cej.\u00a0\u2013 Zadziwia mnie prze\u015bwiadczenie, \u017ce w centrum miasta nie obowi\u0105zuje dbanie o dobrostan mieszka\u0144c\u00f3w i wolno ha\u0142asowa\u0107 do woli, \u201ebo to miasto i si\u0119 mo\u017cesz przenie\u015b\u0107 na wie\u015b&#8221;. R\u00f3wnie dobrze mo\u017cna pozbawi\u0107 prowincje komunikacji autobusowej, bo autobusy to s\u0105 w mie\u015bcie \u2013 twierdzi kolejna Wroc\u0142awianka. \u2013 Mam\u00a0rad\u0119 dla prezydenta Sutryka. Je\u017celi kto\u015b si\u0119 poskar\u017cy na korki, niech odpowiada: \u201eto zamieszkaj w lesie&#8221;, zamiast stara\u0107 si\u0119 co\u015b zmieni\u0107 na lepsze \u2013 dodaje ironicznie.\u00a0<\/p>\n<p><a name=\"eztoc41943400_0_8\" id=\"eztoc41943400_0_8\"\/>Mieszka\u0144cy skar\u017c\u0105 si\u0119 na parali\u017c komunikacyjny<\/p>\n<p>Kolejnym problemem, na jaki zwracaj\u0105 uwag\u0119 mieszka\u0144cy, jest parali\u017c komunikacyjny przed imprez\u0105. \u2013 Znam sporo os\u00f3b z Wroc\u0142awia, kt\u00f3rzy bia\u0142ej gor\u0105czki dostaj\u0105 na wspomnienie tego nocnego p\u00f3\u0142maratonu. Jedni si\u0119 ciesz\u0105, a inni siedz\u0105 zm\u0119czeni po pracy kilkadziesi\u0105t minut w tramwaju z nadziej\u0105, \u017ce gdziekolwiek uda si\u0119 dojecha\u0107. Ulice zakorkowane, pozamykane, ju\u017c nawet ha\u0142as mi tak bardzo nie przeszkadza, jak to \u2013 skar\u017cy si\u0119 pani Ilona. Wpisy w podobnym tonie publikowane s\u0105 w mediach spo\u0142eczno\u015bciowych.\u00a0<\/p>\n<p>\u201eUlice zamkni\u0119te od godz. 18.30, ludzie pracuj\u0105cy w Magnolii i w Pasa\u017cu Grunwaldzkim nie mog\u0105 wr\u00f3ci\u0107 normalnie z pracy. Moja c\u00f3rka po 12 godzinach pracy o godz. 21 nie ma jak si\u0119 dosta\u0107 do domu. Jakie\u015b mo\u017ce inne rozwi\u0105zania transportu publicznego w tym czasie, bo o mieszka\u0144cach si\u0119 w og\u00f3le nie my\u015bli, liczy si\u0119 lans&#8221; \u2013 pisze jedna z uczestniczek internetowej dyskusji. S\u0105 jednak i tacy, kt\u00f3rzy broni\u0105 inicjatywy, wskazuj\u0105c na jej korzy\u015bci.\u00a0<\/p>\n<p>\u2013\u00a0Raz w roku jest nocny p\u00f3\u0142maraton, jedna z najwi\u0119kszych imprez sportowych we Wroc\u0142awiu. Tysi\u0105ce ludzi przyje\u017cd\u017caj\u0105 z ca\u0142ej Polski, hotele, restauracje i miasto na tym korzystaj\u0105, a uczestnicy maj\u0105 swoje \u015bwi\u0119to. To nie jest codzienna dyskoteka pod oknem, tylko wydarzenie trwaj\u0105ce kilka godzin \u2013 podkre\u015bla pan Micha\u0142. \u2013\u00a0Rozumiem, \u017ce ha\u0142as mo\u017ce wkurza\u0107, ale mo\u017ce warto zainwestowa\u0107 2 z\u0142 w zatyczki do uszu \u2013 dodaje.\u00a0Z kolei Krzysztof Niciejewski zaznacza, \u017ce jako radny osiedlowy dosta\u0142 \u201ekilkadziesi\u0105t zg\u0142osze\u0144 od mieszka\u0144c\u00f3w okolicznych budynk\u00f3w, \u017ce nie chc\u0105 czego\u015b takiego wi\u0119cej pod swoimi oknami&#8221;. Jak pisze \u201eWroc\u0142awski reporter&#8221;, radny\u00a0ze Starego Miasta zapowiada dalsze kroki, w tym zawiadomienie prokuratury w tej sprawie.<\/p>\n<p><a name=\"eztoc41943400_0_9\" id=\"eztoc41943400_0_9\"\/>Problemy \u017co\u0142\u0105dkowe uczestnik\u00f3w biegu<\/p>\n<p>W sieci pojawi\u0142y si\u0119 relacje nie tylko mieszka\u0144c\u00f3w, ale i uczestnik\u00f3w biegu. Wielu z nich skar\u017cy\u0142o si\u0119 nie na ha\u0142as, a problemy \u017co\u0142\u0105dkowe na trasie lub po zako\u0144czonym wy\u015bcigu. \u201eJa i moja kole\u017canka problemy z brzuchem. Biegamy sporo i nigdy nic nam nie by\u0142o. Tutaj nagle nas dwie co\u015b dopad\u0142o. Niez\u0142a m\u0119czarnia by\u0142a&#8221; \u2013 pisze pani Marta. \u201ePierwszy raz widzia\u0142am, \u017ceby tyle os\u00f3b wymiotowa\u0142o na powrocie do centrum&#8221; \u2013 dodaje pani Agata. \u201eM\u00f3j znajomy r\u00f3wnie\u017c, po wypiciu wody na 5. km b\u00f3l brzucha, na 15. km ostra biegunka i ca\u0142y wczorajszy dzie\u0144 r\u00f3wnie\u017c! To jest nie do pomy\u015blenia&#8221; \u2013 czytamy w kolejnym komentarzu.\u00a0Wed\u0142ug niekt\u00f3rych uczestnik\u00f3w problemy mog\u0142y mie\u0107 zwi\u0105zek z wod\u0105 podawan\u0105 w punktach nawadniania na trasie. By\u0142a ona zapewniana\u00a0przez MPWiK Wroc\u0142aw.<\/p>\n<p>\u2013\u00a0Zawsze dystrybuujemy j\u0105 w taki sam spos\u00f3b. Niczego nie zmieniali\u015bmy \u2013 wszystkie pistolety, w\u0119\u017ce i sprz\u0119t s\u0105 sterylne, przewo\u017cone w specjalnych workach, \u017ceby mie\u0107 pewno\u015b\u0107, \u017ce s\u0105 czyste \u2013 wyja\u015bni\u0142a w rozmowie z \u201eGazet\u0105 Wyborcz\u0105&#8221; rzeczniczka prasowa sp\u00f3\u0142ki Martyna Ba\u0144cerek. \u2013\u00a0Powod\u00f3w dolegliwo\u015bci mo\u017ce by\u0107 bardzo wiele: izotonik, \u017cele, stres, dieta, warunki pogodowe, przygotowanie. Ka\u017cdy organizm reaguje inaczej \u2013 doda\u0142a.\u00a0<\/p>\n<p>Podczas nocnego p\u00f3\u0142maratonu biegli tak\u017ce pracownicy MPWiK. \u2013\u00a0To osoby, kt\u00f3re pij\u0105 kran\u00f3wk\u0119 na co dzie\u0144, a mimo to po pi\u0119tnastym kilometrze czuli rewolucje \u017co\u0142\u0105dkowe. To nie by\u0142 efekt wody, tylko wysi\u0142ku \u2013 stwierdzi\u0142a rzeczniczka. W internetowej dyskusji sporo os\u00f3b deklaruje r\u00f3wnie\u017c, \u017ce nie mia\u0142o \u017cadnych problem\u00f3w \u017co\u0142\u0105dkowych, mimo wypitej na trasie wody.\u00a0\u201eKorzystali\u015bmy z wody na ka\u017cdym punkcie. Wszystko w porz\u0105dku, nic si\u0119 nie dzia\u0142o&#8221; \u2013 napisa\u0142 pan Adam. \u201eJa pi\u0142am du\u017co wody, jad\u0142am \u017cele i te\u017c na stadionie. Wszystko ok&#8221; \u2013 doda\u0142a pani Alicja.<\/p>\n<p>\u0179r\u00f3d\u0142o: Radio ZET\/Gazeta Wyborcza<\/p>\n<p>By\u0142e\u015b \u015bwiadkiem czego\u015b niespodziewanego? Masz temat, kt\u00f3rym powinni\u015bmy si\u0119 zaj\u0105\u0107?<\/p>\n<p>Zg\u0142o\u015b spraw\u0119 przez <a href=\"https:\/\/wiadomosci.radiozet.pl\/czerwony-telefon\" target=\"_blank\" title=\"Czerwony telefon Radia Zet\" rel=\"nofollow noopener\">Czerwony telefon Radia ZET<\/a><\/p>\n","protected":false},"excerpt":{"rendered":"Jakie zmiany organizacyjne wprowadzono w XII edycji p\u00f3\u0142maratonu. Dlaczego mieszka\u0144cy Wroc\u0142awia skar\u017c\u0105 si\u0119 na nocny p\u00f3\u0142maraton. Jakie problemy&hellip;\n","protected":false},"author":2,"featured_media":485377,"comment_status":"","ping_status":"","sticky":false,"template":"","format":"standard","meta":{"footnotes":"","_share_on_mastodon":"0"},"categories":[51607],"tags":[3020,17214,14459,42,38,40,39,41,127,1853],"class_list":["post-485376","post","type-post","status-publish","format-standard","has-post-thumbnail","category-wroclaw","tag-bieganie","tag-dolnoslaskie","tag-halas","tag-pl","tag-poland","tag-polish","tag-polska","tag-polski","tag-sport","tag-wroclaw"],"share_on_mastodon":{"url":"https:\/\/pubeurope.com\/@pl\/116725729634238791","error":""},"_links":{"self":[{"href":"https:\/\/www.europesays.com\/pl\/wp-json\/wp\/v2\/posts\/485376","targetHints":{"allow":["GET"]}}],"collection":[{"href":"https:\/\/www.europesays.com\/pl\/wp-json\/wp\/v2\/posts"}],"about":[{"href":"https:\/\/www.europesays.com\/pl\/wp-json\/wp\/v2\/types\/post"}],"author":[{"embeddable":true,"href":"https:\/\/www.europesays.com\/pl\/wp-json\/wp\/v2\/users\/2"}],"replies":[{"embeddable":true,"href":"https:\/\/www.europesays.com\/pl\/wp-json\/wp\/v2\/comments?post=485376"}],"version-history":[{"count":0,"href":"https:\/\/www.europesays.com\/pl\/wp-json\/wp\/v2\/posts\/485376\/revisions"}],"wp:featuredmedia":[{"embeddable":true,"href":"https:\/\/www.europesays.com\/pl\/wp-json\/wp\/v2\/media\/485377"}],"wp:attachment":[{"href":"https:\/\/www.europesays.com\/pl\/wp-json\/wp\/v2\/media?parent=485376"}],"wp:term":[{"taxonomy":"category","embeddable":true,"href":"https:\/\/www.europesays.com\/pl\/wp-json\/wp\/v2\/categories?post=485376"},{"taxonomy":"post_tag","embeddable":true,"href":"https:\/\/www.europesays.com\/pl\/wp-json\/wp\/v2\/tags?post=485376"}],"curies":[{"name":"wp","href":"https:\/\/api.w.org\/{rel}","templated":true}]}}