{"id":485962,"date":"2026-06-10T17:47:10","date_gmt":"2026-06-10T17:47:10","guid":{"rendered":"https:\/\/www.europesays.com\/pl\/485962\/"},"modified":"2026-06-10T17:47:10","modified_gmt":"2026-06-10T17:47:10","slug":"regiojet-wroci-do-polski-zlozyl-wnioski-do-nowego-rozkladu-jazdy","status":"publish","type":"post","link":"https:\/\/www.europesays.com\/pl\/485962\/","title":{"rendered":"RegioJet wr\u00f3ci do Polski? Z\u0142o\u017cy\u0142 wnioski do nowego rozk\u0142adu jazdy"},"content":{"rendered":"<p>RegioJet z\u0142o\u017cy\u0142 wnioski o przyznanie tras do Poznania, Krakowa, Szczecina czy Wroc\u0142awia na nowy rozk\u0142ad jazdy &#8211; od grudnia bie\u017c\u0105cego roku. Firma nie komentuje tej decyzji, natomiast sp\u00f3\u0142ka PKP PLK uk\u0142adaj\u0105ca rozk\u0142ad potwierdza te doniesienia i informuje, \u017ce do Poznania i Krakowa RegioJet dostanie najgorsze sloty. <\/p>\n<p>Interia poda\u0142a w\u0142a\u015bnie informacj\u0119 o tym, \u017ce RegioJet z\u0142o\u017cy\u0142 wnioski rozk\u0142adowe do PKP PLK o przydzielenie tras w nowym rocznym rozk\u0142adzie jazdy &#8211; 2026-2027. Wnioski dotycz\u0105 tras krajowych, na kt\u00f3re RegioJet otrzyma\u0142 tzw. Otwarty dost\u0119p. Jest to o tyle zaskakuj\u0105ce, \u017ce czeski przewo\u017anik z hukiem o<a href=\"https:\/\/www.rynek-kolejowy.pl\/wiadomosci\/regiojet-wychodzi-z-polski-koniec-konkurencji-136638.html\" target=\"_blank\" rel=\"nofollow noopener\">pu\u015bci\u0142 nasz kraj nieco ponad miesi\u0105c temu i przesta\u0142 kursowa\u0107<\/a> z Poznania do Warszawy oraz z Krakowa do Tr\u00f3jmiasta przez Warszaw\u0119. W rozk\u0142adzie pozosta\u0142y tylko dwa codzienne kursy, \u0142\u0105cz\u0105ce Prag\u0119 z Przemy\u015blem oraz Warszaw\u0105. Wi\u0119cej o perypetiach i a<a href=\"https:\/\/www.rynek-kolejowy.pl\/wiadomosci\/dokad-i-dlaczego-nie-dojechal-regiojet-w-polsce-152775.html\" target=\"_blank\" rel=\"nofollow noopener\">rgumentacji przewo\u017anika z powodu likwidacji wi\u0119kszo\u015bci po\u0142\u0105cze\u0144 w Polsce piszemy tutaj.<\/a><br \/>Do momentu publikacji tego tekstu RegioJet nie odni\u00f3s\u0142 si\u0119 do naszych pyta\u0144 dotycz\u0105cych z\u0142o\u017conych wniosk\u00f3w i tego, czy planuje wr\u00f3ci\u0107 do Polski. Rzecznik prasowy czeskiej sp\u00f3\u0142ki udzieli\u0142 za to odpowiedzi Interii.<\/p>\n<p>\u201cZ\u0142o\u017cyli\u015bmy wnioski o przydzielenie tras dla poci\u0105g\u00f3w w rozk\u0142adzie jazdy 2026\/2027. S\u0105 one obecnie rozpatrywane przez PLK i wkr\u00f3tce powinno si\u0119 odby\u0107 spotkanie koordynacyjne. Proces przydzielania tras poci\u0105g\u00f3w wci\u0105\u017c trwa, a ostateczny kszta\u0142t rozk\u0142adu jazdy na ten okres b\u0119dzie zale\u017ca\u0142 od jego wynik\u00f3w\u201d \u2013 przekaza\u0142 Interii Luk\u00e1\u0161 Kub\u00e1t, rzecznik prasowy RegioJet.<\/p>\n<p>35 wniosk\u00f3w. Z Warszawy do Gliwic, Poznania, Krakowa, Wroc\u0142awia i Szczecina<br \/>Informacje o tym, \u017ce wnioski wp\u0142yn\u0119\u0142y do PKP PLK potwierdzi\u0142a nam rzeczniczka zarz\u0105dcy infrastruktury, Rus\u0142ana Krzemi\u0144ska. \u2013 Potwierdzamy, \u017ce w ramach prac nad opracowaniem rocznego rozk\u0142adu jazdy 2026\/27 RegioJet z\u0142o\u017cy\u0142 wnioski o przyznanie tras w relacjach krajowych \u2013 m\u00f3wi przedstawicielka PKP PLK i dodaje dok\u0142adny wykaz tras, o kt\u00f3re wnioskowa\u0142 RegioJet.<\/p>\n<p>Czeska sp\u00f3\u0142ka zawnioskowa\u0142a o trzy trasy w relacji Gliwice \u2013 Warszawa Centralna, jedn\u0105 w relacji Gliwice \u2013 Warszawa Gda\u0144ska, trzy w relacji Krak\u00f3w G\u0142\u00f3wny \u2013 Warszawa Gda\u0144ska, pi\u0119\u0107 tras w relacji Pozna\u0144 G\u0142\u00f3wny \u2013 Warszawa Gda\u0144ska, jedn\u0105 tras\u0119 w relacji Szczecin G\u0142\u00f3wny \u2013 Warszawa Gda\u0144ska oraz pi\u0119\u0107 tras z Warszawy Gda\u0144skiej do Wroc\u0142awia G\u0142\u00f3wnego a tak\u017ce niemal identyczn\u0105 liczb\u0119 tras w relacjach przeciwnych. Jedyny wyj\u0105tek stanowi relacja Warszawa Gda\u0144ska \u2013 Krak\u00f3w G\u0142\u00f3wny, gdzie RegioJet wnioskowa\u0142 o dwie a nie trzy trasy jak w relacji z Krakowa do Warszawy. \u0141\u0105cznie daje to 35 tras w relacjach krajowych, na kt\u00f3rych RegioJet ma przyznany otwarty dost\u0119p. Na li\u015bcie nie ma odcinka Warszawa &#8211; Tr\u00f3jmiasto, gdzie RegioJet kursowa\u0142 przed wyj\u015bciem z Polski.<\/p>\n<p>Ponad 60 wniosk\u00f3w odrzucono<br \/>To jednak nie wszystko, bowiem rzeczniczka PKP PLK przekaza\u0142a nam tak\u017ce, \u017ce zarz\u0105dca odrzuci\u0142 a\u017c 63 inne wnioski rozk\u0142adowe autorstwa RegioJet. \u2013 Powodem jest niezgodno\u015b\u0107 w dokumentacji wzgl\u0119dem wydanych decyzji Urz\u0119du Transportu Kolejowego, brak potwierdzenia trasy przez Deutsche Bahn oraz zdublowanie wniosk\u00f3w w relacjach do Warszawy Centralnej i Warszawy Gda\u0144skiej \u2013 m\u00f3wi Rus\u0142ana Krzemi\u0144ska.<\/p>\n<p>Nasza rozm\u00f3wczyni doda\u0142a r\u00f3wnie\u017c, \u017ce ju\u017c w tym momencie wiadome jest, \u017ce trasy dla poci\u0105g\u00f3w ze stolicy do Gliwic nie b\u0119d\u0105 mog\u0142y by\u0107 przydzielone w pe\u0142nym zakresie na co wp\u0142yw maj\u0105 prace infrastrukturalne w Katowicach.<\/p>\n<p>\u2013 Na obecn\u0105 chwil\u0119 mo\u017cemy ju\u017c stwierdzi\u0107, \u017ce z uwagi na modernizacj\u0119 Katowickiego W\u0119z\u0142a Kolejowego i zwi\u0105zane z tym ograniczenia przepustowo\u015bci, trasy dla poci\u0105g\u00f3w w relacji Gliwice \u2013 Warszawa \u2013 Gliwice nie b\u0119d\u0105 mog\u0142y by\u0107 przydzielone w pe\u0142nej relacji, a jedynie na odcinku Zawiercie \u2013 Warszawa \u2013 Zawiercie \u2013 m\u00f3wi Krzemi\u0144ska.<\/p>\n<p>&#8222;Poci\u0105gi powinny znale\u017a\u0107 si\u0119 w rozk\u0142adzie jazdy&#8221;<br \/>Czy skoro RegioJet z\u0142o\u017cy\u0142 wnioski na 35 tras krajowych, to czy oznacza to, \u017ce poci\u0105gi przewo\u017anika znajd\u0105 si\u0119 w nowym, rocznym rozk\u0142adzie jazdy, od grudnia tego roku?<\/p>\n<p>\u2013 Z formalnego punktu widzenia poci\u0105gi te powinny si\u0119 znale\u017a\u0107 w rozk\u0142adzie, o ile opracowane przez PLK trasy poci\u0105g\u00f3w zostan\u0105 zaakceptowane przez RegioJet \u2013 odpowiada rzeczniczka prasowa PLK.<\/p>\n<p>Najgorsze sloty do Krakowa i Poznania<br \/>Jednocze\u015bnie na odcinkach Pozna\u0144 \u2013 Warszawa i Warszawa \u2013 Krak\u00f3w poci\u0105gi RegioJeta b\u0119d\u0105 mia\u0142y do dyspozycji najgorsze sloty czasowe, co jest skutkiem nieuruchomienia<a href=\"https:\/\/www.rynek-kolejowy.pl\/wiadomosci\/regiojet-wiekszosc-pociagow-do-gdyni-i-krakowa-nie-pojedzie-125911.html\" target=\"_blank\" rel=\"nofollow noopener\"> szeregu po\u0142\u0105cze\u0144 w grudniu 2025 roku<\/a>.<\/p>\n<p>\u2013 Na odcinkach Warszawa \u2013 Pozna\u0144 oraz Warszawa \u2013 Krak\u00f3w dla tras z\u0142o\u017conych przez przewo\u017anika na rozk\u0142ad 2026\/27 obni\u017cony zosta\u0142 priorytet trasowania w zwi\u0105zku z wprowadzeniem w dniu 15 maja 2026 r. zmiany numer 14 do Regulaminu Sieci 2026\/2027, kt\u00f3ra umo\u017cliwia obni\u017cenie priorytetu w przypadku, gdy aplikant z przyczyn niele\u017c\u0105cych po stronie PLK SA wykorzysta\u0142 poni\u017cej 50% tras poci\u0105g\u00f3w przydzielonych w rocznym rozk\u0142adzie jazdy 2024\/2025 lub 2025\/2026 (co nast\u0105pi\u0142o po rezygnacji z tras na obecny rozk\u0142ad przez RegioJet). W zwi\u0105zku z tym trasy na rozk\u0142ad 2026\/27 b\u0119d\u0105 uk\u0142adane jako ostatnie w segmencie przewoz\u00f3w pasa\u017cerskich \u2013 poinformowa\u0142a nas przedstawicielka PKP PLK. <\/p>\n","protected":false},"excerpt":{"rendered":"RegioJet z\u0142o\u017cy\u0142 wnioski o przyznanie tras do Poznania, Krakowa, Szczecina czy Wroc\u0142awia na nowy rozk\u0142ad jazdy &#8211; od&hellip;\n","protected":false},"author":2,"featured_media":485963,"comment_status":"","ping_status":"","sticky":false,"template":"","format":"standard","meta":{"footnotes":"","_share_on_mastodon":"0"},"categories":[16],"tags":[113,112,1201,1205,1203,1197,1198,1200,2801,42,38,40,39,41,1202,1196,21897,41952,1204,1206],"class_list":["post-485962","post","type-post","status-publish","format-standard","has-post-thumbnail","category-biznes","tag-biznes","tag-business","tag-intercity","tag-kolej","tag-koleje-mazowieckie","tag-konkurencja-na-kolei","tag-konkurencja-na-torach","tag-pkp","tag-pkp-plk","tag-pl","tag-poland","tag-polish","tag-polska","tag-polski","tag-przewozy-regionalne","tag-regiojet","tag-regiojet-w-polsce","tag-rozklad-jazdy-2026-2027","tag-rozklady-jazdy-pkp","tag-rynek-kolejowy"],"share_on_mastodon":{"url":"","error":""},"_links":{"self":[{"href":"https:\/\/www.europesays.com\/pl\/wp-json\/wp\/v2\/posts\/485962","targetHints":{"allow":["GET"]}}],"collection":[{"href":"https:\/\/www.europesays.com\/pl\/wp-json\/wp\/v2\/posts"}],"about":[{"href":"https:\/\/www.europesays.com\/pl\/wp-json\/wp\/v2\/types\/post"}],"author":[{"embeddable":true,"href":"https:\/\/www.europesays.com\/pl\/wp-json\/wp\/v2\/users\/2"}],"replies":[{"embeddable":true,"href":"https:\/\/www.europesays.com\/pl\/wp-json\/wp\/v2\/comments?post=485962"}],"version-history":[{"count":0,"href":"https:\/\/www.europesays.com\/pl\/wp-json\/wp\/v2\/posts\/485962\/revisions"}],"wp:featuredmedia":[{"embeddable":true,"href":"https:\/\/www.europesays.com\/pl\/wp-json\/wp\/v2\/media\/485963"}],"wp:attachment":[{"href":"https:\/\/www.europesays.com\/pl\/wp-json\/wp\/v2\/media?parent=485962"}],"wp:term":[{"taxonomy":"category","embeddable":true,"href":"https:\/\/www.europesays.com\/pl\/wp-json\/wp\/v2\/categories?post=485962"},{"taxonomy":"post_tag","embeddable":true,"href":"https:\/\/www.europesays.com\/pl\/wp-json\/wp\/v2\/tags?post=485962"}],"curies":[{"name":"wp","href":"https:\/\/api.w.org\/{rel}","templated":true}]}}