{"id":485964,"date":"2026-06-10T17:48:11","date_gmt":"2026-06-10T17:48:11","guid":{"rendered":"https:\/\/www.europesays.com\/pl\/485964\/"},"modified":"2026-06-10T17:48:11","modified_gmt":"2026-06-10T17:48:11","slug":"narasta-niechec-do-migrantow-wrze-w-wielkiej-brytanii","status":"publish","type":"post","link":"https:\/\/www.europesays.com\/pl\/485964\/","title":{"rendered":"Narasta niech\u0119\u0107 do migrant\u00f3w. Wrze w Wielkiej Brytanii"},"content":{"rendered":"\n<p>&#13;<br \/>\nWe wtorek wieczorem na\u00a0ulicach Belfastu dosz\u0142o do\u00a0zamieszek. Zamaskowane grupy wyra\u017ca\u0142y sw\u00f3j gniew z\u00a0powodu masowej migracji do\u00a0Wielkiej Brytanii i\u00a0przest\u0119pstw przeciwko Brytyjczykom. Du\u017ce grupy ubranych na\u00a0czarno m\u0119\u017cczyzn podpala\u0142y kosze na\u00a0\u015bmieci, pojazdy, a\u00a0nawet domy. Media twierdz\u0105, \u017ce\u00a0w\u00a0ten spos\u00f3b pr\u00f3bowano zastraszy\u0107 imigrant\u00f3w. &#13;\n<\/p>\n<p>&#13;<br \/>\nProtesty wybuch\u0142y r\u00f3wnie\u017c w\u00a0szkockich miastach, takich jak Glasgow, Edynburg i\u00a0Ayr. &#13;\n<\/p>\n<p>Starmer oburzony <\/p>\n<p>&#13;<br \/>\nPremier Keir Starmer pot\u0119pi\u0142 w\u00a0\u015brod\u0119 rano przemoc poprzez serwis X. &#8222;Sceny, kt\u00f3re mia\u0142y miejsce wczoraj wieczorem w\u00a0Belfa\u015bcie, by\u0142y szokuj\u0105ce i\u00a0ca\u0142kowicie niedopuszczalne. Nie\u00a0ma\u00a0usprawiedliwienia dla\u00a0przemocy i\u00a0zamieszek, kt\u00f3re zagra\u017ca\u0142y naszym spo\u0142eczno\u015bciom, ani dla\u00a0tych, kt\u00f3rzy je\u00a0pod\u017cegali, w\u00a0internecie czy\u00a0gdziekolwiek indziej&#8221; \u2013\u00a0napisa\u0142. &#8222;Oczywiste jest, \u017ce\u00a0wczoraj wieczorem ludzie byli atakowani ze\u00a0wzgl\u0119du na\u00a0swoje pochodzenie i\u00a0nie b\u0119d\u0119 tego tolerowa\u0142. Osoby odpowiedzialne odczuj\u0105 pe\u0142n\u0105 moc prawa&#8221; \u2013\u00a0doda\u0142. &#13;\n<\/p>\n<p>&#13;<br \/>\nW Glasgow w\u00a0Szkocji setki os\u00f3b przemaszerowa\u0142y w\u00a0kierunku Royal Concert Hall. Pojawi\u0142y si\u0119 doniesienia, \u017ce\u00a0niekt\u00f3rzy protestuj\u0105cy atakowali kurier\u00f3w rowerowych, z\u00a0kt\u00f3rych wielu to\u00a0obcokrajowcy. Niekt\u00f3rzy z\u00a0demonstrant\u00f3w nie\u015bli transparenty z\u00a0napisami &#8222;Szkocja dla\u00a0Szkot\u00f3w&#8221;. Jednocze\u015bnie, jak donosi lifesitenews.com, co\u00a0najmniej jeden z\u00a0demonstrant\u00f3w ni\u00f3s\u0142 polsk\u0105 flag\u0119. &#13;\n<\/p>\n<p>&#13;<br \/>\nZ kolei w\u00a0Edynburgu, stolicy Szkocji, niewielka grupa m\u0119\u017cczyzn maszerowa\u0142a ulic\u0105 Princes Street w\u00a0centrum miasta, \u015bpiewaj\u0105c &#8222;Chcemy odzyska\u0107 nasz kraj&#8221;. W\u00a0Ayr, na\u00a0zachodnim wybrze\u017cu, setka os\u00f3b zebra\u0142a si\u0119 w\u00a0centrum miasta z\u00a0w\u0142asnor\u0119cznie wykonan\u0105 flag\u0105 z\u00a0napisem &#8222;Stop the\u00a0Boats&#8221;, nawi\u0105zuj\u0105c\u0105 do\u00a0nieuregulowanych przepis\u00f3w dotycz\u0105cych \u0142odzi przewo\u017c\u0105cych imigrant\u00f3w z\u00a0p\u00f3\u0142nocnej Francji na\u00a0po\u0142udniowe wybrze\u017ce Wielkiej Brytanii. &#13;\n<\/p>\n<p>&#13;<br \/>\nPierwszy minister Szkocji John Swinney pot\u0119pi\u0142 demonstracje. &#8222;Sceny, kt\u00f3re widzieli\u015bmy wczoraj wieczorem w\u00a0Glasgow, Edynburgu i\u00a0Ayr, s\u0105 niedopuszczalne&#8221; \u2013\u00a0napisa\u0142 na\u00a0X. &#8222;Szkocja to\u00a0kraj go\u015bcinny, a\u00a0ci, kt\u00f3rzy decyduj\u0105 si\u0119 tu zamieszka\u0107, s\u0105 cenionymi cz\u0142onkami naszych spo\u0142eczno\u015bci. Rasizm, nienawi\u015b\u0107 i\u00a0zastraszanie nie\u00a0maj\u0105 miejsca w\u00a0Szkocji. Musimy si\u0119 temu przeciwstawi\u0107&#8221; \u2013\u00a0podkre\u015bli\u0142. &#13;\n<\/p>\n<p>&#13;<br \/>\nProtesty zosta\u0142y wywo\u0142ane <a href=\"https:\/\/dorzeczy.pl\/swiat\/899011\/wielka-brytania-sudanczyk-z-belfastu-alodid-przed-sadem.html\" title=\"Sprawca ataku w\u00a0Belfa\u015bcie przed s\u0105dem. Potrzebny by\u0142 t\u0142umacz\" rel=\"nofollow noopener\" target=\"_blank\">pr\u00f3b\u0105 zab\u00f3jstwa Szkota mieszkaj\u0105cego w\u00a0Belfa\u015bcie<\/a>, Stephena Ogilviego, przez Hadiego Alodida, obywatela Sudanu. Do\u00a0zdarzenia dosz\u0142o w\u00a0poniedzia\u0142ek wieczorem. W\u00a0sieci pojawi\u0142o si\u0119 wideo przedstawiaj\u0105ce Ogilviego le\u017c\u0105cego na\u00a0ulicy i\u00a0obficie krwawi\u0105cego z\u00a0twarzy i\u00a0szyi, podczas gdy napastnik siedzia\u0142 na\u00a0nim okrakiem. &#13;\n<\/p>\n<p>&#13;<br \/>\nWe wtorek poinformowano, \u017ce\u00a0suda\u0144ski migrant podr\u00f3\u017cowa\u0142 z\u00a0Sudanu do\u00a0Francji, a\u00a0nast\u0119pnie do\u00a0Dublina, sk\u0105d dotar\u0142 do\u00a0Belfastu autobusem i\u00a0natychmiast z\u0142o\u017cy\u0142 wniosek o\u00a0status uchod\u017acy. Status zosta\u0142 mu przyznany i\u00a0otrzyma\u0142 pi\u0119cioletnie pozwolenie na\u00a0pobyt w\u00a0Wielkiej Brytanii. &#13;\n<\/p>\n<p>Apel o\u00a0spok\u00f3j <\/p>\n<p>&#13;<br \/>\nWed\u0142ug &#8222;Belfast Live&#8221; rodzina ofiary zaapelowa\u0142a o\u00a0spok\u00f3j. &#8222;Jeste\u015bmy \u015bwiadomi napi\u0119\u0107 i\u00a0protest\u00f3w po\u00a0tym incydencie. Chcemy jasno powiedzie\u0107, \u017ce\u00a0nocne zamieszki s\u0105 niemile widziane, a\u00a0pokojowe protesty to\u00a0jedyna droga naprz\u00f3d&#8221; \u2013\u00a0napisali. &#8222;Wielu migrant\u00f3w wnosi niezwykle cenny wk\u0142ad w\u00a0nasz kraj, w\u00a0tym w\u00a0system opieki zdrowotnej i\u00a0sektor hotelarsko-gastronomiczny, i\u00a0polegamy na\u00a0nich, aby\u00a0nasz kraj funkcjonowa\u0142. Nie\u00a0chcemy, aby\u00a0ta\u00a0straszna tragedia zosta\u0142a wykorzystana do\u00a0podzia\u0142\u00f3w lub\u00a0podsycania wrogo\u015bci&#8221; \u2013\u00a0przekazali. &#13;\n<\/p>\n<p>&#13;<br \/>\nNapi\u0119cia na\u00a0tle rasowym w\u00a0Wielkiej Brytanii narastaj\u0105 od\u00a0czasu ujawnienia w\u00a0zesz\u0142ym miesi\u0105cu informacji o\u00a0<a href=\"https:\/\/dorzeczy.pl\/opinie\/897070\/smierc-henryego-nowaka-mocny-wpis-wiceprezydenta-usa-jd-vancea.html\" title=\"Vance zabra\u0142 g\u0142os ws. \u015bmierci Nowaka. \u201eUmar\u0142 tak, jak umiera cywilizacja\u201d\" rel=\"nofollow noopener\" target=\"_blank\">morderstwie Henry&#8217;ego Nowaka<\/a>, angielskiego nastolatka o\u00a0polskim pochodzeniu, do\u00a0kt\u00f3rego dosz\u0142o w\u00a0grudniu 2025 roku. &#13;<\/p>\n","protected":false},"excerpt":{"rendered":"&#13; We wtorek wieczorem na\u00a0ulicach Belfastu dosz\u0142o do\u00a0zamieszek. Zamaskowane grupy wyra\u017ca\u0142y sw\u00f3j gniew z\u00a0powodu masowej migracji do\u00a0Wielkiej Brytanii&hellip;\n","protected":false},"author":2,"featured_media":485965,"comment_status":"","ping_status":"","sticky":false,"template":"","format":"standard","meta":{"footnotes":"","_share_on_mastodon":"0"},"categories":[14],"tags":[32,33,98,27,34,35,28,31,25,103,40,41,1622,29389,80,16843,29,30,26,106,82,83,84],"class_list":["post-485964","post","type-post","status-publish","format-standard","has-post-thumbnail","category-swiat","tag-breaking-news","tag-breakingnews","tag-dorzeczy","tag-headlines","tag-latest-news","tag-latestnews","tag-naglowki","tag-najwazniejsze-artykuly","tag-news","tag-obserwator-mediow","tag-polish","tag-polski","tag-protesty","tag-starmer","tag-swiat","tag-szkocja","tag-top-stories","tag-topstories","tag-wiadomosci","tag-wielka-brytania","tag-world","tag-world-news","tag-worldnews"],"share_on_mastodon":{"url":"https:\/\/pubeurope.com\/@pl\/116727074497622461","error":""},"_links":{"self":[{"href":"https:\/\/www.europesays.com\/pl\/wp-json\/wp\/v2\/posts\/485964","targetHints":{"allow":["GET"]}}],"collection":[{"href":"https:\/\/www.europesays.com\/pl\/wp-json\/wp\/v2\/posts"}],"about":[{"href":"https:\/\/www.europesays.com\/pl\/wp-json\/wp\/v2\/types\/post"}],"author":[{"embeddable":true,"href":"https:\/\/www.europesays.com\/pl\/wp-json\/wp\/v2\/users\/2"}],"replies":[{"embeddable":true,"href":"https:\/\/www.europesays.com\/pl\/wp-json\/wp\/v2\/comments?post=485964"}],"version-history":[{"count":0,"href":"https:\/\/www.europesays.com\/pl\/wp-json\/wp\/v2\/posts\/485964\/revisions"}],"wp:featuredmedia":[{"embeddable":true,"href":"https:\/\/www.europesays.com\/pl\/wp-json\/wp\/v2\/media\/485965"}],"wp:attachment":[{"href":"https:\/\/www.europesays.com\/pl\/wp-json\/wp\/v2\/media?parent=485964"}],"wp:term":[{"taxonomy":"category","embeddable":true,"href":"https:\/\/www.europesays.com\/pl\/wp-json\/wp\/v2\/categories?post=485964"},{"taxonomy":"post_tag","embeddable":true,"href":"https:\/\/www.europesays.com\/pl\/wp-json\/wp\/v2\/tags?post=485964"}],"curies":[{"name":"wp","href":"https:\/\/api.w.org\/{rel}","templated":true}]}}