{"id":486013,"date":"2026-06-10T18:19:08","date_gmt":"2026-06-10T18:19:08","guid":{"rendered":"https:\/\/www.europesays.com\/pl\/486013\/"},"modified":"2026-06-10T18:19:08","modified_gmt":"2026-06-10T18:19:08","slug":"to-nie-zart-oto-kogo-do-sejmu-zaprosil-lukasz-mejza-upadek","status":"publish","type":"post","link":"https:\/\/www.europesays.com\/pl\/486013\/","title":{"rendered":"To nie \u017cart. Oto kogo do Sejmu zaprosi\u0142 \u0141ukasz Mejza. &#8222;Upadek&#8221;"},"content":{"rendered":"<p>Zwierzy\u0144ski to jedna z najbardziej kontrowersyjnych postaci patostreamingu w naszym kraju. Popularno\u015b\u0107 zdoby\u0142 podczas transmisji, na kt\u00f3rych pokazywano libacje, awantury i przemoc w jego rodzinnym domu. Sta\u0142ym elementem tych transmisji by\u0142a r\u00f3wnie\u017c jego matka, znana w sieci jako &#8222;Goha&#8221;. O &#8222;Magicalu&#8221; g\u0142o\u015bno by\u0142o tak\u017ce przy okazji interwencji dotycz\u0105cej psa. Zaniedbanego czworonoga odebra\u0142a mu organizacja zajmuj\u0105ca si\u0119 ochron\u0105 zwierz\u0105t.<\/p>\n<p> Dalszy ci\u0105g artyku\u0142u pod materia\u0142em wideo <\/p>\n<p>Z czasem dzia\u0142alno\u015b\u0107 Zwierzy\u0144skiego zacz\u0119\u0142y ogranicza\u0107 nie tylko platformy internetowe, ale te\u017c wymiar sprawiedliwo\u015bci. &#8222;Magical&#8221; by\u0142 prawomocnie skazany m.in. za pobicie i publiczne pochwalanie zab\u00f3jstwa by\u0142ego prezydenta Gda\u0144ska Paw\u0142a Adamowicza.<\/p>\n<p>W 2021 r. toru\u0144ski s\u0105d orzek\u0142 wobec niego kar\u0119 roku wi\u0119zienia. Jego kana\u0142 natomiast usuni\u0119to z YouTube\u2019a, a patostreamer mia\u0142 zakaz publikowania nagra\u0144 w sieci. Mimo to patostreamer nadal pr\u00f3buje funkcjonowa\u0107 w sieci.<\/p>\n<p>     Daniel &#8222;Magical&#8221; Zwierzy\u0144ski w Sejmie. Zaprosi\u0142 go \u0141ukasz Mejza<\/p>\n<p>Z tym zreszt\u0105 zwi\u0105zana by\u0142a jego wizyta w Sejmie. Zwierzy\u0144ski nie zgadza si\u0119 z blokowaniem kolejnych kont w mediach spo\u0142eczno\u015bciowych. Na nagraniach, kt\u00f3re pojawi\u0142y si\u0119 w sieci, wprost uderza w Roberta Biedronia, kt\u00f3ry regularnie zg\u0142asza profile zak\u0142adane przez Magicala oraz jego partnerk\u0119. \u2014 \u017by\u0107 nie mog\u0119? \u2014 krzycza\u0142 do dziennikarzy.<\/p>\n<p>Wizyta Zwierzy\u0144skiego w Sejmie nie jest przypadkowa. We wtorek Biedro\u0144 przekaza\u0142 bowiem, \u017ce ministerstwo cyfryzacji og\u0142osi\u0142o projekty dw\u00f3ch nowych ustaw wymierzonych w patostreaming i cyberprzemoc w sieci.<\/p>\n<p>&#8222;Mejza paraduje po Sejmie z Danielem Magicalem. Patologia w Sejmie. Upadek&#8221; \u2014 napisa\u0142a pos\u0142anka Alicja \u0141epkowska-Go\u0142a\u015b z Koalicji Obywatelskiej. &#8222;Straszne. Mejza sprowadzi\u0142 do Sejmu patostreamera&#8221; \u2014 dodaje ministra edukacji, Barbara Nowacka.<\/p>\n<p>Mejza od lat nale\u017cy do najbardziej kontrowersyjnych postaci w polskiej polityce. Najwi\u0119ksze oburzenie wywo\u0142a\u0142a sprawa wsp\u00f3\u0142tworzonej przez niego firmy, kt\u00f3ra mia\u0142a oferowa\u0107 kosztowne terapie osobom ci\u0119\u017cko chorym, w tym dzieciom. To jednak niejedyna afera zwi\u0105zana z by\u0142ym wiceministrem sportu. W ostatnich miesi\u0105cach g\u0142o\u015bno by\u0142o tak\u017ce o jego mandatach i punktach karnych oraz odej\u015bciu z Prawa i Sprawiedliwo\u015bci.<\/p>\n<p>T\u0142em najnowszego zamieszania s\u0105 r\u00f3wnie\u017c jego plany zwi\u0105zane z freak fightami. Wed\u0142ug medialnych doniesie\u0144 Mejza rozwa\u017ca udzia\u0142 w tego typu rywalizacji. To w\u0142a\u015bnie z tym \u015bwiatem dobrze kojarzony jest Daniel &#8222;Magical&#8221; Zwierzy\u0144ski.<\/p>\n","protected":false},"excerpt":{"rendered":"Zwierzy\u0144ski to jedna z najbardziej kontrowersyjnych postaci patostreamingu w naszym kraju. Popularno\u015b\u0107 zdoby\u0142 podczas transmisji, na kt\u00f3rych pokazywano&hellip;\n","protected":false},"author":2,"featured_media":486014,"comment_status":"","ping_status":"","sticky":false,"template":"","format":"standard","meta":{"footnotes":"","_share_on_mastodon":"0"},"categories":[5],"tags":[61195,32,33,28928,36,37,4330,27,4328,34,35,4331,28,31,48,25,46,42,38,40,39,41,12773,47,29,30,26,130],"class_list":["post-486013","post","type-post","status-publish","format-standard","has-post-thumbnail","category-naglowki","tag-bottomfeed_styl","tag-breaking-news","tag-breakingnews","tag-esportmania","tag-featured-news","tag-featurednews","tag-freak_fight","tag-headlines","tag-influencerzy","tag-latest-news","tag-latestnews","tag-lukasz_mejza","tag-naglowki","tag-najwazniejsze-artykuly","tag-nat_styl","tag-news","tag-omp","tag-pl","tag-poland","tag-polish","tag-polska","tag-polski","tag-robert_biedron","tag-screening_general","tag-top-stories","tag-topstories","tag-wiadomosci","tag-wiadomosci_sportowe"],"share_on_mastodon":{"url":"","error":""},"_links":{"self":[{"href":"https:\/\/www.europesays.com\/pl\/wp-json\/wp\/v2\/posts\/486013","targetHints":{"allow":["GET"]}}],"collection":[{"href":"https:\/\/www.europesays.com\/pl\/wp-json\/wp\/v2\/posts"}],"about":[{"href":"https:\/\/www.europesays.com\/pl\/wp-json\/wp\/v2\/types\/post"}],"author":[{"embeddable":true,"href":"https:\/\/www.europesays.com\/pl\/wp-json\/wp\/v2\/users\/2"}],"replies":[{"embeddable":true,"href":"https:\/\/www.europesays.com\/pl\/wp-json\/wp\/v2\/comments?post=486013"}],"version-history":[{"count":0,"href":"https:\/\/www.europesays.com\/pl\/wp-json\/wp\/v2\/posts\/486013\/revisions"}],"wp:featuredmedia":[{"embeddable":true,"href":"https:\/\/www.europesays.com\/pl\/wp-json\/wp\/v2\/media\/486014"}],"wp:attachment":[{"href":"https:\/\/www.europesays.com\/pl\/wp-json\/wp\/v2\/media?parent=486013"}],"wp:term":[{"taxonomy":"category","embeddable":true,"href":"https:\/\/www.europesays.com\/pl\/wp-json\/wp\/v2\/categories?post=486013"},{"taxonomy":"post_tag","embeddable":true,"href":"https:\/\/www.europesays.com\/pl\/wp-json\/wp\/v2\/tags?post=486013"}],"curies":[{"name":"wp","href":"https:\/\/api.w.org\/{rel}","templated":true}]}}