{"id":486384,"date":"2026-06-10T22:14:17","date_gmt":"2026-06-10T22:14:17","guid":{"rendered":"https:\/\/www.europesays.com\/pl\/486384\/"},"modified":"2026-06-10T22:14:17","modified_gmt":"2026-06-10T22:14:17","slug":"biedronka-przecenila-produkty-az-o-70-procent-wyprzedaz-sciagnela-tlumy-mieszkancow","status":"publish","type":"post","link":"https:\/\/www.europesays.com\/pl\/486384\/","title":{"rendered":"Biedronka przeceni\u0142a produkty a\u017c o 70 procent. Wyprzeda\u017c \u015bci\u0105gn\u0119\u0142a t\u0142umy mieszka\u0144c\u00f3w"},"content":{"rendered":"<p>Mieszka\u0144cy Lublina ch\u0119tnie skorzystali z wyj\u0105tkowej okazji zakupowej, kt\u00f3ra pojawi\u0142a si\u0119 przy sklepie Biedronka przy ul. Krzemionki. Na parkingu przed marketem ustawiono specjaln\u0105 naczep\u0119 ci\u0119\u017car\u00f3wki, w kt\u00f3rej przygotowano wyprzeda\u017c artyku\u0142\u00f3w przemys\u0142owych. Ceny wielu produkt\u00f3w zosta\u0142y obni\u017cone a\u017c o 70 procent, co szybko przyci\u0105gn\u0119\u0142o t\u0142umy klient\u00f3w.<\/p>\n<p>Ju\u017c od pierwszych godzin otwarcia przed naczep\u0105 mo\u017cna by\u0142o zauwa\u017cy\u0107 spory ruch. Mieszka\u0144cy przegl\u0105dali dost\u0119pny asortyment, szukaj\u0105c okazji i przecenionych produkt\u00f3w do domu. W sprzeda\u017cy znalaz\u0142y si\u0119 mi\u0119dzy innymi artyku\u0142y gospodarstwa domowego, akcesoria kuchenne, dekoracje, narz\u0119dzia, zabawki oraz wiele innych produkt\u00f3w przemys\u0142owych.<\/p>\n<p>Ogromne zainteresowanie sprawi\u0142o, \u017ce pracownicy sklepu mieli pe\u0142ne r\u0119ce roboty. Klienci dok\u0142adnie przegl\u0105dali wystawiony towar, przez co pude\u0142ka b\u0142yskawicznie si\u0119 opr\u00f3\u017cnia\u0142y lub wymaga\u0142y ponownego uporz\u0105dkowania. Obs\u0142uga nie nad\u0105\u017ca\u0142a z uk\u0142adaniem rozgrzebanego przez kupuj\u0105cych asortymentu. Dlatego zacz\u0119to go rozk\u0142ada\u0107 nawet przed naczep\u0105.<\/p>\n<p>\u2013 Takich t\u0142um\u00f3w dawno tutaj nie by\u0142o. Ludzie wychodzili z pe\u0142nymi koszykami i torbami. Wielu klient\u00f3w wraca\u0142o po kolejne produkty, gdy tylko zobaczyli skal\u0119 przecen \u2013 relacjonowali mieszka\u0144cy odwiedzaj\u0105cy wyprzeda\u017c.<\/p>\n<p>Jak si\u0119 okazuje, tego typu akcje nie s\u0105 jednorazowym wydarzeniem. Mobilne wyprzeda\u017ce organizowane przez sie\u0107 odbywaj\u0105 si\u0119 cyklicznie w r\u00f3\u017cnych miejscach kraju. Specjalna naczepa pojawia si\u0119 przy wybranych sklepach, oferuj\u0105c ko\u0144c\u00f3wki serii, nadwy\u017cki magazynowe oraz produkty wycofywane z regularnej sprzeda\u017cy. Dzi\u0119ki temu klienci mog\u0105 kupi\u0107 wiele artyku\u0142\u00f3w w znacznie ni\u017cszych cenach ni\u017c na co dzie\u0144.<\/p>\n<p>W przypadku sklepu przy ul. Krzemionki zainteresowanie mieszka\u0144c\u00f3w przesz\u0142o naj\u015bmielsze oczekiwania. Wiele produkt\u00f3w znika\u0142o niemal natychmiast po ich uzupe\u0142nieniu. Klienci podkre\u015blali, \u017ce przy obecnych cenach nawet niewielkie oszcz\u0119dno\u015bci maj\u0105 znaczenie, a mo\u017cliwo\u015b\u0107 zakupu towar\u00f3w przecenionych o 70 procent jest okazj\u0105, kt\u00f3rej trudno si\u0119 oprze\u0107. Akcja potrwa do najbli\u017cszego wtorku.<\/p>\n<p><img aria-describedby=\"caption-attachment-513557\" loading=\"lazy\" decoding=\"async\" class=\"wp-image-513557 size-medium\" src=\"https:\/\/www.europesays.com\/pl\/wp-content\/uploads\/2026\/06\/142m74-640x414.jpg\" alt=\"Biedronka przeceni\u0142a produkty a\u017c o 70 procent. Wyprzeda\u017c \u015bci\u0105gn\u0119\u0142a t\u0142umy mieszka\u0144c\u00f3w\" width=\"500\" height=\"323\"  \/><\/p>\n<p id=\"caption-attachment-513557\" class=\"wp-caption-text\">fot. lublin112.pl<\/p>\n<p><img aria-describedby=\"caption-attachment-513558\" loading=\"lazy\" decoding=\"async\" class=\"wp-image-513558 size-medium\" src=\"https:\/\/www.europesays.com\/pl\/wp-content\/uploads\/2026\/06\/142m73-640x480.jpg\" alt=\"Biedronka przeceni\u0142a produkty a\u017c o 70 procent. Wyprzeda\u017c \u015bci\u0105gn\u0119\u0142a t\u0142umy mieszka\u0144c\u00f3w\" width=\"500\" height=\"375\"  \/><\/p>\n<p id=\"caption-attachment-513558\" class=\"wp-caption-text\">fot. lublin112.pl<\/p>\n<p><img aria-describedby=\"caption-attachment-513559\" loading=\"lazy\" decoding=\"async\" class=\"wp-image-513559 size-medium\" src=\"https:\/\/www.europesays.com\/pl\/wp-content\/uploads\/2026\/06\/142m71-640x480.jpg\" alt=\"Biedronka przeceni\u0142a produkty a\u017c o 70 procent. Wyprzeda\u017c \u015bci\u0105gn\u0119\u0142a t\u0142umy mieszka\u0144c\u00f3w\" width=\"500\" height=\"375\"  \/><\/p>\n<p id=\"caption-attachment-513559\" class=\"wp-caption-text\">fot. lublin112.pl<\/p>\n","protected":false},"excerpt":{"rendered":"Mieszka\u0144cy Lublina ch\u0119tnie skorzystali z wyj\u0105tkowej okazji zakupowej, kt\u00f3ra pojawi\u0142a si\u0119 przy sklepie Biedronka przy ul. Krzemionki. Na&hellip;\n","protected":false},"author":2,"featured_media":486385,"comment_status":"","ping_status":"","sticky":false,"template":"","format":"standard","meta":{"footnotes":"","_share_on_mastodon":"0"},"categories":[51612],"tags":[1528,93265,1081,42,38,40,39,41,3772],"class_list":["post-486384","post","type-post","status-publish","format-standard","has-post-thumbnail","category-lublin","tag-biedronka","tag-krzemionki","tag-lublin","tag-pl","tag-poland","tag-polish","tag-polska","tag-polski","tag-wyprzedaz"],"share_on_mastodon":{"url":"https:\/\/pubeurope.com\/@pl\/116728120925114369","error":""},"_links":{"self":[{"href":"https:\/\/www.europesays.com\/pl\/wp-json\/wp\/v2\/posts\/486384","targetHints":{"allow":["GET"]}}],"collection":[{"href":"https:\/\/www.europesays.com\/pl\/wp-json\/wp\/v2\/posts"}],"about":[{"href":"https:\/\/www.europesays.com\/pl\/wp-json\/wp\/v2\/types\/post"}],"author":[{"embeddable":true,"href":"https:\/\/www.europesays.com\/pl\/wp-json\/wp\/v2\/users\/2"}],"replies":[{"embeddable":true,"href":"https:\/\/www.europesays.com\/pl\/wp-json\/wp\/v2\/comments?post=486384"}],"version-history":[{"count":0,"href":"https:\/\/www.europesays.com\/pl\/wp-json\/wp\/v2\/posts\/486384\/revisions"}],"wp:featuredmedia":[{"embeddable":true,"href":"https:\/\/www.europesays.com\/pl\/wp-json\/wp\/v2\/media\/486385"}],"wp:attachment":[{"href":"https:\/\/www.europesays.com\/pl\/wp-json\/wp\/v2\/media?parent=486384"}],"wp:term":[{"taxonomy":"category","embeddable":true,"href":"https:\/\/www.europesays.com\/pl\/wp-json\/wp\/v2\/categories?post=486384"},{"taxonomy":"post_tag","embeddable":true,"href":"https:\/\/www.europesays.com\/pl\/wp-json\/wp\/v2\/tags?post=486384"}],"curies":[{"name":"wp","href":"https:\/\/api.w.org\/{rel}","templated":true}]}}