{"id":486436,"date":"2026-06-10T22:51:11","date_gmt":"2026-06-10T22:51:11","guid":{"rendered":"https:\/\/www.europesays.com\/pl\/486436\/"},"modified":"2026-06-10T22:51:11","modified_gmt":"2026-06-10T22:51:11","slug":"w-bundestagu-debata-o-relacjach-z-polska-widzimy-cos-imponujacego","status":"publish","type":"post","link":"https:\/\/www.europesays.com\/pl\/486436\/","title":{"rendered":"W Bundestagu debata o relacjach z Polsk\u0105. &#8222;Widzimy co\u015b imponuj\u0105cego&#8221;"},"content":{"rendered":"\n<p class=\"ods-o-frame-in-text__paragraph\">W skr\u00f3cie:<\/p>\n<p>  Pe\u0142nomocnik rz\u0105du Niemiec ds. wsp\u00f3\u0142pracy z Polsk\u0105, Knut Abraham z CDU stwierdzi\u0142, \u017ce &#8222;czas traktowania Polski jako m\u0142odszego partnera w naszych relacjach dobieg\u0142 ko\u0144ca&#8221;  Pos\u0142owie r\u00f3\u017cnych ugrupowa\u0144 postulowali m.in. rozbudow\u0119 transgranicznych po\u0142\u0105cze\u0144 kolejowych i utworzenie polsko-niemieckiego zgromadzenia parlamentarnego, a tak\u017ce funduszu dla \u017cyj\u0105cych polskich ofiar niemieckich zbrodni  Alexander Wolf z AfD wyrazi\u0142 &#8222;zdecydowane&#8221; poparcie dla umowy o polsko-niemieckiej wsp\u00f3\u0142pracy wojskowej, kt\u00f3ra ma zosta\u0107 podpisana 17 czerwca  Jego partyjny kolega Goetz Froemming stwierdzi\u0142 z kolei, \u017ce relacje z Polsk\u0105 &#8222;nigdy nie by\u0142y tak z\u0142e&#8221;, a &#8222;od\u015bwi\u0119tne przem\u00f3wienia ju\u017c nie wystarcz\u0105&#8221;      Knut Abraham z CDU: widzimy co\u015b imponuj\u0105cego<\/p>\n<p>Reprezentuj\u0105cy CDU Knut Abraham, pe\u0142nomocnik rz\u0105du Niemiec ds. wsp\u00f3\u0142pracy z Polsk\u0105, m\u00f3wi\u0142 w trakcie debaty, \u017ce 35 lat po podpisaniu niemiecko-polskiego traktatu o dobrym s\u0105siedztwie, patrz\u0105c na Polsk\u0119 &#8222;widzimy co\u015b imponuj\u0105cego&#8221;. Jak podkre\u015bli\u0142, Polska jest pi\u0105tym najwi\u0119kszym partnerem gospodarczym Niemiec, przed m.in. Wielk\u0105 Brytani\u0105.<\/p>\n<p>\u2014 To nowoczesny, dobrze zorganizowany, pewny siebie i silny kraj. \u015awiadomy swojej historii i historii Europy, mocno zakorzeniony w Unii Europejskiej, a zarazem zdecydowanie transatlantycki \u2014 stwierdzi\u0142.<\/p>\n<p>Abraham uzna\u0142: &#8222;Czas traktowania Polski jako m\u0142odszego partnera w naszych relacjach dobieg\u0142 ko\u0144ca&#8221;.<\/p>\n<p>Polityk CDU zaapelowa\u0142 przy tym o rozbudow\u0119 transgranicznych po\u0142\u0105cze\u0144 kolejowych.<\/p>\n<p>Alexander Wolf z AfD: Polska szuka z nami rozmowyAlexander Wolf z prawicowo-populistycznej Alternatywy dla Niemiec (AfD) podkre\u015bli\u0142, \u017ce jego partia w pa\u017adzierniku 2025 r. zorganizowa\u0142a <a href=\"https:\/\/www.onet.pl\/informacje\/deutsche-welle\/doradca-prezydenta-na-debacie-afd-dom-polsko-niemiecki-to-dobry-pomysl\/kbzldj9,0666d3f1\" id=\"645bdab8-b50a-4c08-aafd-39c5e450e647\" rel=\"nofollow noopener\" target=\"_blank\">spotkanie z profesorem Andrzejem Nowakiem, historykiem i doradc\u0105 prezydenta RP Karola Nawrockiego.<\/a>     <\/p>\n<p>\u2014 Ta wizyta pokaza\u0142a, \u017ce Polska traktuje niemieck\u0105 prawic\u0119 parlamentarn\u0105 powa\u017cnie i szuka z nami rozmowy. W Polsce bowiem, inaczej ni\u017c u nas, nie ma niedemokratycznych kordon\u00f3w sanitarnych \u2014 powiedzia\u0142 Wolf.<\/p>\n<p>Odnotowuj\u0105c, \u017ce 17 czerwca Polska i Niemcy maj\u0105 zawrze\u0107 umow\u0119 o wsp\u00f3\u0142pracy wojskowej, Wolf zaznaczy\u0142, \u017ce AfD &#8222;zdecydowanie popiera ten zamiar&#8221;. Jak odnotowa\u0142, Polska &#8222;dysponuje obecnie prawdopodobnie najwi\u0119ksz\u0105 armi\u0105 spo\u015br\u00f3d wszystkich pa\u0144stw UE&#8221;, jej si\u0142y powietrzne &#8222;od niedawna maj\u0105 nowoczesne my\u015bliwce F-35&#8221;, a kraj &#8222;uchodzi w Waszyngtonie za najbardziej wiarygodnego partnera po drugiej stronie Atlantyku&#8221;.<\/p>\n<p>Wolf zauwa\u017cy\u0142, \u017ce Polska jest &#8222;jedn\u0105 z niewielu gospodarek w UE, kt\u00f3re nie znajduj\u0105 si\u0119 w stagnacji&#8221;. Rozw\u00f3j ten \u2014 w jego ocenie \u2014 opiera si\u0119 tak\u017ce na &#8222;rozs\u0105dnej polityce migracyjnej nakierowanej na w\u0142asne interesy&#8221;.<\/p>\n<p>\u2014 Najwi\u0119kszym zagro\u017ceniem dla stosunk\u00f3w niemiecko-polskich nie s\u0105 dzi\u015b rewan\u017cyzm i rewizjonizm, lecz niemieccy mistrzowie \u015bwiata w moralizowaniu, kt\u00f3rzy niestety podsycaj\u0105 w Niemczech nastroje antypolskie, a w Polsce \u2014 antyniemieckie \u2014 zauwa\u017cy\u0142 Wolf.<\/p>\n<p> Dalszy ci\u0105g artyku\u0142u pod materia\u0142em wideo Johannes Schraps z SPD: niezb\u0119dny partner<\/p>\n<p>Johannes Schraps z SPD podkre\u015bli\u0142, \u017ce &#8222;rosyjska wojna napastnicza przeciwko Ukrainie pokazuje wyra\u017anie, \u017ce nasze kraje s\u0105 dla siebie nawzajem i dla Europy niezb\u0119dnymi partnerami&#8221;.<\/p>\n<p>Przekaza\u0142, \u017ce z &#8222;du\u017cym niepokojem patrzy na utrzymuj\u0105ce si\u0119 kontrole graniczne&#8221;, kt\u00f3re nie mog\u0105 &#8222;sta\u0107 si\u0119 normalno\u015bci\u0105&#8221;.<\/p>\n<p>     Katrin Goering-Eckardt z Zielonych: powinni\u015bmy utworzy\u0107 fundusz na opiek\u0119 zdrowotn\u0105 dla polskich ofiar niemieckich zbrodni<\/p>\n<p>Katrin Goering-Eckardt z Zielonych zaapelowa\u0142a, by z berli\u0144skiego Centrum Dokumentacji &#8222;Ucieczka, Wyp\u0119dzenie, Pojednanie&#8221;, &#8222;nie stworzy\u0107 instytucji, kt\u00f3rej uwaga skupi\u0142aby si\u0119 wy\u0142\u0105cznie na historii Niemc\u00f3w i wyp\u0119dzonych&#8221;.<\/p>\n<p>W kontek\u015bcie rozm\u00f3w mi\u0119dzy przyw\u00f3dcami Niemiec, Francji i Wielkiej Brytanii dotycz\u0105cych wojny w Ukrainie zaznaczy\u0142a, \u017ce zawstydza j\u0105 to, \u017ce polski premier musi &#8222;publicznie wskazywa\u0107 na fakt, \u017ce nie jest w\u0142\u0105czany w rozmowy o bezpiecze\u0144stwie Europy&#8221;.<\/p>\n<p>\u2014 I wreszcie, powinni\u015bmy utworzy\u0107 fundusz na opiek\u0119 zdrowotn\u0105 dla pozostaj\u0105cych przy \u017cyciu polskich ofiar niemieckich zbrodni z czas\u00f3w II wojny \u015bwiatowej \u2014 zaapelowa\u0142a.<\/p>\n<p>     Janina Boettger z Lewicy: utw\u00f3rzmy wsp\u00f3lne polsko-niemieckie zgromadzenie parlamentarne<\/p>\n<p>Janina Boettger z Lewicy oceni\u0142a, \u017ce niemieckie spojrzenie na Polsk\u0119 &#8222;przez d\u0142ugi czas cechowa\u0142 brak zainteresowania&#8221;, a &#8222;przewaga gospodarcza przeradza\u0142a si\u0119 w kulturow\u0105 arogancj\u0119&#8221;.<\/p>\n<p>Paul Ziemniak z CDU zaproponowa\u0142 utworzenie wsp\u00f3lnego polsko-niemieckiego zgromadzenia parlamentarnego. Inicjatyw\u0119 t\u0119 popar\u0142a Maja Wallstein z SPD, absolwentka Uniwersytetu Jagiello\u0144skiego.<\/p>\n<p>Goetz Froemming z AfD: relacje mi\u0119dzy Niemcami a Polakami (&#8230;) dawno nie by\u0142y tak z\u0142e<\/p>\n<p>W nieco innym tonie utrzymane by\u0142o wyst\u0105pienie Goetza Froemming z AfD. \u2014 Niestety dzi\u015b nie powiedziano tego szczerze, ale relacje mi\u0119dzy Niemcami a Polakami (&#8230;) dawno nie by\u0142y tak z\u0142e \u2014 o\u015bwiadczy\u0142, dodaj\u0105c, \u017ce &#8222;od\u015bwi\u0119tne przem\u00f3wienia ju\u017c nie wystarcz\u0105&#8221;.<\/p>\n<p>\u2014 Polska musi wreszcie by\u0107 s\u0105siadem traktowanym jak r\u00f3wny partner. Pokazuje to zar\u00f3wno swoj\u0105 si\u0142\u0105 militarn\u0105, jak i gospodarcz\u0105 \u2014 stwierdzi\u0142. Jak zadeklarowa\u0142, AfD jest &#8222;gotowe wsp\u00f3\u0142pracowa\u0107 z Polsk\u0105 niezale\u017cnie od tego, kto w niej rz\u0105dzi&#8221;.<\/p>\n<p>Polska i Niemcy podpisz\u0105 umow\u0119 o wsp\u00f3\u0142pracy wojskowej<\/p>\n<p>17 czerwca w siedzibie niemieckiego ministerstwa spraw zagranicznych w Berlinie odb\u0119dzie si\u0119 Forum Polsko-Niemieckie z udzia\u0142em szef\u00f3w dyplomacji obu kraj\u00f3w, Rados\u0142awa Sikorskiego i Johanna Wadephula. Tego samego dna ministrowie obrony W\u0142adys\u0142aw Kosiniak-Kamysz i Boris Pistorius maj\u0105 podpisa\u0107 dwustronn\u0105 umow\u0119 o wsp\u00f3\u0142pracy wojskowej. Ponadto Niemcy, w zwi\u0105zku 35. rocznic\u0105 podpisania Traktatu o dobrym s\u0105siedztwie, maj\u0105 zwr\u00f3ci\u0107 Polsce m.in. zrabowany w trakcie II wojny \u015bwiatowej pier\u015bcie\u0144 Jagiellon\u00f3w.<\/p>\n","protected":false},"excerpt":{"rendered":"W skr\u00f3cie: Pe\u0142nomocnik rz\u0105du Niemiec ds. wsp\u00f3\u0142pracy z Polsk\u0105, Knut Abraham z CDU stwierdzi\u0142, \u017ce &#8222;czas traktowania Polski&hellip;\n","protected":false},"author":2,"featured_media":486437,"comment_status":"","ping_status":"","sticky":false,"template":"","format":"standard","meta":{"footnotes":"","_share_on_mastodon":"0"},"categories":[12],"tags":[854,61195,27395,3655,48,295,46,42,38,40,39,41,47,80],"class_list":["post-486436","post","type-post","status-publish","format-standard","has-post-thumbnail","category-polska","tag-afd","tag-bottomfeed_styl","tag-bundestag","tag-cdu","tag-nat_styl","tag-niemcy","tag-omp","tag-pl","tag-poland","tag-polish","tag-polska","tag-polski","tag-screening_general","tag-swiat"],"share_on_mastodon":{"url":"https:\/\/pubeurope.com\/@pl\/116728265748908174","error":""},"_links":{"self":[{"href":"https:\/\/www.europesays.com\/pl\/wp-json\/wp\/v2\/posts\/486436","targetHints":{"allow":["GET"]}}],"collection":[{"href":"https:\/\/www.europesays.com\/pl\/wp-json\/wp\/v2\/posts"}],"about":[{"href":"https:\/\/www.europesays.com\/pl\/wp-json\/wp\/v2\/types\/post"}],"author":[{"embeddable":true,"href":"https:\/\/www.europesays.com\/pl\/wp-json\/wp\/v2\/users\/2"}],"replies":[{"embeddable":true,"href":"https:\/\/www.europesays.com\/pl\/wp-json\/wp\/v2\/comments?post=486436"}],"version-history":[{"count":0,"href":"https:\/\/www.europesays.com\/pl\/wp-json\/wp\/v2\/posts\/486436\/revisions"}],"wp:featuredmedia":[{"embeddable":true,"href":"https:\/\/www.europesays.com\/pl\/wp-json\/wp\/v2\/media\/486437"}],"wp:attachment":[{"href":"https:\/\/www.europesays.com\/pl\/wp-json\/wp\/v2\/media?parent=486436"}],"wp:term":[{"taxonomy":"category","embeddable":true,"href":"https:\/\/www.europesays.com\/pl\/wp-json\/wp\/v2\/categories?post=486436"},{"taxonomy":"post_tag","embeddable":true,"href":"https:\/\/www.europesays.com\/pl\/wp-json\/wp\/v2\/tags?post=486436"}],"curies":[{"name":"wp","href":"https:\/\/api.w.org\/{rel}","templated":true}]}}