{"id":486563,"date":"2026-06-11T00:25:12","date_gmt":"2026-06-11T00:25:12","guid":{"rendered":"https:\/\/www.europesays.com\/pl\/486563\/"},"modified":"2026-06-11T00:25:12","modified_gmt":"2026-06-11T00:25:12","slug":"celebryci-przybyli-na-wernisaz-michala-zaborowskiego-anna-kalczynska-zagrala-noga","status":"publish","type":"post","link":"https:\/\/www.europesays.com\/pl\/486563\/","title":{"rendered":"Celebryci przybyli na wernisa\u017c Micha\u0142a Zaborowskiego. Anna Kalczy\u0144ska zagra\u0142a nog\u0105"},"content":{"rendered":"<p>W\u015br\u00f3d go\u015bci wydarzenia pojawi\u0142a si\u0119 <a href=\"https:\/\/plejada.pl\/temat\/barbara-kurdej-szatan-aktorka\/eqk05m2\" id=\"a677a8b9-4c6e-447e-a8cc-5dab52c53a1d\" rel=\"nofollow noopener\" target=\"_blank\">Barbara Kurdej-Szatan<\/a> z m\u0119\u017cem Rafa\u0142em Szatanem, a tak\u017ce <a href=\"https:\/\/plejada.pl\/temat\/kamila-urzedowska\/c28npeb\" id=\"74ec9795-3850-42a8-88bb-3a154c117bdf\" rel=\"nofollow noopener\" target=\"_blank\">Kamila Urz\u0119dowska<\/a>, kt\u00f3ra postawi\u0142a na klasyczny szary garnitur zestawiony z czarn\u0105 koszul\u0105. Na salonach nie mog\u0142o zabrakn\u0105\u0107 <a href=\"https:\/\/plejada.pl\/temat\/beata-scibakowna\/evv95ey\" id=\"74e2a902-654a-4f23-811d-5bab54f83674\" rel=\"nofollow noopener\" target=\"_blank\">Beaty \u015acibak\u00f3wny<\/a> \u2014 aktorki, znanej z zami\u0142owania do elegancji, kt\u00f3ra tym razem prze\u0142ama\u0142a konwenanse, \u0142\u0105cz\u0105c czarn\u0105, satynow\u0105 sukienk\u0119 ze sportowymi butami i d\u0142ugimi skarpetkami, dodaj\u0105c stylizacji m\u0142odzie\u017cowego luzu.Wernisa\u017c by\u0142 r\u00f3wnie\u017c okazj\u0105 do zaprezentowania si\u0119 <a href=\"https:\/\/plejada.pl\/temat\/anna-kalczynska\/hbm0ebp\" id=\"7f7b6db1-037a-4711-857e-c103083cd913\" rel=\"nofollow noopener\" target=\"_blank\">Anny Kalczy\u0144skiej,<\/a> kt\u00f3ra najpierw ukrywa\u0142a swoj\u0105 stylizacj\u0119 pod be\u017cowym trenczem, by nast\u0119pnie ods\u0142oni\u0107 krwistoczerwony zestaw z\u0142o\u017cony z lu\u017anej marynarki i sp\u00f3dnicy z rozci\u0119ciem. W\u015br\u00f3d obecnych znalaz\u0142y si\u0119 tak\u017ce Katarzyna Herman, <a href=\"https:\/\/plejada.pl\/temat\/lara-gessler-corka-magdy\/h1kvq4w\" id=\"76106a40-4dfe-4d26-8664-8af162b8ed91\" rel=\"nofollow noopener\" target=\"_blank\">Lara Gessler<\/a>, <a href=\"https:\/\/plejada.pl\/temat\/anna-maria-sieklucka\/456h7j7\" id=\"6ddc5394-7afd-44bf-a0ee-864e07e10c90\" rel=\"nofollow noopener\" target=\"_blank\">Anna-Maria Sieklucka<\/a> oraz Kamila Szczawi\u0144ska \u2014 ka\u017cda prezentuj\u0105c w\u0142asn\u0105 interpretacj\u0119 wieczorowej mody.<\/p>\n<p>Nie jest tajemnic\u0105, \u017ce celebryci ch\u0119tnie wykorzystuj\u0105 wydarzenia kulturalne do budowania swojego wizerunku i podtrzymywania zainteresowania medi\u00f3w. Wernisa\u017c Micha\u0142a Zaborowskiego sta\u0142 si\u0119 wi\u0119c nie tylko \u015bwi\u0119tem sztuki, ale r\u00f3wnie\u017c pokazem stylu i osobowo\u015bci znanych Polek.<\/p>\n","protected":false},"excerpt":{"rendered":"W\u015br\u00f3d go\u015bci wydarzenia pojawi\u0142a si\u0119 Barbara Kurdej-Szatan z m\u0119\u017cem Rafa\u0142em Szatanem, a tak\u017ce Kamila Urz\u0119dowska, kt\u00f3ra postawi\u0142a na&hellip;\n","protected":false},"author":2,"featured_media":486564,"comment_status":"","ping_status":"","sticky":false,"template":"","format":"standard","meta":{"footnotes":"","_share_on_mastodon":"0"},"categories":[22],"tags":[6490,6868,15921,16915,61195,122,7408,9861,48,125,46,42,38,40,39,41,123,47],"class_list":["post-486563","post","type-post","status-publish","format-standard","has-post-thumbnail","category-rozrywka","tag-anna_kalczynska","tag-anna_maria_sieklucka","tag-barbara_kurdej_szatan","tag-beata_scibakowna","tag-bottomfeed_styl","tag-entertainment","tag-kamila_urzedowska","tag-lara_gessler","tag-nat_styl","tag-newsy","tag-omp","tag-pl","tag-poland","tag-polish","tag-polska","tag-polski","tag-rozrywka","tag-screening_general"],"share_on_mastodon":{"url":"","error":""},"_links":{"self":[{"href":"https:\/\/www.europesays.com\/pl\/wp-json\/wp\/v2\/posts\/486563","targetHints":{"allow":["GET"]}}],"collection":[{"href":"https:\/\/www.europesays.com\/pl\/wp-json\/wp\/v2\/posts"}],"about":[{"href":"https:\/\/www.europesays.com\/pl\/wp-json\/wp\/v2\/types\/post"}],"author":[{"embeddable":true,"href":"https:\/\/www.europesays.com\/pl\/wp-json\/wp\/v2\/users\/2"}],"replies":[{"embeddable":true,"href":"https:\/\/www.europesays.com\/pl\/wp-json\/wp\/v2\/comments?post=486563"}],"version-history":[{"count":0,"href":"https:\/\/www.europesays.com\/pl\/wp-json\/wp\/v2\/posts\/486563\/revisions"}],"wp:featuredmedia":[{"embeddable":true,"href":"https:\/\/www.europesays.com\/pl\/wp-json\/wp\/v2\/media\/486564"}],"wp:attachment":[{"href":"https:\/\/www.europesays.com\/pl\/wp-json\/wp\/v2\/media?parent=486563"}],"wp:term":[{"taxonomy":"category","embeddable":true,"href":"https:\/\/www.europesays.com\/pl\/wp-json\/wp\/v2\/categories?post=486563"},{"taxonomy":"post_tag","embeddable":true,"href":"https:\/\/www.europesays.com\/pl\/wp-json\/wp\/v2\/tags?post=486563"}],"curies":[{"name":"wp","href":"https:\/\/api.w.org\/{rel}","templated":true}]}}