{"id":486670,"date":"2026-06-11T01:51:12","date_gmt":"2026-06-11T01:51:12","guid":{"rendered":"https:\/\/www.europesays.com\/pl\/486670\/"},"modified":"2026-06-11T01:51:12","modified_gmt":"2026-06-11T01:51:12","slug":"moya-z-godlem-teraz-polska","status":"publish","type":"post","link":"https:\/\/www.europesays.com\/pl\/486670\/","title":{"rendered":"MOYA z God\u0142em \u201eTeraz Polska\u201d!"},"content":{"rendered":"<p>MOYA z God\u0142em \u201eTeraz Polska\u201d! &#8211; Ci\u0119\u017car\u00f3wki i Logistyka<\/p>\n<p>\t&#13;<\/p>\n<p>&#13;<br \/>\n\t\t&#13;<\/p>\n<p>Ta strona korzysta z ciasteczek aby \u015bwiadczy\u0107 us\u0142ugi na najwy\u017cszym poziomie. Dalsze korzystanie ze strony oznacza, \u017ce zgadzasz si\u0119 na ich u\u017cycie.Zgoda<\/p>\n<p>\t\t&#13;<\/p>\n","protected":false},"excerpt":{"rendered":"MOYA z God\u0142em \u201eTeraz Polska\u201d! &#8211; Ci\u0119\u017car\u00f3wki i Logistyka &#13; &#13; &#13; Ta strona korzysta z ciasteczek aby&hellip;\n","protected":false},"author":2,"featured_media":486671,"comment_status":"","ping_status":"","sticky":false,"template":"","format":"standard","meta":{"footnotes":"","_share_on_mastodon":"0"},"categories":[12],"tags":[14439,42,38,40,39,41,93352],"class_list":["post-486670","post","type-post","status-publish","format-standard","has-post-thumbnail","category-polska","tag-moya","tag-pl","tag-poland","tag-polish","tag-polska","tag-polski","tag-siec-stacji-paliw"],"share_on_mastodon":{"url":"https:\/\/pubeurope.com\/@pl\/116728973668063027","error":""},"_links":{"self":[{"href":"https:\/\/www.europesays.com\/pl\/wp-json\/wp\/v2\/posts\/486670","targetHints":{"allow":["GET"]}}],"collection":[{"href":"https:\/\/www.europesays.com\/pl\/wp-json\/wp\/v2\/posts"}],"about":[{"href":"https:\/\/www.europesays.com\/pl\/wp-json\/wp\/v2\/types\/post"}],"author":[{"embeddable":true,"href":"https:\/\/www.europesays.com\/pl\/wp-json\/wp\/v2\/users\/2"}],"replies":[{"embeddable":true,"href":"https:\/\/www.europesays.com\/pl\/wp-json\/wp\/v2\/comments?post=486670"}],"version-history":[{"count":0,"href":"https:\/\/www.europesays.com\/pl\/wp-json\/wp\/v2\/posts\/486670\/revisions"}],"wp:featuredmedia":[{"embeddable":true,"href":"https:\/\/www.europesays.com\/pl\/wp-json\/wp\/v2\/media\/486671"}],"wp:attachment":[{"href":"https:\/\/www.europesays.com\/pl\/wp-json\/wp\/v2\/media?parent=486670"}],"wp:term":[{"taxonomy":"category","embeddable":true,"href":"https:\/\/www.europesays.com\/pl\/wp-json\/wp\/v2\/categories?post=486670"},{"taxonomy":"post_tag","embeddable":true,"href":"https:\/\/www.europesays.com\/pl\/wp-json\/wp\/v2\/tags?post=486670"}],"curies":[{"name":"wp","href":"https:\/\/api.w.org\/{rel}","templated":true}]}}