{"id":487074,"date":"2026-06-11T06:52:26","date_gmt":"2026-06-11T06:52:26","guid":{"rendered":"https:\/\/www.europesays.com\/pl\/487074\/"},"modified":"2026-06-11T06:52:26","modified_gmt":"2026-06-11T06:52:26","slug":"jak-wyciagnac-grube-miliony-fortuna-dla-biznesmena-zwiazanego-z-pis","status":"publish","type":"post","link":"https:\/\/www.europesays.com\/pl\/487074\/","title":{"rendered":"Jak wyci\u0105gn\u0105\u0107 grube miliony. Fortuna dla biznesmena zwi\u0105zanego z PiS"},"content":{"rendered":"<p>Rados\u0142aw Tadajewski to posta\u0107 wielokrotnie opisywana przez Onet. Ostatnio da\u0142 si\u0119 pozna\u0107 m.in. jako wsp\u00f3\u0142w\u0142a\u015bciciel kontrowersyjnej agencji Publicon Sport, kt\u00f3ra nied\u0142ugo po powstaniu otrzyma\u0142a niezwykle lukratywny kontrakt na obs\u0142ug\u0119 sponsorsk\u0105 PZPN, czy organizator &#8222;patriotycznej dom\u00f3wki&#8221;, na kt\u00f3rej bawi\u0142 w towarzystwie polityk\u00f3w Prawa i Sprawiedliwo\u015bci oraz by\u0142ych funkcyjnych funkcjonariuszy s\u0142u\u017cb specjalnych z czas\u00f3w rz\u0105d\u00f3w tej partii.<\/p>\n<p>Po raz pierwszy jego nazwisko szerzej kojarzone zacz\u0119\u0142o by\u0107 ju\u017c w 2021 r. po serii reporta\u017cy &#8222;Wyborczej&#8221;, Oko.Press i Fundacji Reporter\u00f3w o tzw. uk\u0142adzie wroc\u0142awskim \u2014 grupie m\u0142odych polityk\u00f3w i biznesmen\u00f3w ze stolicy Dolnego \u015al\u0105ska, kt\u00f3rzy zarabiali pot\u0119\u017cne pieni\u0105dze dzi\u0119ki wyborczemu zwyci\u0119stwu Prawa i Sprawiedliwo\u015bci.<\/p>\n<p>B\u0119d\u0105c jednym z autor\u00f3w, ujawni\u0142em np., \u017ce zwi\u0105zane z Tadajewskim sp\u00f3\u0142ki pomaga\u0142y Prawu i Sprawiedliwo\u015bci w prowadzeniu kampanii wyborczej, a tak\u017ce w zwyci\u0119stwie Andrzeja Dudy w 2020 r.<\/p>\n<p>Tadajewski i jego ludzie stworzyli mechanizm, dzi\u0119ki kt\u00f3remu do powi\u0105zanych z nim dw\u00f3ch fundacji \u2014 Rosa i Sensoria \u2014 w ci\u0105gu ostatnich lat wp\u0142yn\u0119\u0142o co najmniej 100 mln z\u0142.<\/p>\n<p>     <img class=\"ods-a-photo ods-a-photo--background\" src=\"https:\/\/www.europesays.com\/pl\/wp-content\/uploads\/2026\/06\/uEIk9lBaHR0cHM6Ly9vY2RuLmV1L3B1bHNjbXMvTURBXy8yZGM4MGViOTlkZDhmOTI4MGVkOTdkYTZhNGE3MmRhYy5qcGeRkwXNB.jpeg\" height=\"530\" width=\"940\" alt=\"Strona internetowa Fundacji Sensoria i jej cele\" loading=\"lazy\" fetchpriority=\"auto\" decoding=\"auto\"\/>    <\/p>\n<p>fundacjasensoria.pl<\/p>\n<p>  Strona internetowa Fundacji Sensoria i jej cele  <\/p>\n<p>Teoretycznie powinny by\u0107 one przeznaczone na dzia\u0142alno\u015b\u0107 statutow\u0105, zwi\u0105zan\u0105 z niesieniem pomocy osobom potrzebuj\u0105cym.<\/p>\n<p>     <a href=\"https:\/\/wiadomosci.onet.pl\/wroclaw\/uklad-wroclawski-bartlomiej-misiewicz-pomagal-biznesmenowi-w-kontaktach-z-mon\/wvwwect\" id=\"255826a7-a474-46b7-91b2-da27ce003edf\" rel=\"nofollow noopener\" target=\"_blank\">W praktyce jednak pieni\u0105dze wyprowadzane by\u0142y z nich do innych powi\u0105zanych z Tadajewskim sp\u00f3\u0142ek \u2014 zlecane im by\u0142o wykonywanie us\u0142ug oraz dostawa\u0142y po\u017cyczki bez \u017cadnego zabezpieczenia i oprocentowania, dzi\u0119ki czemu mog\u0142y posi\u0142kowa\u0107 si\u0119 kapita\u0142em do gromadzenia jeszcze wi\u0119kszych sum.<\/a><\/p>\n<p>\u00d3w mechanizm by\u0142 banalnie prosty: za\u0142o\u017cona przez Tadajewskiego i jego przyjaciela Micha\u0142a Walug\u0119 sp\u00f3\u0142ka Podatnik S.A. (dzi\u015b jej prezesem jest \u017cona Tadajewskiego Agata) za pieni\u0105dze z unijnego grantu stworzy\u0142a platform\u0119 do rozliczania podatku PIT. Jednak korzystaj\u0105cy z niej bezp\u0142atnie internauci nie mieli \u2014 i nadal nie maj\u0105 \u2014 mo\u017cliwo\u015bci wskazania dowolnej organizacji po\u017cytku publicznego, kt\u00f3rej decyduj\u0105 si\u0119 przekaza\u0107 1,5 proc. (wcze\u015bniej by\u0142 to 1 proc.) swojego podatku. W jego formularzu PIT automatycznie wskazywana by\u0142a najpierw Fundacja Rosa, a obecnie Sensoria.<\/p>\n<p>          <img class=\"ods-a-photo ods-a-photo--background\" src=\"https:\/\/www.europesays.com\/pl\/wp-content\/uploads\/2026\/06\/VIWk9lBaHR0cHM6Ly9vY2RuLmV1L3B1bHNjbXMvTURBXy9hYTRiY2VlYTY1Zjc1NmYyN2M0YWQ1ZGRjZmFhNGU3MC5qcGeRkwXNB.jpeg\" height=\"530\" width=\"940\" alt=\"Strona do rozliczania podatku PIT stworzona przez sp\u00f3\u0142k\u0119 Rados\u0142awa Tadajewskiego\" loading=\"lazy\" fetchpriority=\"auto\" decoding=\"auto\"\/>    <\/p>\n<p>https:\/\/www.podatnik.info\/<\/p>\n<p>  Strona do rozliczania podatku PIT stworzona przez sp\u00f3\u0142k\u0119 Rados\u0142awa Tadajewskiego  <\/p>\n<p>A chodzi o kwoty niebagatelne.<\/p>\n<p>Tylko od 2019 r., kiedy Fundacja Sensoria pojawi\u0142a si\u0119 w formularzu stworzonym przez sp\u00f3\u0142k\u0119 Tadajewskiego, na jej konto wp\u0142yn\u0119\u0142o z tego tytu\u0142u grubo ponad 82 mln z\u0142.<\/p>\n<p>Ju\u017c rok temu portal tvn24.pl informowa\u0142 o kontroli, jak\u0105 w fundacjach zwi\u0105zanych z wroc\u0142awskim biznesmenem rozpocz\u0119\u0142a Krajowa Administracja Skarbowa i wszcz\u0119tym w jej efekcie prokuratorskim \u015bledztwie. Do dzi\u015b \u015bledczy nie chc\u0105 jednak zbyt wiele m\u00f3wi\u0107 o jego efektach.<\/p>\n<p>Wiemy jednak z ca\u0142\u0105 pewno\u015bci\u0105, \u017ce dotyczy ono mo\u017cliwo\u015bci pope\u0142nienia przest\u0119pstwa polegaj\u0105cego na doprowadzeniu innej osoby do niekorzystnego rozporz\u0105dzania mieniem, poprzez wprowadzenie jej w b\u0142\u0105d, w celu osi\u0105gni\u0119cia korzy\u015bci maj\u0105tkowej.<\/p>\n<p>Poniewa\u017c chodzi o ogromne kwoty, grozi to kar\u0105 wi\u0119zienia nawet do 10 lat.<\/p>\n<p>          <img class=\"ods-a-photo ods-a-photo--background\" src=\"https:\/\/www.europesays.com\/pl\/wp-content\/uploads\/2026\/06\/4fik9lBaHR0cHM6Ly9vY2RuLmV1L3B1bHNjbXMvTURBXy9kODA4OGY0NmVjMjA2N2E0ZGUyY2E4MTZmYzJhNmJhNi5qcGeRkwXNB.jpeg\" height=\"530\" width=\"940\" alt=\"Siedziba Prokuratury Okr\u0119gowej we Wroc\u0142awiu\" loading=\"lazy\" fetchpriority=\"auto\" decoding=\"auto\"\/>    <\/p>\n<p>Zdj\u0119cia w\u0142asne<\/p>\n<p>  Siedziba Prokuratury Okr\u0119gowej we Wroc\u0142awiu  <\/p>\n<p>\u2014 \u015aledztwo wszcz\u0119to 10 kwietnia 2025 r. i zainicjowano doniesieniem naczelnika Dolno\u015bl\u0105skiego Urz\u0119du Celno-Skarbowego. Sprawa dotyczy m.in. \u015brodk\u00f3w pochodz\u0105cych z odpis\u00f3w podatku dochodowego od os\u00f3b fizycznych przekazywanych na rzecz organizacji po\u017cytku publicznego. Dotyczy Fundacji Sensoria \u2014 tylko tyle do przekazania mia\u0142 nam rzecznik Prokuratury Okr\u0119gowej we Wroc\u0142awiu prok. Damian Pownuk, kt\u00f3ry podania dalszych informacji odmawia ze wzgl\u0119du &#8222;na dobro tocz\u0105cego si\u0119 post\u0119powania&#8221;.<\/p>\n<p><a href=\"https:\/\/wiadomosci.onet.pl\/tylko-w-onecie\/onet-ujawnia-dziesiatki-milionow-ze-zlecen-i-dotacji-dla-czlowieka-pracujacego-przy\/2x85ffq\" id=\"42d91cf3-d140-4553-bad8-7cbe9615d16d\" rel=\"nofollow noopener\" target=\"_blank\">Uda\u0142o nam si\u0119 przeanalizowa\u0107 kolejne dokumenty i informacje dotycz\u0105ce Sensorii, kt\u00f3re ujawniaj\u0105, \u017ce obiekcje co do funkcjonowania tej fundacji pa\u0144stwowe organy mia\u0142y na d\u0142ugo przed zainteresowaniem urz\u0119du celno-skarbowego.<\/a><\/p>\n<p>Tak by\u0142o ju\u017c w 2020 r., czyli za rz\u0105d\u00f3w PiS. Tyle \u017ce sprawa zosta\u0142a przez w\u0142adze zamieciona pod dywan przy akceptacji \u00f3wczesnego premiera Mateusza Morawieckiego.<\/p>\n<p>          <img class=\"ods-a-photo ods-a-photo--background\" src=\"https:\/\/www.europesays.com\/pl\/wp-content\/uploads\/2026\/06\/wFek9lBaHR0cHM6Ly9vY2RuLmV1L3B1bHNjbXMvTURBXy9mMGM1NDlkODYxMmNiMjE0OGQ0OGUzNGY2NGYyYWY3Mi5qcGeRkwXNB.jpeg\" height=\"530\" width=\"940\" alt=\"By\u0142y premier Mateusz Morawiecki\" loading=\"lazy\" fetchpriority=\"auto\" decoding=\"auto\"\/>    <\/p>\n<p>Piotr Polak \/ PAP<\/p>\n<p>  By\u0142y premier Mateusz Morawiecki  <\/p>\n<p>Wiemy tak\u017ce, \u017ce wyprowadzone z fundacji pieni\u0105dze przelewane by\u0142y na konta sp\u00f3\u0142ek zwi\u0105zanych z Tadajewskim. A nast\u0119pnie zosta\u0142y wykorzystane do stara\u0144 o granty \u2014 za\u0142o\u017cone przez niego i jego wsp\u00f3\u0142pracownika sp\u00f3\u0142ki otrzyma\u0142y p\u00f3\u017aniej \u0142\u0105cznie 80 mln z\u0142 dofinansowania z Narodowego Centrum Bada\u0144 i Rozwoju.<\/p>\n<p>Miliony z 1 proc. na kampanie, aplikacje i za konsultacje by\u0142ego funkcjonariusza CBA<\/p>\n<p>Ju\u017c w 2019 r. \u2014 pierwszym roku dzia\u0142ania programu Podatnik.Info \u2014 Sensoria zostaje jedn\u0105 z najhojniej wynagradzanych fundacji w kraju. Jej dzia\u0142alno\u015bci zaczyna przygl\u0105da\u0107 si\u0119 wi\u0119c \u00f3wczesny wojewoda dolno\u015bl\u0105ski Jaros\u0142aw Obremski, piastuj\u0105cy swoje stanowisko z rekomendacji PiS.<\/p>\n<p>     <img class=\"ods-a-photo ods-a-photo--background\" src=\"https:\/\/www.europesays.com\/pl\/wp-content\/uploads\/2026\/06\/RlDk9lQaHR0cDovL29jZG4uZXUvaW1hZ2VzL3B1bHNjbXMvTlRNN01EQV8vZDM2NGU0ZmItN2I2NC00NmM2LTg2NzktZmFhMGMyN.jpeg\" height=\"530\" width=\"940\" alt=\"By\u0142y wojewoda dolno\u015bl\u0105ski w czasie rz\u0105d\u00f3w Prawa i Sprawiedliwo\u015bci Jaros\u0142aw Obremski\" loading=\"lazy\" fetchpriority=\"auto\" decoding=\"auto\"\/>    <\/p>\n<p>Maciej Kulczy\u0144ski \/ PAP<\/p>\n<p>  By\u0142y wojewoda dolno\u015bl\u0105ski w czasie rz\u0105d\u00f3w Prawa i Sprawiedliwo\u015bci Jaros\u0142aw Obremski  <\/p>\n<p>   <a href=\"https:\/\/wiadomosci.onet.pl\/kraj\/kim-jest-jaroslaw-obremski-wojewoda-ktory-w-odrze-nie-widzi-katastrofy\/0s6jle6\" id=\"047ea63d-a260-4b6c-91dd-20f154b1deb4\" rel=\"nofollow noopener\" target=\"_blank\">Urz\u0119dnicy Obremskiego decyduj\u0105 o wszcz\u0119ciu w fundacji oficjalnej kontroli.<\/a><\/p>\n<p>Ustalenia s\u0105 mia\u017cd\u017c\u0105ce. Kontrolerzy trafiaj\u0105 bowiem na ca\u0142y szereg nieprawid\u0142owo\u015bci w wykorzystaniu pieni\u0119dzy podatnik\u00f3w, kt\u00f3re faktycznie, zamiast na dzia\u0142alno\u015b\u0107 statutow\u0105 \u2014 pomoc potrzebuj\u0105cym \u2014 transferowane s\u0105 do sp\u00f3\u0142ek zwi\u0105zanych z Tadajewskim.<\/p>\n<p>Odpowiedzialni za kontrol\u0119 urz\u0119dnicy odkrywaj\u0105 np., \u017ce 1 pa\u017adziernika 2017 r. Sensoria zawiera umow\u0119 na przeprowadzenie kampanii reklamowej swojej dzia\u0142alno\u015bci prowadzon\u0105 w internecie. Na wykonawc\u0119 wybiera za\u015b nale\u017c\u0105c\u0105 do ma\u0142\u017ce\u0144stwa Agaty i Rados\u0142awa Tadajewskich sp\u00f3\u0142k\u0119 akcyjn\u0105 1450. P\u0142aci jej za to ponad 8,8 mln z\u0142.<\/p>\n<p><a href=\"https:\/\/wiadomosci.onet.pl\/tylko-w-onecie\/prokuratura-bada-korupcje-w-orlenie-znamy-szczegoly-umowy-i-kwoty\/d7tv1ne\" id=\"f1c3b485-efbb-47ee-a54c-1ef4257b2234\" rel=\"nofollow noopener\" target=\"_blank\">Niemal dok\u0142adnie rok p\u00f3\u017aniej, 2 pa\u017adziernika 2018 r., podobn\u0105 umow\u0119 zawiera ze sp\u00f3\u0142k\u0105 1450 S.A., tyle \u017ce komandytow\u0105. W\u00f3wczas p\u0142aci jej 8,6 mln z\u0142.<\/a><\/p>\n<p>O jako\u015bci tych kampanii kontrolerzy pisz\u0105 w raporcie tak: &#8222;W ramach kampanii korzystaj\u0105cych z Google Adwords przyjmowana jest konwersja rozumiana jako pewne okre\u015blone, oczekiwane dzia\u0142anie wykonane przez odbiorc\u0119 w odpowiedzi na skierowan\u0105 do niego kampani\u0119 reklamow\u0105. Jak wynika z wy\u017cej wymienionego raportu dla kampanii zasi\u0119gowej\/wizerunkowej nie zosta\u0142a przyj\u0119ta \u017cadna. Samo wy\u015bwietlenie reklamy u\u017cytkownikom nie by\u0142o konwersj\u0105 z uwagi na fakt, \u017ce konwersja zachodzi\u0142aby wtedy, gdyby odbiorca reklamy wykona\u0142 wa\u017cn\u0105 czynno\u015b\u0107 dla Fundacji \u2014 zainteresowa\u0142 si\u0119 dzia\u0142aniami prowadzonymi przez Fundacj\u0119 poprzez odwiedzenie dedykowanej strony wskutek klikni\u0119cia reklamy&#8221;.<\/p>\n<p>          <img class=\"ods-a-photo ods-a-photo--background\" src=\"https:\/\/www.europesays.com\/pl\/wp-content\/uploads\/2026\/06\/LaCk9lBaHR0cHM6Ly9vY2RuLmV1L3B1bHNjbXMvTURBXy8xZWUyM2ZmY2YyMDE2YzgzMzczMzg2ODE2ZWQwZTkzNS5qcGeRkwXNB.jpeg\" height=\"800\" width=\"565\" alt=\"Wyst\u0105pienie pokontrolne Wojewody Dolno\u015bl\u0105skiego z post\u0119powania przeprowadzonego w Fundacji Sensoria\" loading=\"lazy\" fetchpriority=\"auto\" decoding=\"auto\"\/>    <\/p>\n<p>Zdj\u0119cia w\u0142asne<\/p>\n<p>  Wyst\u0105pienie pokontrolne Wojewody Dolno\u015bl\u0105skiego z post\u0119powania przeprowadzonego w Fundacji Sensoria  <\/p>\n<p>Policzono tak\u0105 &#8222;klikalno\u015b\u0107&#8221; strony fundacji z reklam przygotowanych przez 1450. W przypadku dw\u00f3ch kampanii wynios\u0142a ona 0 proc. W przypadku dw\u00f3ch kolejnych waha\u0142a si\u0119 od 0,04 do 0,07 proc.<\/p>\n<p><a href=\"https:\/\/wiadomosci.onet.pl\/tylko-w-onecie\/kampania-rzadu-mateusza-morawieckiego-pod-lupa-gdzie-poszlo-70-mln\/bhcbe7h\" id=\"006c2a94-847f-4f10-8346-08ffbcfd219c\" rel=\"nofollow noopener\" target=\"_blank\">W rzeczywisto\u015bci wygl\u0105da to tak, \u017ce spo\u015br\u00f3d 110 tysi\u0119cy os\u00f3b, kt\u00f3rym wy\u015bwietli\u0142a si\u0119 reklama fundacji, wej\u015b\u0107 na jej stron\u0119 zdecydowa\u0142y si\u0119 jedynie 44 z nich.<\/a><\/p>\n<p>Kolejne 675 tys. z\u0142 fundacja p\u0142aci sp\u00f3\u0142ce 1450 za &#8222;wytworzenie aplikacji mobilnej&#8221;, kt\u00f3ra mia\u0142aby pomaga\u0107 u\u017cytkownikom w rozliczaniu podatku PIT. Cho\u0107 w tym samym czasie fundacja pobiera\u0142a \u015brodki dzi\u0119ki tego typu rozwi\u0105zaniu stworzonym przez inn\u0105 sp\u00f3\u0142k\u0119 Tadajewskiego \u2014 Podatnik S.A.<\/p>\n<p>Z raportu kontroli wojewody: &#8222;dzia\u0142anie takie by\u0142o konkurencyjnym wobec przygotowanego przez Krajow\u0105 Administracj\u0119 Skarbow\u0105 portalu podatkowego podatki.gov.pl. Nabycie warto\u015bci niematerialnych i prawnych nie s\u0142u\u017cy\u0142o realizacji cel\u00f3w spo\u0142ecznie u\u017cytecznych&#8221;.<\/p>\n<p>Prawie 40 tys. z\u0142 ze \u015brodk\u00f3w fundacji za &#8222;us\u0142ugi doradcze&#8221; inkasuje Patryk Hebrowski \u2014 wyrzucony wcze\u015bniej z CBA za informowanie podejrzanych o prowadzonych wobec nich post\u0119powaniach.<\/p>\n<p>     <img class=\"ods-a-photo ods-a-photo--background\" src=\"https:\/\/www.europesays.com\/pl\/wp-content\/uploads\/2026\/06\/6OMk9lBaHR0cHM6Ly9vY2RuLmV1L3B1bHNjbXMvTURBXy83ZThiMzJjOGYxY2VjNzczOGQ1YmU3ZjQ4NDU5YjM3MC5qcGeRkwXNB.jpeg\" height=\"530\" width=\"603\" alt=\"Fragment wyst\u0105pienia pokontrolnego po post\u0119powaniu przeprowadzonym przez s\u0142u\u017cby wojewody w Fundacji Sensoria\" loading=\"lazy\" fetchpriority=\"auto\" decoding=\"auto\"\/>    <\/p>\n<p>Zdj\u0119cia w\u0142asne<\/p>\n<p>  Fragment wyst\u0105pienia pokontrolnego po post\u0119powaniu przeprowadzonym przez s\u0142u\u017cby wojewody w Fundacji Sensoria  <\/p>\n<p>   <a href=\"https:\/\/wiadomosci.onet.pl\/tylko-w-onecie\/pzpn-zrywa-umowe-koniec-finansowego-eldorado-zwiazanego-z-pis-biznesmena\/41qd7mr\" id=\"39ed62d8-4434-42b5-bcfc-a1f2d76f9af8\" rel=\"nofollow noopener\" target=\"_blank\">70 tys. z\u0142 trafia za\u015b do agencji PR Publicon za &#8222;opracowanie strategii rozwoju i komunikacji 'Strategia wdro\u017cenia hubu startupowego'&#8221;. Nied\u0142ugo potem Tadajewski przejmie zreszt\u0105 Publicon.<\/a><\/p>\n<p>Nieuzasadnione wydatki \u2014 &#8222;bez zwi\u0105zku z dzia\u0142alno\u015bci\u0105 organizacji po\u017cytku publicznego&#8221; \u2014 to jednak nie wszystko. W prawdziwe os\u0142upienie wprawiaj\u0105 ustalenia kontroler\u00f3w, co do po\u017cyczek udzielanych przez Sensori\u0119.<\/p>\n<p>Komu, na co i na jakich zasadach by\u0142y udzielane?<\/p>\n<p>Fundacja wchodzi w BRIdge Alfa. &#8222;Niezgodne z zasadami tego programu&#8221;<\/p>\n<p>Kontrolerzy odkrywaj\u0105, \u017ce w samym tylko 2019 r. Sensoria udziela kilku po\u017cyczek na \u0142\u0105czn\u0105 kwot\u0119 5,5 mln z\u0142 dw\u00f3m sp\u00f3\u0142kom: Avi Tadayevitz Fund (obecnie Instytut Innowacji Katoda) i Innowacje dla Przysz\u0142o\u015bci non-profit. Obie zarejestrowane s\u0105 pod tym samym adresem na wroc\u0142awskim osiedlu O\u0142taszyn \u2014 tym samym, pod kt\u00f3rym funkcjonuje Fundacja Sensoria.<\/p>\n<p>     <a href=\"https:\/\/www.onet.pl\/informacje\/onetwroclaw\/uklad-wroclawski-bartlomiej-misiewicz-pomagal-biznesmenowi-w-kontaktach-z-mon\/wvwwect,79cfc278\" id=\"5444083e-4742-4f75-b43c-b1f67fd48cd9\" rel=\"nofollow noopener\" target=\"_blank\">Za\u0142o\u017cycielem pierwszej s\u0105 Agata i Rados\u0142aw Tadajewscy. Drug\u0105 tworzy sp\u00f3\u0142ka Goldenmark kontrolowana przez podmioty zwi\u0105zane wcze\u015bniej z Tadajewskim i jego wsp\u00f3lnikiem Micha\u0142em Walug\u0105.<\/a>     <img class=\"ods-a-photo ods-a-photo--background\" src=\"https:\/\/www.europesays.com\/pl\/wp-content\/uploads\/2026\/06\/6oUk9lBaHR0cHM6Ly9vY2RuLmV1L3B1bHNjbXMvTURBXy80YWJjZTEzMjQ2MTFiMTczNDNmYWEwNGJlNDhhNzQzMy5qcGeRkwXNB.jpeg\" height=\"258\" width=\"940\" alt=\"Fragment sprawozdania finansowego Fundacji Sensoria za rok 2019\" loading=\"lazy\" fetchpriority=\"auto\" decoding=\"auto\"\/>    <\/p>\n<p>rejestr.io<\/p>\n<p>  Fragment sprawozdania finansowego Fundacji Sensoria za rok 2019  <\/p>\n<p>Nied\u0142ugo przed udzieleniem im po\u017cyczek obie sp\u00f3\u0142ki zostaj\u0105 przez swoich dawnych w\u0142a\u015bcicieli przekazane fundacji w formie darowizny.<\/p>\n<p>Po\u017cyczki nie tylko nie s\u0105 oprocentowane, ale i w \u017caden spos\u00f3b zabezpieczone. W dodatku \u2014 jak stwierdzaj\u0105 kontrolerzy wojewody \u2014 s\u0142u\u017c\u0105 nast\u0119pnie do ubiegania si\u0119 przez podmioty Tadajewskiego i Walugi o 40-milionowe dotacje z Narodowego Centrum Bada\u0144 i Rozwoju w ramach programu BRIdge Alfa powo\u0142anego w celu wspierania start-up\u00f3w.<\/p>\n<p><a href=\"https:\/\/wiadomosci.onet.pl\/tylko-w-onecie\/prokuratura-bada-korupcje-w-orlenie-znamy-szczegoly-umowy-i-kwoty\/d7tv1ne\" id=\"a000b3e7-2109-474f-b4db-cad089e4f43b\" rel=\"nofollow noopener\" target=\"_blank\">Tadajewski i Waluga wykorzystuj\u0105 do tej operacji swoje sp\u00f3\u0142ki Czysta3.VC (obecnie Strategic Investment Capital) oraz GT Technologies.<\/a> Korzystaj\u0105 one z kapita\u0142u ze sp\u00f3\u0142ek Instytut Innowacji Katoda i Innowacje dla Przysz\u0142o\u015bci, kt\u00f3rym pieni\u0105dze po\u017cyczy\u0142a Sensoria.     <\/p>\n<p>Kontrolerzy w swoim raporcie t\u0119 sytuacj\u0119 opisuj\u0105 tak: &#8222;Udzielanie po\u017cyczek sp\u00f3\u0142kom kapita\u0142owym nie mie\u015bci si\u0119 w katalogu zada\u0144 sfery publicznej wymienionych w art. 4 ust. 1 ustawy o dzia\u0142alno\u015bci po\u017cytku publicznego i wolontariacie [\u2026] Nale\u017cy zaznaczy\u0107, \u017ce z uwagi na warunki programu BRidge Alfa Fundacja Sensoria nie mog\u0142a bezpo\u015brednio w nim uczestniczy\u0107, w zwi\u0105zku z czym utworzy\u0142a w tym celu sp\u00f3\u0142ki zale\u017cne: Instytut Innowacji Katoda oraz Innowacje dla Przysz\u0142o\u015bci non-profit, kt\u00f3ra s\u0105 komandytariuszami sp\u00f3\u0142ek realizuj\u0105cych program odpowiednio w ASI Czysta3.VC sp. z o.o. sp\u00f3\u0142ka komandytowa [obecnie Strategic Investment Capital \u2014 przyp. red.] i ASI GT Technologies sp. z o.o. sp\u00f3\u0142ka komandytowa [\u2026] Z uwagi na fakt, \u017ce udzielone przez Fundacj\u0119 Sensoria ww. sp\u00f3\u0142kom nieoprocentowanych po\u017cyczek, a nast\u0119pnie przeznaczenie tych \u015brodk\u00f3w jako wk\u0142adu komandytariusz\u00f3w do ASI \u2014 sp\u00f3\u0142ek prawa handlowego b\u0119d\u0105cych stron\u0105 umowy o dofinansowanie i bezpo\u015brednio realizuj\u0105cych projekt grantowy (Fundusze BRidge Alfa) zaprzecza idei instrumentu BRidge Alfa&#8221;.<\/p>\n<p>          <img class=\"ods-a-photo ods-a-photo--background\" src=\"https:\/\/www.europesays.com\/pl\/wp-content\/uploads\/2026\/06\/dO6k9lBaHR0cHM6Ly9vY2RuLmV1L3B1bHNjbXMvTURBXy8zZGY2MmJjNTk5Mjc1YTFjYThkZTYwNzViOTc5OWVmNi5qcGeRkwXNB.jpeg\" height=\"530\" width=\"940\" alt=\"Fragment sprawozdania finansowego Fundacji Sensoria \" loading=\"lazy\" fetchpriority=\"auto\" decoding=\"auto\"\/>    <\/p>\n<p>rejestr.io<\/p>\n<p>  Fragment sprawozdania finansowego Fundacji Sensoria   <\/p>\n<p>Kilka linijek ni\u017cej stwierdzaj\u0105 za\u015b wprost: &#8222;przeznaczenie \u015brodk\u00f3w z 1 proc. PIT jako wk\u0142adu prywatnego w Fundusz BRIdge Alfa by\u0142oby niezgodne z zasadami tego programu, jak r\u00f3wnie\u017c nie stanowi\u0142oby dzia\u0142alno\u015bci po\u017cytku publicznego&#8221;.<\/p>\n<p><a href=\"https:\/\/wiadomosci.onet.pl\/tylko-w-onecie\/prokuratura-pomylila-spolke-ktorej-w-uzyskaniu-dotacji-pomagal-misiewicz\/2lrl7tq\" id=\"bfd048c2-6f37-4d0d-b04e-88e5ed3d037f\" rel=\"nofollow noopener\" target=\"_blank\">Czy zatem pieni\u0105dze przelewane na konto fundacji Sensoria w zwi\u0105zku z prowadzon\u0105 przez ni\u0105 dzia\u0142alno\u015bci\u0105 statutow\u0105 pos\u0142u\u017cy\u0142y na wk\u0142ad w dw\u00f3ch sp\u00f3\u0142kach ubiegaj\u0105cych si\u0119 o wielomilionowe dotacje z NCBiR?<\/a><\/p>\n<p>Dodajmy, ubiegaj\u0105cych si\u0119 skutecznie, bo obie sp\u00f3\u0142ki otrzyma\u0142y dofinansowanie na poziomie 40 mln z\u0142 ka\u017cda.<\/p>\n<p>Cz\u0142owiek Gli\u0144skiego umarza. I informuje Morawieckiego<\/p>\n<p>21 kwietnia 2020 r. o wynikach kontroli wojewoda dolno\u015bl\u0105ski Jaros\u0142aw Obremski oficjalnie informuje stoj\u0105cego w\u00f3wczas na czele Komitetu do spraw Po\u017cytku Publicznego wicepremiera i ministra kultury Piotra Gli\u0144skiego. Ten za\u015b przekazuje spraw\u0119 do nadzorowanego przez siebie Narodowego Instytutu Wolno\u015bci.<\/p>\n<p>          <img class=\"ods-a-photo ods-a-photo--background\" src=\"https:\/\/www.europesays.com\/pl\/wp-content\/uploads\/2026\/06\/mV7k9lBaHR0cHM6Ly9vY2RuLmV1L3B1bHNjbXMvTURBXy8xMDQ3NjM3NjdlMDkzZmYwYmNiYjk1YTNjNTUzM2IxZi5qcGeRkwXNB.jpeg\" height=\"530\" width=\"940\" alt=\"By\u0142 wicepremier, minister kultury i dziedzictwa narodowego oraz przewodnicz\u0105cy Komitetu ds. Po\u017cytku Publicznego Piotr Gli\u0144ski\" loading=\"lazy\" fetchpriority=\"auto\" decoding=\"auto\"\/>    <\/p>\n<p>Tomasz Jastrz\u0119bowski \/ Reporter<\/p>\n<p>  By\u0142 wicepremier, minister kultury i dziedzictwa narodowego oraz przewodnicz\u0105cy Komitetu ds. Po\u017cytku Publicznego Piotr Gli\u0144ski  <\/p>\n<p>Sprawa trafia bezpo\u015brednio na biurko kieruj\u0105cego nim Wojciecha Kaczmarczyka.<\/p>\n<p><a href=\"https:\/\/wiadomosci.onet.pl\/kraj\/jest-wyrok-w-sprawie-wydatkow-narodowego-instytutu-wolnosci-42-tys-zl-dla-ordo-iuris\/7d5c3fy\" id=\"11062f4a-6be2-44e5-a5b4-dd977d55b944\" rel=\"nofollow noopener\" target=\"_blank\">A ten w ca\u0142o\u015bci przyjmuje t\u0142umaczenia przedstawicieli fundacji i wspieraj\u0105cych ich narracj\u0119, zam\u00f3wionych przez NIW opinii zwi\u0105zanej z Ordo Iuris uczelni Collegium Intermarium i jej rektora, broni\u0105cego polityk\u00f3w PiS mec. Bartosza Lewandowskiego (dzi\u015b pe\u0142nomocnika Rados\u0142awa Tadajewskiego w sporach s\u0105dowych z ni\u017cej podpisanym), a nast\u0119pnie post\u0119powanie wobec Sensorii w ca\u0142o\u015bci umarza. <\/a><\/p>\n<p>T\u0142umacz\u0105c to &#8222;faktem, \u017ce zakwestionowane wydatki nie zosta\u0142y wykorzystane sprzecznie z przepisami&#8221;.<\/p>\n<p>     <img class=\"ods-a-photo ods-a-photo--background\" src=\"https:\/\/www.europesays.com\/pl\/wp-content\/uploads\/2026\/06\/O32k9lBaHR0cHM6Ly9vY2RuLmV1L3B1bHNjbXMvTURBXy83MWUzZWJkNzAwNDcxYjc0MzVhYzc2YmM0ZDJlYzc0MC5qcGeRkwXNB.jpeg\" height=\"530\" width=\"564\" alt=\"Decyzja \u00f3wczesnego dyrektora NIW Wojciecha Kaczmarczyka o umorzeniu post\u0119powania wobec Fundacji Sensoria\" loading=\"lazy\" fetchpriority=\"auto\" decoding=\"auto\"\/>    <\/p>\n<p>Zdj\u0119cia w\u0142asne<\/p>\n<p>  Decyzja \u00f3wczesnego dyrektora NIW Wojciecha Kaczmarczyka o umorzeniu post\u0119powania wobec Fundacji Sensoria  <\/p>\n<p>Innymi s\u0142owy, uznaje, \u017ce miliony ze \u015brodk\u00f3w zbieranych na dzia\u0142alno\u015b\u0107 po\u017cytku publicznego nie tylko mo\u017cna wydatkowa\u0107, do tego srogo przep\u0142acaj\u0105c za niewiele warte kampanie w internecie, zamawiane w powi\u0105zanej sp\u00f3\u0142ce, ale i zasila\u0107 nimi podmioty staraj\u0105ce si\u0119 o wielomilionowe dotacje z Narodowego Centrum Bada\u0144 i Rozwoju.<\/p>\n<p>Co ciekawe, jeszcze przed oficjalnym og\u0142oszeniem podj\u0119tej decyzji o umorzeniu Kaczmarczyk postanawia o niej powiadomi\u0107 samego\u2026 premiera Mateusza Morawieckiego.<\/p>\n<p>W mailu z 15 czerwca 2022 r. wys\u0142anym do wsp\u00f3\u0142pracownicy szefa rz\u0105du, Katarzyny Krupy z KPRM, szef NIW pisze: &#8222;Pani Kasiu, przesy\u0142am w za\u0142\u0105czeniu decyzj\u0119 w sprawie Fundacji Sensoria do wiadomo\u015bci Pana Premiera. Pozdrawiam. WK&#8221;.<\/p>\n<p>     <img class=\"ods-a-photo ods-a-photo--background\" src=\"https:\/\/www.europesays.com\/pl\/wp-content\/uploads\/2026\/06\/Afsk9lBaHR0cHM6Ly9vY2RuLmV1L3B1bHNjbXMvTURBXy81OThkNjNmNWZjMjFhZWY3Yzc3MTQyZWJlOGE3MDVmMy5qcGeRkwXNB.jpeg\" height=\"530\" width=\"940\" alt=\"By\u0142y dyrektor Narodowego Instytutu Wolno\u015bci Wojciech Kaczmarczyk (z lewej) odbieraj\u0105cy nominacj\u0119 z r\u0105k wicepremiera Piotra Gli\u0144skiego \" loading=\"lazy\" fetchpriority=\"auto\" decoding=\"auto\"\/>    <\/p>\n<blockquote class=\"wp-embedded-content\" data-secret=\"DYtUKZGoZB\"><p><a href=\"https:\/\/niw.gov.pl\/\" rel=\"nofollow noopener\" target=\"_blank\">Strona g\u0142\u00f3wna<\/a><\/p><\/blockquote>\n<p><iframe loading=\"lazy\" class=\"wp-embedded-content\" sandbox=\"allow-scripts\" security=\"restricted\" style=\"position: absolute; visibility: hidden;\" title=\"\u201eStrona g\u0142\u00f3wna\u201d \u2014 Narodowy Instytut Wolno\u015bci\" src=\"https:\/\/niw.gov.pl\/embed\/#?secret=3K2eqXyILa#?secret=DYtUKZGoZB\" data-secret=\"DYtUKZGoZB\" width=\"600\" height=\"338\" frameborder=\"0\" marginwidth=\"0\" marginheight=\"0\" scrolling=\"no\"><\/iframe><\/p>\n<p>  By\u0142y dyrektor Narodowego Instytutu Wolno\u015bci Wojciech Kaczmarczyk (z lewej) odbieraj\u0105cy nominacj\u0119 z r\u0105k wicepremiera Piotra Gli\u0144skiego   <\/p>\n<p>   <a href=\"https:\/\/wiadomosci.onet.pl\/tylko-w-onecie\/cba-i-prokuratura-biora-sie-za-ludzi-mateusza-morawieckiego-i-piotra-glinskiego\/mzk3w9k\" id=\"afd5e0c0-ddc7-4eaa-b8ac-57db1f5cd5ef\" rel=\"nofollow noopener\" target=\"_blank\">Po co Kaczmarczyk informuje o swoje decyzji premiera? I dlaczego Morawiecki mia\u0142by interesowa\u0107 si\u0119 fundacj\u0105 z Wroc\u0142awia?<\/a><\/p>\n<p>Moje pytania w tej sprawie skierowane do by\u0142ego szefa rz\u0105du za po\u015brednictwem wiadomo\u015bci SMS i WhatsApp by\u0142y przez by\u0142ego szefa rz\u0105du zwyczajnie zignorowane.<\/p>\n<p>Z Wojciechem Kaczmarczykiem, po odej\u015bciu z NIW zatrudnionym w Instytucie Pami\u0119ci Narodowej, nie uda\u0142o mi si\u0119 porozmawia\u0107. Na pro\u015bb\u0119 o kontakt przekazan\u0105 za po\u015brednictwem rzecznika IPN nie odpowiedzia\u0142.<\/p>\n<p>     &#8222;Korzy\u015bci ludzi zwi\u0105zanych z PiS&#8221;. NCBiR umywa r\u0119ce<\/p>\n<p>Ju\u017c po wygraniu wybor\u00f3w przez obecn\u0105 koalicj\u0119 i zmianach w Narodowym Instytucie Wolno\u015bci, w grudniu 2025 r. sprawa umorzonego post\u0119powania wobec Fundacji Sensoria wraca na agend\u0119.<\/p>\n<p><a href=\"https:\/\/wiadomosci.onet.pl\/kraj\/fundacja-grzegorza-brauna-znow-w-tarapatach-to-bedzie-nasz-nastepny-krok\/hc64f34\" id=\"d3dbaa97-5b62-4bc4-ae37-e8e1be45d4e3\" rel=\"nofollow noopener\" target=\"_blank\">Obecny dyrektor NIW Micha\u0142 Braun zleca analiz\u0119 decyzji o jej umorzeniu zewn\u0119trznej kancelarii prawnej. A ta podziela poczynione wcze\u015bniej przez kontroler\u00f3w wojewody ustalenia, r\u00f3wnie\u017c te dotycz\u0105ce udzielanych przez Sensori\u0119 po\u017cyczek.<\/a><\/p>\n<p>Jak s\u0142yszymy nieoficjalnie, w Instytucie przygotowywane jest obecnie w tej sprawie doniesienie do prokuratury.<\/p>\n<p>     <img class=\"ods-a-photo ods-a-photo--background\" src=\"https:\/\/www.europesays.com\/pl\/wp-content\/uploads\/2026\/06\/pJXk9lBaHR0cHM6Ly9vY2RuLmV1L3B1bHNjbXMvTURBXy9mYjFjYTNiOWM2MzdmY2U5NzJmMTI2ZmZhOGJhNmVkMi5qcGeSlQMAA.jpeg\" height=\"530\" width=\"940\" alt=\"Obecny dyrektor Narodowego Instytutu Wolno\u015bci Micha\u0142 Braun\" loading=\"lazy\" fetchpriority=\"auto\" decoding=\"auto\"\/>    <\/p>\n<p>Marcin Obara \/ PAP<\/p>\n<p>  Obecny dyrektor Narodowego Instytutu Wolno\u015bci Micha\u0142 Braun  <\/p>\n<p>\u2014 Decyzj\u0119 o umorzeniu post\u0119powania wobec Fundacji Sensoria oceniam negatywnie, poniewa\u017c przede wszystkim pokazuj\u0105, \u017ce organizacje po\u017cytku publicznego nie by\u0142y traktowane przez moich poprzednik\u00f3w w spos\u00f3b r\u00f3wny i sprawiedliwy. Trudno nie odnie\u015b\u0107 wra\u017cenia, \u017ce decyzje mia\u0142y pod\u0142o\u017ce polityczne i skutkowa\u0142y osi\u0105gni\u0119ciem prywatnych korzy\u015bci ludzi zwi\u0105zanych z PiS \u2014 m\u00f3wi Onetowi dyrektor Narodowego Instytutu Wolno\u015bci Micha\u0142 Braun. \u2014 Nie jestem w stanie wyt\u0142umaczy\u0107 powod\u00f3w podejmowanych przez nich decyzji. Jestem przekonany, \u017ce mia\u0142y pod\u0142o\u017ce polityczne. Wojewoda dolno\u015bl\u0105ski jednoznacznie negatywnie oceni\u0142 dzia\u0142ania Fundacji, wi\u0119c \u00f3wczesny dyrektor NIW powinien za\u017c\u0105da\u0107 zwrotu \u017ale wydatkowanych \u015brodk\u00f3w. Czekam na wyniki drugiej, trwaj\u0105cej obecnie kontroli. Je\u017celi w organizacjach zostan\u0105 stwierdzone podobne nieprawid\u0142owo\u015bci, nie zawaham si\u0119, aby podj\u0105\u0107 wszelkie mo\u017cliwe kroki, aby odzyska\u0107 \u017ale wydatkowane \u015brodki.<\/p>\n<p>     <a href=\"https:\/\/wiadomosci.onet.pl\/kraj\/afera-ncbir-w-okregu-adama-bielana-nik-pokazal-raport\/le2zw50\" id=\"b0b61aa0-7dc1-4aa1-bf89-7ad30c9a0154\" rel=\"nofollow noopener\" target=\"_blank\">Czy w obliczu stwierdzonych nieprawid\u0142owo\u015bci si\u0119gaj\u0105cych powstania sp\u00f3\u0142ek, kt\u00f3rym 40-milionowe dotacje wyp\u0142aci\u0142o Narodowe Centrum Bada\u0144 i Rozwoju, mo\u017cna si\u0119 spodziewa\u0107 jakiej\u015b reakcji tej instytucji?<\/a>     <img class=\"ods-a-photo ods-a-photo--background\" src=\"https:\/\/www.europesays.com\/pl\/wp-content\/uploads\/2026\/06\/F5Ik9lBaHR0cHM6Ly9vY2RuLmV1L3B1bHNjbXMvTURBXy8yNzk1OWZkYzg0MDM5NTAwMmNlYzlkNzhmNDAzYjZmZi5qcGeRkwXNB.jpeg\" height=\"530\" width=\"940\" alt=\"Narodowe Centrum Bada\u0144 i Rozwoju (zdj\u0119cie ilustracyjne)\" loading=\"lazy\" fetchpriority=\"auto\" decoding=\"auto\"\/>    <\/p>\n<p>Pawe\u0142 Supernak \/ PAP<\/p>\n<p>  Narodowe Centrum Bada\u0144 i Rozwoju (zdj\u0119cie ilustracyjne)  <\/p>\n<p>W korespondencji ze mn\u0105 niepodpisani z nazwiska przedstawiciele NCBiR stwierdzili jedynie, \u017ce &#8222;nie s\u0105 w posiadaniu informacji czy dokument\u00f3w dotycz\u0105cych zasilenia sp\u00f3\u0142ek 303 Innovation Fund (p\u00f3\u017aniej Czysta3.VC, a obecnie Strategic Investment Capital) oraz GT Technologies \u015brodkami fundacji pochodz\u0105cymi z 1 proc. podatku od os\u00f3b fizycznych&#8221; i &#8222;na obecn\u0105 chwil\u0119 nie ma podstaw, aby wyst\u0119powa\u0107 o takie dokumenty&#8221;.<\/p>\n<p>Obie sp\u00f3\u0142ki, kt\u00f3rym pieni\u0105dze po\u017cycza\u0142a Sensoria, by\u0142y bowiem wielokrotnie kontrolowane, a udzielone im dotacje zosta\u0142y rozliczone.<\/p>\n<p>&#8222;NCBR przeprowadzi\u0142 dwie kontrole Czysta3.VC sp. z o.o. (w 2020 i 2023 r.) oraz jedn\u0105 kontrol\u0119 GT Technologies sp. z o.o. (w 2019 r.). W wyniku ww. kontroli zosta\u0142y stwierdzone nieprawid\u0142owo\u015bci w realizacji Projekt\u00f3w Grantowych, natomiast nie skutkowa\u0142y one zwrotami przyznanych \u015brodk\u00f3w. W odniesieniu do funduszu GT Technologies sp. z o.o. po roku 2023 nie by\u0142o stwierdzonych nieprawid\u0142owo\u015bci. W odniesieniu do funduszu Czysta3.VC sp. z o.o. po roku 2023 skierowane zosta\u0142y dwa wezwania do zwrotu&#8221; \u2014 przekaza\u0142o mi NCBiR w przes\u0142anym e-mailu.<\/p>\n<p>     <a href=\"https:\/\/wiadomosci.onet.pl\/tylko-w-onecie\/jak-pupil-pis-przez-wosp-szukal-dojscia-do-nowego-ministra\/6vl1s9l\" id=\"4831af64-d7b1-4fef-bb0a-0cc257295ceb\" rel=\"nofollow noopener\" target=\"_blank\">Jakiego zwrotu domaga si\u0119 Centrum od sp\u00f3\u0142ki Rados\u0142awa Tadajewskiego? <\/a><\/p>\n<p>Na to pytanie nie dosta\u0142em odpowiedzi.<\/p>\n<p>Tadajewski: wiem, \u017ce to smutne, ale to nie ja na to wpad\u0142em<\/p>\n<p>Rados\u0142aw Tadajewski, zamiast odpowiedzi na przes\u0142ane mu pytania, odes\u0142a\u0142 mi elaborat pe\u0142en osobistych przytyk\u00f3w niezwi\u0105zanych z ich tematem. O kontroli Krajowej Administracji Skarbowej w Fundacji Sensoria wie tyle, co przeczyta\u0142 w mediach (ale jednocze\u015bnie jest pewien, \u017ce nie stwierdzono w jej trakcie \u017cadnych uchybie\u0144), po\u017cyczki udzielone przez Sensori\u0119 sp\u00f3\u0142kom jego i jego znajomego nie by\u0142y konieczne do ubiegania si\u0119 o dotacj\u0119 z NCBiR, a ta zarz\u0105dzana przez niego (Czysta3.VC) jest najlepsz\u0105 ze wszystkich bior\u0105cych udzia\u0142 w konkursie.<\/p>\n<p>&#8222;Nie jestem pomys\u0142odawc\u0105 program\u00f3w do PIT. Istnia\u0142y one ju\u017c w czasach kiedy nie wiedzia\u0142em, co to jest PIT. Firm, kt\u00f3re produkuj\u0105 i oferuj\u0105 tego typu programy, jest wiele [\u2026] Wszystkie maj\u0105 ten sam model biznesowy; udost\u0119pniaj\u0105 darmowy program do PIT, w kt\u00f3rym zablokowane jest pole wyboru OPP. Wiem, \u017ce to smutne, ale to nie ja na to wpad\u0142em&#8221; \u2014 przekaza\u0142 Onetowi w przes\u0142anej &#8222;odpowiedzi&#8221;.<\/p>\n<p>     <a href=\"https:\/\/wiadomosci.onet.pl\/tylko-w-onecie\/ma-cba-na-karku-zarabia-na-rzadowej-kampanii-przeciwko-rosji\/7w4lmdq\" id=\"7c23440c-4582-40dd-8de2-32df7132bb41\" rel=\"nofollow noopener\" target=\"_blank\">W imieniu Sensorii, cho\u0107 pytania adresowane by\u0142y personalnie do prezesa Dariusza Szpota i jego zast\u0119pcy Adama Bogacza, odpowiedzi udzieli\u0142 mi bezosobowy &#8222;zesp\u00f3\u0142 Fundacji Sensoria&#8221;<\/a>.<\/p>\n<p>Skr\u00f3ci\u0107 je mo\u017cna do kilku punkt\u00f3w.<\/p>\n<p>     <img class=\"ods-a-photo ods-a-photo--background\" src=\"https:\/\/www.europesays.com\/pl\/wp-content\/uploads\/2026\/06\/HF0k9lBaHR0cHM6Ly9vY2RuLmV1L3B1bHNjbXMvTURBXy82ZDU5Njk3NjJmODNiY2Q5OGE3MWRhZGMxMzUzNGRiMS5qcGeRkwXNB.jpeg\" height=\"530\" width=\"940\" alt=\"Wiceprezes Fundacji Sensoria Adam Bogacz\" loading=\"lazy\" fetchpriority=\"auto\" decoding=\"auto\"\/>    <\/p>\n<p>linkedin.com<\/p>\n<p>  Wiceprezes Fundacji Sensoria Adam Bogacz  <\/p>\n<ul class=\"ods-m-bullet-list\">\n<li class=\"ods-a-bullet ods-a-bullet--normal\"> Fundacja nie ma wiedzy o tocz\u0105cym si\u0119 w prokuraturze \u015bledztwie. <\/li>\n<li class=\"ods-a-bullet ods-a-bullet--normal\"> Po\u017cyczki udzielane sp\u00f3\u0142ce Avi Tadayevitz Enterprises (obecnie Instytut Innowacji Katoda), owszem by\u0142y nieoprocentowane, ale &#8222;zwi\u0105zane by\u0142y z realizacj\u0105 cel\u00f3w statutowych fundacji, w szczeg\u00f3lno\u015bci dzia\u0142alno\u015b\u0107 wspomagaj\u0105ca rozw\u00f3j techniki, wynalazczo\u015bci i innowacyjno\u015bci oraz rozpowszechnianie i wdra\u017canie nowych rozwi\u0105za\u0144 technicznych w praktyce gospodarczej i wspieranie projekt\u00f3w o charakterze spo\u0142ecznie u\u017cytecznym&#8221;. <\/li>\n<li class=\"ods-a-bullet ods-a-bullet--normal\"> &#8222;Nie ma podstaw, by twierdzi\u0107, \u017ce \u015brodki pochodz\u0105ce z Fundacji Sensoria by\u0142y warunkiem koniecznym uzyskania finansowania z Narodowego Centrum Bada\u0144 i Rozwoju przez wskazane podmioty. Tego rodzaju stwierdzenia maj\u0105 charakter spekulacyjny&#8221;. <\/li>\n<li class=\"ods-a-bullet ods-a-bullet--normal\"> <a href=\"https:\/\/www.onet.pl\/informacje\/onetwiadomosci\/rozliczasz-pit-elektronicznie-spodziewaj-sie-telefonu-ze-skarbowki\/xf8mwj9,79cfc278\" rel=\"nofollow noopener\" target=\"_blank\">&#8222;Sprowadzenie dzia\u0142alno\u015bci serwisu podatnik.info wy\u0142\u0105cznie do zapewniania wp\u0142yw\u00f3w dla konkretnych fundacji jest uproszczeniem i nie oddaje rzeczywistego charakteru tego typu us\u0142ug.<\/a> <\/li>\n<li class=\"ods-a-bullet ods-a-bullet--normal\"> Celem serwisu by\u0142o umo\u017cliwienie podatnikom wygodnego i prawid\u0142owego rozliczania deklaracji podatkowych. Decyzja o przekazaniu 1 proc. podatku ka\u017cdorazowo nale\u017ca\u0142a wy\u0142\u0105cznie do podatnika i mia\u0142a charakter dobrowolny&#8221;. <\/li>\n<li class=\"ods-a-bullet ods-a-bullet--normal\"> Sprawa kontroli Wojewody Dolno\u015bl\u0105skiego z 2020 r. zosta\u0142a zako\u0144czona w 2022 r. &#8222;umorzeniem post\u0119powania administracyjnego w ca\u0142o\u015bci. W toku post\u0119powania nie stwierdzono podstaw do kwestionowania wydatkowania \u015brodk\u00f3w pochodz\u0105cych z odpisu 1 proc. podatku, w tym po\u017cyczek udzielanych przez Fundacj\u0119&#8221;. <\/li>\n<li class=\"ods-a-bullet ods-a-bullet--normal\"> Za\u015b znajomo\u015b\u0107 wiceprezesa Fundacji Sensoria z Rados\u0142awem Tadajewskim i Micha\u0142em Walug\u0105 &#8222;zwi\u0105zana jest z dzia\u0142alno\u015bci\u0105 i wsp\u00f3\u0142prac\u0105 prowadzon\u0105 w obszarze dzia\u0142alno\u015bci spo\u0142ecznej, projekt\u00f3w technologicznych oraz przedsi\u0119biorczo\u015bci na przestrzeni lat i ma charakter zawodowy. Relacje te nie maj\u0105 charakteru prywatnego ani rodzinnego&#8221;, a &#8222;sugestia, \u017ce decyzje zarz\u0105du Fundacji mia\u0142y pozostawa\u0107 pod wp\u0142ywem pana Rados\u0142awa Tadajewskiego lub pana Micha\u0142a Walugi, jest nieuprawniona&#8221;. <\/li>\n<\/ul>\n<p>     Proceder trwa. Ju\u017c 20 mln wytransferowane z fundacji do sp\u00f3\u0142ek<\/p>\n<p>Opr\u00f3cz wci\u0105\u017c trwaj\u0105cego \u015bledztwa prokuratury, kontroli Krajowej Administracji Skarbowej i Narodowego Instytutu Wolno\u015bci, ponown\u0105 kontrol\u0119 w Fundacji Sensoria wszcz\u0119\u0142a obecna wojewoda dolno\u015bl\u0105ska Anna \u017babska. W tym ostatnim wypadku badane jest wydatkowanie przez ni\u0105 wp\u0142yw\u00f3w z 1,5 proc. po roku 2023.<\/p>\n<p>Nieoficjalnie wiemy, \u017ce jej wst\u0119pne ustalenia pokrywaj\u0105 si\u0119 z tym, co kontrolerzy odkryli w roku 2020.<\/p>\n<p>     <img class=\"ods-a-photo ods-a-photo--background\" src=\"https:\/\/www.europesays.com\/pl\/wp-content\/uploads\/2026\/06\/X2tk9lBaHR0cHM6Ly9vY2RuLmV1L3B1bHNjbXMvTURBXy82MWYwNTBmOTViM2U3MThiNzBlMDI2Yjc2NjQ0ZmE1Ny5qcGeRkwXNB.jpeg\" height=\"212\" width=\"940\" alt=\"Fragment sprawozdania finansowego Fundacji Sensoria za 2024 r.  \" loading=\"lazy\" fetchpriority=\"auto\" decoding=\"auto\"\/>    <\/p>\n<p>rejestr.io<\/p>\n<p>  Fragment sprawozdania finansowego Fundacji Sensoria za 2024 r.    <\/p>\n<p>Od 2019 r., kiedy Sensoria po raz pierwszy zosta\u0142a wpisana jako odbiorca tych \u015brodk\u00f3w od os\u00f3b korzystaj\u0105cych z programu Podatnik.Info, do ko\u0144ca 2024 r., kiedy to z\u0142o\u017cy\u0142a ostatnie sprawozdanie finansowe ze swojej dzia\u0142alno\u015bci, warto\u015b\u0107 po\u017cyczek udzielonych sp\u00f3\u0142kom Instytut Innowacji Katoda i Innowacje dla Przysz\u0142o\u015bci non-profit wzros\u0142a z 5,5 do blisko 20 mln z\u0142.<\/p>\n","protected":false},"excerpt":{"rendered":"Rados\u0142aw Tadajewski to posta\u0107 wielokrotnie opisywana przez Onet. Ostatnio da\u0142 si\u0119 pozna\u0107 m.in. jako wsp\u00f3\u0142w\u0142a\u015bciciel kontrowersyjnej agencji Publicon&hellip;\n","protected":false},"author":2,"featured_media":487075,"comment_status":"","ping_status":"","sticky":false,"template":"","format":"standard","meta":{"footnotes":"","_share_on_mastodon":"0"},"categories":[12],"tags":[93491,56,61195,32,33,359,36,37,27,93492,16839,34,35,3946,28,31,10658,48,1633,25,46,16415,529,42,38,40,39,41,1627,18123,47,29,30,341,26],"class_list":["post-487074","post","type-post","status-publish","format-standard","has-post-thumbnail","category-polska","tag-1_procent","tag-article_premium","tag-bottomfeed_styl","tag-breaking-news","tag-breakingnews","tag-cba","tag-featured-news","tag-featurednews","tag-headlines","tag-jaroslaw_obremski","tag-krajowa_administracja_skarbowa","tag-latest-news","tag-latestnews","tag-mateusz_morawiecki","tag-naglowki","tag-najwazniejsze-artykuly","tag-narodowy_instytut_wolnosci","tag-nat_styl","tag-ncbir","tag-news","tag-omp","tag-piotr_glinski","tag-pis","tag-pl","tag-poland","tag-polish","tag-polska","tag-polski","tag-prokuratura","tag-radoslaw_tadajewski","tag-screening_general","tag-top-stories","tag-topstories","tag-tylko_w_onecie","tag-wiadomosci"],"share_on_mastodon":{"url":"","error":"Validation failed: Text character limit of 500 exceeded"},"_links":{"self":[{"href":"https:\/\/www.europesays.com\/pl\/wp-json\/wp\/v2\/posts\/487074","targetHints":{"allow":["GET"]}}],"collection":[{"href":"https:\/\/www.europesays.com\/pl\/wp-json\/wp\/v2\/posts"}],"about":[{"href":"https:\/\/www.europesays.com\/pl\/wp-json\/wp\/v2\/types\/post"}],"author":[{"embeddable":true,"href":"https:\/\/www.europesays.com\/pl\/wp-json\/wp\/v2\/users\/2"}],"replies":[{"embeddable":true,"href":"https:\/\/www.europesays.com\/pl\/wp-json\/wp\/v2\/comments?post=487074"}],"version-history":[{"count":0,"href":"https:\/\/www.europesays.com\/pl\/wp-json\/wp\/v2\/posts\/487074\/revisions"}],"wp:featuredmedia":[{"embeddable":true,"href":"https:\/\/www.europesays.com\/pl\/wp-json\/wp\/v2\/media\/487075"}],"wp:attachment":[{"href":"https:\/\/www.europesays.com\/pl\/wp-json\/wp\/v2\/media?parent=487074"}],"wp:term":[{"taxonomy":"category","embeddable":true,"href":"https:\/\/www.europesays.com\/pl\/wp-json\/wp\/v2\/categories?post=487074"},{"taxonomy":"post_tag","embeddable":true,"href":"https:\/\/www.europesays.com\/pl\/wp-json\/wp\/v2\/tags?post=487074"}],"curies":[{"name":"wp","href":"https:\/\/api.w.org\/{rel}","templated":true}]}}