{"id":487903,"date":"2026-06-11T14:47:19","date_gmt":"2026-06-11T14:47:19","guid":{"rendered":"https:\/\/www.europesays.com\/pl\/487903\/"},"modified":"2026-06-11T14:47:19","modified_gmt":"2026-06-11T14:47:19","slug":"znow-zagraja-w-europie-rc-fm","status":"publish","type":"post","link":"https:\/\/www.europesays.com\/pl\/487903\/","title":{"rendered":"Zn\u00f3w zagraj\u0105 w Europie | rc.fm"},"content":{"rendered":"<p>          <a href=\"https:\/\/m.rc.fm\/files\/artykul_sportowy\/166340\/znow_zagraja_w_europie2.jpg\" title=\"na fot.: Nagrod\u0105 za zaj\u0119cie czwartego miejsca w Orlen Superlidze jest udzia\u0142 w Pucharze EHF \/ fot. www.RC.fm\" class=\"colorbox\" rel=\"gallery-node-166340 nofollow noopener\" target=\"_blank\"><img loading=\"lazy\" decoding=\"async\" class=\"image-style-thumbnail\" src=\"https:\/\/www.europesays.com\/pl\/wp-content\/uploads\/2026\/06\/znow_zagraja_w_europie2.jpg\" width=\"220\" height=\"143\" alt=\"\" title=\"na fot.: Nagrod\u0105 za zaj\u0119cie czwartego miejsca w Orlen Superlidze jest udzia\u0142 w Pucharze EHF \/ fot. www.RC.fm\"\/><\/a>    <\/p>\n<p>Po raz drugi z rz\u0119du pi\u0142karze r\u0119czni Rebud KPR Ostrovii zagraj\u0105 w europejskich pucharach. Tym razem nie w Lidze Europejskiej, gdzie wyst\u0119powali ostatnio z racji zaj\u0119cia trzeciego miejsca w Orlen Superlidze, ale Pucharze EHF, kt\u00f3ry odbywa si\u0119 nieco innym systemem ni\u017c Liga Europejska, bo o awansie do kolejnej fazy decyduje mecz i rewan\u017c. \u201eMo\u017cemy w nim zaj\u015b\u0107 znacznie dalej ni\u017c ostatnio\u201d -powiedzia\u0142 <a href=\"https:\/\/www.rc.fm\/reklama\" rel=\"nofollow noopener\" target=\"_blank\"> <\/a><a href=\"https:\/\/www.rc.fm\/reklama\" rel=\"nofollow noopener\" target=\"_blank\"> radiuCENTRUM<\/a> Bart\u0142omiej Tomczak, dyrektor sportowy Rebud KPR Ostrovia.<\/p>\n<p>\u201eB\u0119dziemy gra\u0107 w tym ni\u017cszym pucharze. Na pewno jest tam szansa zaj\u015bcia du\u017co dalej. Zespo\u0142y, kt\u00f3re tam wyst\u0119puj\u0105 s\u0105 s\u0142absze ni\u017c w Lidze Europejskiej. Rywalizacja odbywa\u0107 si\u0119 b\u0119dzie systemem pucharowy mecz i rewan\u017c. B\u0119dzie to nam dawa\u0142o mo\u017cliwo\u015b\u0107 rozwoju i dobrej europejskiej gry. Mam nadziej\u0119, \u017ce uda nam si\u0119 zaj\u015b\u0107 jak najdalej. Do tego pozosta\u0142o jeszcze troch\u0119 czasu. Z\u0142o\u017cyli\u015bmy dokumenty i b\u0119dziemy chcieli wyst\u0119powa\u0107 w tym trzecim co do wa\u017cno\u015bci europejskim pucharze\u201d \u2013 powiedzia\u0142 <a href=\"https:\/\/www.rc.fm\/reklama\" rel=\"nofollow noopener\" target=\"_blank\"> <\/a><a href=\"https:\/\/www.rc.fm\/reklama\" rel=\"nofollow noopener\" target=\"_blank\"> radiuCENTRUM<\/a> Bart\u0142omiej Tomczak.<\/p>\n<p>Tym razem przyjazdu do Ostrowa takich pot\u0119g jak THW Kiel czy Montpellier Handball spodziewa\u0107 si\u0119 nie mo\u017cna, ale jest to szansa, by bia\u0142o-czerwone pasiaki pogra\u0142y w Pucharze EHF jak najd\u0142u\u017cej i zebra\u0142y cenne do\u015bwiadczenie, kt\u00f3re powinno zaprocentowa\u0107 w krajowych rozgrywkach.<\/p>\n<p><img loading=\"lazy\" decoding=\"async\" src=\"https:\/\/www.europesays.com\/pl\/wp-content\/uploads\/2026\/06\/znow_zagraja_w_europie1.jpg\" alt=\"\" width=\"640\" height=\"399\"\/>na fot.: Po wyst\u0119pach w Lidze Europejskiej, czas na gr\u0119 w Pucharze EHF<\/p>\n<p>Autor:\u00a0<br \/>\n  <img loading=\"lazy\" decoding=\"async\" class=\"image-style-none\" src=\"https:\/\/www.europesays.com\/pl\/wp-content\/uploads\/2026\/05\/kmiecik-133x133.png\" width=\"133\" height=\"133\" alt=\"\"\/><\/p>\n<p>      Personalia<\/p>\n<p>    e-mail<br \/>\nkmiecik@rc.fm<\/p>\n<p>Nazwisko:\u00a0<\/p>\n<p>          <a href=\"https:\/\/www.europesays.com\/pl\/wp-content\/uploads\/2026\/06\/znow_zagraja_w_europie1.jpg\" title=\"Zn\u00f3w zagraj\u0105 w Europie\" class=\"colorbox\" rel=\"gallery-node-166340\"><img loading=\"lazy\" decoding=\"async\" class=\"image-style-kwadrat115\" src=\"https:\/\/www.europesays.com\/pl\/wp-content\/uploads\/2026\/06\/1781189238_861_znow_zagraja_w_europie1.jpg\" width=\"115\" height=\"115\" alt=\"\" title=\"\"\/><\/a>    <\/p>\n<p> <img loading=\"lazy\" decoding=\"async\" class=\"image-style-none\" src=\"https:\/\/www.europesays.com\/pl\/wp-content\/uploads\/2026\/05\/rc_adik.jpg\" width=\"640\" height=\"640\"\/>NEWS nr 2:\u00a0<\/p>\n<p>\n<br \/>Ka\u017cde forum komentarzy umieszczone pod informacjami prasowymi na niniejszej stronie internetowej (www.rc.fm),<br \/>\nnie jest moderowane w czasie rzeczywistym  &#8211; komentarze nie s\u0105 weryfikowane przed ich automatyczn\u0105 publikacj\u0105.<br \/>\nNie jest dozwolone umieszczanie w ww. komentarzach: nazw i marek o charakterze komercyjnym,<br \/>\nlink\u00f3w czy innego rodzaju przekierowa\u0144 do innych stron internetowych i jakichkolwiek obiekt\u00f3w graficznych.<br \/>\nWpisy \u0142ami\u0105ce prawo nale\u017cy zg\u0142asza\u0107 na adres: adm@rc.fm. Wpisuj\u0105c jakikolwiek komentarz na niniejszej stronie internetowej (www.rc.fm),<br \/>\nautor tego komentarza przyjmuje \u015bwiadomie do wiadomo\u015bci i \u015bwiadomie akceptuje bezwarunkowe prawo w\u0142a\u015bciciela niniejszej strony internetowej<br \/>\n(www.rc.fm) do usuni\u0119cia lub modyfikacyjnego skr\u00f3tu wpisanego komentarza oraz brak gwarancji zapewnienia ci\u0105g\u0142o\u015bci publikacji wpisanego<br \/>\nkomentarza, jako korespondencji niezam\u00f3wionej przez w\u0142a\u015bciciela niniejszej strony internetowej (www.rc.fm).<br \/><\/p>\n","protected":false},"excerpt":{"rendered":"Po raz drugi z rz\u0119du pi\u0142karze r\u0119czni Rebud KPR Ostrovii zagraj\u0105 w europejskich pucharach. Tym razem nie w&hellip;\n","protected":false},"author":2,"featured_media":487904,"comment_status":"","ping_status":"","sticky":false,"template":"","format":"standard","meta":{"footnotes":"","_share_on_mastodon":"0"},"categories":[52097],"tags":[59944,7749,59943,59947,59945,8445,59942,4255,774,56315,42,27719,59946,38,40,39,41,7998,8945,1092],"class_list":["post-487903","post","type-post","status-publish","format-standard","has-post-thumbnail","category-orlen","tag-dziennik","tag-gazeta","tag-gazeta-kaliska","tag-gazeta-lokalna","tag-informacje-lokalne","tag-jarocin","tag-kaliska","tag-kalisz","tag-orlen","tag-ostrow-wlkp","tag-pl","tag-pleszew","tag-poudniowa-wielkopolska","tag-poland","tag-polish","tag-polska","tag-polski","tag-radio","tag-wielkopolska","tag-wydarzenia"],"share_on_mastodon":{"url":"https:\/\/pubeurope.com\/@pl\/116732025854572982","error":""},"_links":{"self":[{"href":"https:\/\/www.europesays.com\/pl\/wp-json\/wp\/v2\/posts\/487903","targetHints":{"allow":["GET"]}}],"collection":[{"href":"https:\/\/www.europesays.com\/pl\/wp-json\/wp\/v2\/posts"}],"about":[{"href":"https:\/\/www.europesays.com\/pl\/wp-json\/wp\/v2\/types\/post"}],"author":[{"embeddable":true,"href":"https:\/\/www.europesays.com\/pl\/wp-json\/wp\/v2\/users\/2"}],"replies":[{"embeddable":true,"href":"https:\/\/www.europesays.com\/pl\/wp-json\/wp\/v2\/comments?post=487903"}],"version-history":[{"count":0,"href":"https:\/\/www.europesays.com\/pl\/wp-json\/wp\/v2\/posts\/487903\/revisions"}],"wp:featuredmedia":[{"embeddable":true,"href":"https:\/\/www.europesays.com\/pl\/wp-json\/wp\/v2\/media\/487904"}],"wp:attachment":[{"href":"https:\/\/www.europesays.com\/pl\/wp-json\/wp\/v2\/media?parent=487903"}],"wp:term":[{"taxonomy":"category","embeddable":true,"href":"https:\/\/www.europesays.com\/pl\/wp-json\/wp\/v2\/categories?post=487903"},{"taxonomy":"post_tag","embeddable":true,"href":"https:\/\/www.europesays.com\/pl\/wp-json\/wp\/v2\/tags?post=487903"}],"curies":[{"name":"wp","href":"https:\/\/api.w.org\/{rel}","templated":true}]}}