{"id":488597,"date":"2026-06-11T21:41:08","date_gmt":"2026-06-11T21:41:08","guid":{"rendered":"https:\/\/www.europesays.com\/pl\/488597\/"},"modified":"2026-06-11T21:41:08","modified_gmt":"2026-06-11T21:41:08","slug":"nawrocki-zawetowal-ustawe-ws-kryptowalut-domanski-rzad-tuska-sie-nie-ugnie","status":"publish","type":"post","link":"https:\/\/www.europesays.com\/pl\/488597\/","title":{"rendered":"Nawrocki zawetowa\u0142 ustaw\u0119 ws. kryptowalut. Doma\u0144ski: Rz\u0105d Tuska si\u0119 nie ugnie"},"content":{"rendered":"\n<p>&#13;<br \/>\nPrezydent Nawrocki przekonuje, \u017ce\u00a0zawetowana przez niego ustawa o\u00a0kryptowalutach zawiera przepisy budz\u0105ce powa\u017cne w\u0105tpliwo\u015bci. &#13;\n<\/p>\n<p>&#13;<br \/>\nDonald Tusk nie\u00a0kryje rozczarowania postaw\u0105 g\u0142owy pa\u0144stwa. Premier krytykuje Nawrockiego i\u00a0twierdzi, \u017ce\u00a0prezydent jest &#8222;uwik\u0142any&#8221; w\u00a0spraw\u0119 kryptowalut. &#13;\n<\/p>\n<p>&#13;<br \/>\n&#8222;Brzmi niewiarygodnie, ale\u00a0prezydent zn\u00f3w zawetowa\u0142 ustaw\u0119 o\u00a0kryptowalutach. Jest w\u00a0to chyba bardziej uwik\u0142any, ni\u017c\u00a0wszyscy my\u015bleli&#8221; \u2013\u00a0<a href=\"https:\/\/dorzeczy.pl\/opinie\/899671\/tusk-atakuje-nawrockiego-chodzi-o-weto-ws-kryptowalut.html\" rel=\"nofollow noopener\" target=\"_blank\">napisa\u0142 szef rz\u0105du<\/a> w\u00a0mediach spo\u0142eczno\u015bciowych. &#13;\n<\/p>\n<p>Doma\u0144ski: Rynek kryptowalut nie\u00a0mo\u017ce by\u0107 nieuregulowany<\/p>\n<p>&#13;<br \/>\nSytuacj\u0119 skomentowa\u0142 w\u00a0czwartek na\u00a0antenie TVP Info minister finans\u00f3w Andrzej Doma\u0144ski. &#13;\n<\/p>\n<p>&#13;<br \/>\n\u2013 Nasz rz\u0105d nie\u00a0ugnie si\u0119, nasz rz\u0105d b\u0119dzie kontynuowa\u0142 dzia\u0142ania na\u00a0rzecz tego, aby\u00a0Polacy mogli w\u00a0spos\u00f3b bezpieczny inwestowa\u0107 na\u00a0rynku kryptoaktyw\u00f3w \u2013\u00a0powiedzia\u0142 cz\u0142onek rz\u0105du Donalda Tuska. &#13;\n<\/p>\n<p>&#13;<br \/>\nSzef resortu finans\u00f3w zapowiedzia\u0142, \u017ce\u00a0&#8222;b\u0119dzie czwarta ustawa&#8221;. \u2013\u00a0Dlatego \u017ce\u00a0my nie\u00a0mo\u017cemy sobie na\u00a0to\u00a0pozwoli\u0107, aby\u00a0ten rynek by\u0142 rynkiem nieuregulowanym \u2013\u00a0wyja\u015bni\u0142 Doma\u0144ski. &#13;\n<\/p>\n<p>&#13;<br \/>\n\u2013 To\u00a0weto pojawi\u0142o si\u0119 dzisiaj, wi\u0119c jest jeszcze za\u00a0wcze\u015bnie, \u017ceby dok\u0142adnie powiedzie\u0107 o\u00a0kszta\u0142cie tej kolejnej ustawy, ale\u00a0ja nie\u00a0\u2013 podkre\u015bli\u0142 minister. &#13;\n<\/p>\n<p>Gawkowski: Prezydent z\u00a0PiS nie\u00a0chce nadzoru nad kryptowalutami<\/p>\n<p>&#13;<br \/>\nDo sprawy odni\u00f3s\u0142 si\u0119 tego samego dnia na\u00a0antenie Polsat News wicepremier i\u00a0minister cyfryzacji Krzysztof Gawkowski. \u2013\u00a0Je\u017celi komu\u015b w\u00a0opozycji, w\u00a0PiS czy\u00a0w\u00a0Konfederacji, w\u00a0Pa\u0142acu Prezydenckim czy\u00a0gdziekolwiek indziej, wydaje si\u0119, \u017ce\u00a0nie b\u0119dziemy w\u00a0tej sprawie mieli kolejnych ustaw, to\u00a0si\u0119 myli \u2013\u00a0powiedzia\u0142 polityk Nowej Lewicy. &#13;\n<\/p>\n<p>&#13;<br \/>\n<a href=\"https:\/\/dorzeczy.pl\/opinie\/899767\/nawrocki-zawetowal-ustawe-ws-kryptowalut-gawkowski-krytykuje-prezydenta.html\" rel=\"nofollow noopener\" target=\"_blank\">Gawkowski zwr\u00f3ci\u0142 uwag\u0119<\/a> na\u00a0spraw\u0119 SKOK-\u00f3w i\u00a0braku kontroli ze\u00a0strony Komisji Nadzoru Finansowego. \u2013\u00a0Przypomnijmy to. Wtedy ludzie tracili miliony. Dzisiaj jest dok\u0142adnie ta\u00a0sama sytuacja jeden do\u00a0jednego. Wtedy PiS nie\u00a0chcia\u0142 nadzoru, dzisiaj PiS nie\u00a0chce nadzoru \u2013\u00a0powiedzia\u0142 wicepremier. &#13;\n<\/p>\n<p>&#13;<br \/>\n\u2013 Dzisiaj PiS nie\u00a0chce nadzoru, prezydent z\u00a0PiS nie\u00a0chce nadzoru. To\u00a0jest krycie koleg\u00f3w przed tym, \u017ce\u00a0moczyli r\u0119ce w\u00a0brudnej aferze i\u00a0albo my\u00a0zaczniemy to\u00a0nazywa\u0107 po\u00a0imieniu, \u017ce\u00a0prezydent kryje bandzior\u00f3w, albo b\u0119dzie si\u0119 dzia\u0142o to\u00a0\u2013 stwierdzi\u0142 minister cyfryzacji. &#13;\n<\/p>\n<p>&#13;<br \/>\nCzytaj te\u017c:<br \/><a href=\"https:\/\/dorzeczy.pl\/opinie\/899734\/nawrocki-zawetowal-ustawe-ws-kryptowalut-gramatyka-polacy-traca-oszczednosci.html\" rel=\"follow nofollow noopener\" data-schema=\"DORZECZY\" data-image=\"https:\/\/img.dorzeczy.pl\/_thumb\/05\/9b\/79cf29da6fba47a816baff7eea93.jpeg\" target=\"_blank\">&#8222;To jest najgorsze&#8221;. Wiceminister o\u00a0wecie prezydenta ws. kryptowalut<\/a>Czytaj te\u017c:<br \/><a href=\"https:\/\/dorzeczy.pl\/kraj\/899722\/burza-po-wecie-nawrockiego-ws-kryptowalut-wygrali-gangsterzy-pokazal-charakter.html\" rel=\"follow nofollow noopener\" data-schema=\"DORZECZY\" data-image=\"https:\/\/img.dorzeczy.pl\/_thumb\/c8\/6b\/9eb36d3318c24be9478824d143dc.jpeg\" target=\"_blank\">Burza po\u00a0wecie prezydenta. &#8222;Wygrali gangsterzy&#8221;, &#8222;Nawrocki pokaza\u0142 charakter&#8221;<\/a>&#13;<\/p>\n","protected":false},"excerpt":{"rendered":"&#13; Prezydent Nawrocki przekonuje, \u017ce\u00a0zawetowana przez niego ustawa o\u00a0kryptowalutach zawiera przepisy budz\u0105ce powa\u017cne w\u0105tpliwo\u015bci. &#13; &#13; Donald Tusk&hellip;\n","protected":false},"author":2,"featured_media":488598,"comment_status":"","ping_status":"","sticky":false,"template":"","format":"standard","meta":{"footnotes":"","_share_on_mastodon":"0"},"categories":[62713],"tags":[389,1345,98,105,49,3835,11975,1315,103,102,101,1005,207,380,99,8206],"class_list":["post-488597","post","type-post","status-publish","format-standard","has-post-thumbnail","category-donald-tusk","tag-domanski","tag-donald-tusk","tag-dorzeczy","tag-ekonomia","tag-kraj","tag-kryptowaluty","tag-minister-finansow","tag-nawrocki","tag-obserwator-mediow","tag-opinie","tag-premier","tag-prezydent","tag-projekt","tag-rzad","tag-tusk","tag-weto"],"share_on_mastodon":{"url":"https:\/\/pubeurope.com\/@pl\/116733653038895241","error":""},"_links":{"self":[{"href":"https:\/\/www.europesays.com\/pl\/wp-json\/wp\/v2\/posts\/488597","targetHints":{"allow":["GET"]}}],"collection":[{"href":"https:\/\/www.europesays.com\/pl\/wp-json\/wp\/v2\/posts"}],"about":[{"href":"https:\/\/www.europesays.com\/pl\/wp-json\/wp\/v2\/types\/post"}],"author":[{"embeddable":true,"href":"https:\/\/www.europesays.com\/pl\/wp-json\/wp\/v2\/users\/2"}],"replies":[{"embeddable":true,"href":"https:\/\/www.europesays.com\/pl\/wp-json\/wp\/v2\/comments?post=488597"}],"version-history":[{"count":0,"href":"https:\/\/www.europesays.com\/pl\/wp-json\/wp\/v2\/posts\/488597\/revisions"}],"wp:featuredmedia":[{"embeddable":true,"href":"https:\/\/www.europesays.com\/pl\/wp-json\/wp\/v2\/media\/488598"}],"wp:attachment":[{"href":"https:\/\/www.europesays.com\/pl\/wp-json\/wp\/v2\/media?parent=488597"}],"wp:term":[{"taxonomy":"category","embeddable":true,"href":"https:\/\/www.europesays.com\/pl\/wp-json\/wp\/v2\/categories?post=488597"},{"taxonomy":"post_tag","embeddable":true,"href":"https:\/\/www.europesays.com\/pl\/wp-json\/wp\/v2\/tags?post=488597"}],"curies":[{"name":"wp","href":"https:\/\/api.w.org\/{rel}","templated":true}]}}