{"id":488636,"date":"2026-06-11T22:12:13","date_gmt":"2026-06-11T22:12:13","guid":{"rendered":"https:\/\/www.europesays.com\/pl\/488636\/"},"modified":"2026-06-11T22:12:13","modified_gmt":"2026-06-11T22:12:13","slug":"mecz-mundialu-przerwany-oto-powod-sportowefakty","status":"publish","type":"post","link":"https:\/\/www.europesays.com\/pl\/488636\/","title":{"rendered":"Mecz mundialu przerwany. Oto pow\u00f3d &#8211; SportoweFakty"},"content":{"rendered":"<ol>\n<li><a href=\"https:\/\/news.google.com\/rss\/articles\/CBMiiAFBVV95cUxNb2JPemlwQjlrR3phWFIwNGdMWDNNY2pWajkyeXdUQkNfb256S3VrclI2VkpMMGdKMllMTjlIT183WFlPbXBZQzgyU3NubWtXdFgtOVUyaHlkczFCZ3NYVWZiVU1QZFJnNWgyZkU5c2JkRkZEYUozQk1jYXVoZVZnbnJIU2FmaG01?oc=5\" target=\"_blank\" rel=\"nofollow noopener\">Mecz mundialu przerwany. Oto pow\u00f3d<\/a>&nbsp;&nbsp;SportoweFakty<\/li>\n<li><a href=\"https:\/\/news.google.com\/rss\/articles\/CBMirwFBVV95cUxOazBnQVBiQlFLMjZ5aGt6dzJ0UzlpUFh4RThsTkVxMGp3cVVvYm9nZTdtR1gxbDBudFRYaU5lVG53M2ZLQnJlcWNHZlk1dkZqVGFrWjRYZXd5Z1FNanhQLU5KZm5jMmx2MFV6R0RqNW5GdklhSjVOakxGQXdRV0p0QW9aejlPRzlYMHZoOUVXQjZleURRWU5UTnNVUGg3bExFelNvWnZITFJsMmdTaEFV?oc=5\" target=\"_blank\" rel=\"nofollow noopener\">Mundial czas zacz\u0105\u0107! Ogl\u0105daj mecz otwarcia Meksyk \u2013 RPA<\/a>&nbsp;&nbsp;sport.tvp.pl<\/li>\n<li><a href=\"https:\/\/news.google.com\/rss\/articles\/CBMi0AFBVV95cUxQVXZKRU9kbTROaHdQQ1paeVJraDFZOVctUDk1RTFUek9reFFyX1FueGd1eGJ1cFZ6ZHRmaWt0UlBuVlNkZG80NTE2V2pzaDRIblM0ZkdoTm1wU2w2Q1g4RnJYN2QzS0hCSkxGX1h2WGcwZW1wTU1ZY1owYTYtRXNNSDZmallGTW5vYmdybHlkbnhHM0ZQODJLZjVlMlNueGNoZmVVeHRGY2EzVVJMSWFTU2pPelJpTUxWLV9yZTJhWnl2Sktmd1IxUXJBeVdQdjRL?oc=5\" target=\"_blank\" rel=\"nofollow noopener\">Trzy czerwone kartki, Meksyk \u015bwi\u0119tuje! Ale\u017c otwarcie M\u015a 2026<\/a>&nbsp;&nbsp;Przegl\u0105d Sportowy<\/li>\n<li><a href=\"https:\/\/news.google.com\/rss\/articles\/CBMitAFBVV95cUxOMVEyRFhFMS1VTnpnUEhFVDVCSVF6LUgyUk41MUtTU0ZoVkVEUGRublpmZk5QeUE1TE1WVldiMklaZjZFTG9GX2JoV25tdmN5dmtWWEtUc2IwdXVWZ2lsRFd5S2taZzM2RzVBZ1RIMmlsTHZ0UjJqWnBGUVY3WV9DSlNSQ19mNUtXcW1VRVlZWC1ZSUhnOGNzSXlEZ1JUQUM5OU1GNjY2TlFqUW5ZdWIySWFRVjk?oc=5\" target=\"_blank\" rel=\"nofollow noopener\">Niebywa\u0142e, co dzia\u0142o si\u0119 w Meksyku na start mundialu. Dwa \u015bwiaty<\/a>&nbsp;&nbsp;Sport.pl<\/li>\n<li><a href=\"https:\/\/news.google.com\/rss\/articles\/CBMixwFBVV95cUxOWHBaeXJBejB5V1NpaHBybW5FSmhzSmNKQ0dYV3BNVzNvM0t4aUpwcnJrTEF4cGNjeGI4SUtlTUJ6aXF5Q2E5SVJQcGlvXzFIekZUbHhvQXhUSlZsOHlyNzNTemV4UTRiOUU1U19ZMVVJZGt1MDE4Y1BDXzFtRk5pLWt6c3k3LUV6TEhfLUNyVUs2Tzg0UmtDMmx5bm8yUHg0dHN1ZDJHdC1xNDdGaXgxSXpUWUs5enp2Yng5ZEJLSFZkTGpMSmRN?oc=5\" target=\"_blank\" rel=\"nofollow noopener\">Prawie straci\u0142 \u017cycie, zosta\u0142 bohaterem na M\u015a 2026. Legendarny pi\u0142karz nie kry\u0142 \u0142ez<\/a>&nbsp;&nbsp;Meczyki.pl<\/li>\n<\/ol>\n","protected":false},"excerpt":{"rendered":"Mecz mundialu przerwany. Oto pow\u00f3d&nbsp;&nbsp;SportoweFakty Mundial czas zacz\u0105\u0107! Ogl\u0105daj mecz otwarcia Meksyk \u2013 RPA&nbsp;&nbsp;sport.tvp.pl Trzy czerwone kartki, Meksyk&hellip;\n","protected":false},"author":2,"featured_media":488637,"comment_status":"","ping_status":"","sticky":false,"template":"","format":"standard","meta":{"footnotes":"","_share_on_mastodon":"0"},"categories":[5],"tags":[32,33,36,37,1285,27,34,35,5721,3037,9090,28,31,25,989,269,42,38,40,39,41,93219,57019,3266,268,29,30,26],"class_list":["post-488636","post","type-post","status-publish","format-standard","has-post-thumbnail","category-naglowki","tag-breaking-news","tag-breakingnews","tag-featured-news","tag-featurednews","tag-fifa","tag-headlines","tag-latest-news","tag-latestnews","tag-meksyk","tag-mistrzostwa-swiata","tag-mistrzostwa-swiata-2026","tag-naglowki","tag-najwazniejsze-artykuly","tag-news","tag-pilka-na-swiecie","tag-pilka-nozna","tag-pl","tag-poland","tag-polish","tag-polska","tag-polski","tag-reprezentacja-meksyku","tag-reprezentacja-republiki-poludniowej-afryki","tag-rpa","tag-sportowybar","tag-top-stories","tag-topstories","tag-wiadomosci"],"share_on_mastodon":{"url":"https:\/\/pubeurope.com\/@pl\/116733774958052189","error":""},"_links":{"self":[{"href":"https:\/\/www.europesays.com\/pl\/wp-json\/wp\/v2\/posts\/488636","targetHints":{"allow":["GET"]}}],"collection":[{"href":"https:\/\/www.europesays.com\/pl\/wp-json\/wp\/v2\/posts"}],"about":[{"href":"https:\/\/www.europesays.com\/pl\/wp-json\/wp\/v2\/types\/post"}],"author":[{"embeddable":true,"href":"https:\/\/www.europesays.com\/pl\/wp-json\/wp\/v2\/users\/2"}],"replies":[{"embeddable":true,"href":"https:\/\/www.europesays.com\/pl\/wp-json\/wp\/v2\/comments?post=488636"}],"version-history":[{"count":0,"href":"https:\/\/www.europesays.com\/pl\/wp-json\/wp\/v2\/posts\/488636\/revisions"}],"wp:featuredmedia":[{"embeddable":true,"href":"https:\/\/www.europesays.com\/pl\/wp-json\/wp\/v2\/media\/488637"}],"wp:attachment":[{"href":"https:\/\/www.europesays.com\/pl\/wp-json\/wp\/v2\/media?parent=488636"}],"wp:term":[{"taxonomy":"category","embeddable":true,"href":"https:\/\/www.europesays.com\/pl\/wp-json\/wp\/v2\/categories?post=488636"},{"taxonomy":"post_tag","embeddable":true,"href":"https:\/\/www.europesays.com\/pl\/wp-json\/wp\/v2\/tags?post=488636"}],"curies":[{"name":"wp","href":"https:\/\/api.w.org\/{rel}","templated":true}]}}