{"id":488978,"date":"2026-06-12T02:41:15","date_gmt":"2026-06-12T02:41:15","guid":{"rendered":"https:\/\/www.europesays.com\/pl\/488978\/"},"modified":"2026-06-12T02:41:15","modified_gmt":"2026-06-12T02:41:15","slug":"dino-zaszalalo-i-wyprzedaje-po-89-groszy-promocja-o-90","status":"publish","type":"post","link":"https:\/\/www.europesays.com\/pl\/488978\/","title":{"rendered":"Dino zaszala\u0142o i wyprzedaje po 89 groszy. Promocja o 90%"},"content":{"rendered":"<p>Sie\u0107 Dino bardzo mocno przeceni\u0142a jedn\u0105 z do\u015b\u0107 drogich w\u00f3d. Normalnie trzeba by\u0142o za ni\u0105 zap\u0142aci\u0107 8,99 z\u0142. Teraz jest wyra\u017anie taniej.<\/p>\n<p>Pocz\u0105tkowo by\u0142am przekonana, \u017ce woda ta jest wyprzedawana o 90% taniej w zwi\u0105zku z jej zbli\u017caj\u0105cym si\u0119 terminem przydatno\u015bci, ale nie. Woda b\u0119dzie zdatna do spo\u017cycia przez naprawd\u0119 d\u0142ugi okres, bo do 2028 roku. Podejrzewam wi\u0119c, \u017ce Dino ma nadwy\u017ck\u0119 i chce zrobi\u0107 sobie miejsce na inne produkty.<\/p>\n<p>Woda Borjomi w szklanej butelce zosta\u0142a przeceniona do poziomu 89 groszy za 1 litr. Sie\u0107 nie zdecydowa\u0142a si\u0119 na na\u0142o\u017cenie limit\u00f3w.<\/p>\n<p><a href=\"https:\/\/boop.pl\/img\/#https:\/\/img.boop.pl\/uploads\/2026\/06\/390411887219-dino-zaszalalo-i-wyprzedaje-po-89-g.jpg?class=full\" data-no-instant=\"\" rel=\"noopener nofollow\" target=\"_blank\"><img decoding=\"async\" loading=\"lazy\" class=\"aligncenter size-full img-429076\"   alt=\"\" width=\"970\" height=\"562\"\/><\/a><\/p>\n<p>Klienci ani nie musz\u0105 mie\u0107 \u017cadnych aplikacji sklepu, ani trzyma\u0107 si\u0119 sztywnego limitu. To dobra okazja, by spr\u00f3bowa\u0107 sobie tej wody.<\/p>\n<p>Widz\u0119, \u017ce Dino przeceni\u0142o r\u00f3wnie\u017c popularne lody kolejnych influencer\u00f3w. Za 99 groszy mo\u017cecie dzisiaj kupi\u0107 lody Ekipy w wersji XL. Normalnie kosztowa\u0142y 2,59 z\u0142, wi\u0119c r\u00f3\u017cnica jest do\u015b\u0107 wyra\u017ana. W tym momencie jest 62% taniej.<\/p>\n<p><a href=\"https:\/\/boop.pl\/img\/#https:\/\/img.boop.pl\/uploads\/2026\/06\/230411816938-dino-zaszalalo-i-wyprzedaje-po-89-g.jpg?class=full\" data-no-instant=\"\" rel=\"noopener nofollow\" target=\"_blank\"><img decoding=\"async\" loading=\"lazy\" class=\"aligncenter size-full img-429077\"   alt=\"\" width=\"794\" height=\"788\"\/><\/a><\/p>\n<p>Sie\u0107 kusi tak\u017ce mo\u017cliwo\u015bci\u0105 kupienia ta\u0144szych zestaw\u00f3w kosmetycznych. Do ko\u0144ca miesi\u0105ca, czyli do 30 czerwca, mo\u017cna kupi\u0107 wszystkie zestawy kosmetyczne taniej o po\u0142ow\u0119. Dotyczy to tak samo zestaw\u00f3w Nivea, jak i Old Spice czy wszystkich innych.<\/p>\n<p><a href=\"https:\/\/boop.pl\/img\/#https:\/\/img.boop.pl\/uploads\/2026\/06\/240411814276-dino-zaszalalo-i-wyprzedaje-po-89-g.jpg?class=full\" data-no-instant=\"\" rel=\"noopener nofollow\" target=\"_blank\"><img decoding=\"async\" loading=\"lazy\" class=\"aligncenter size-full img-429079\"   alt=\"\" width=\"645\" height=\"804\"\/><\/a><\/p>\n<p>Tu r\u00f3wnie\u017c nie na\u0142o\u017cono \u017cadnego limitu. To dobry moment, by zrobi\u0107 sobie zapas kosmetyk\u00f3w.<\/p>\n","protected":false},"excerpt":{"rendered":"Sie\u0107 Dino bardzo mocno przeceni\u0142a jedn\u0105 z do\u015b\u0107 drogich w\u00f3d. Normalnie trzeba by\u0142o za ni\u0105 zap\u0142aci\u0107 8,99 z\u0142.&hellip;\n","protected":false},"author":2,"featured_media":488979,"comment_status":"","ping_status":"","sticky":false,"template":"","format":"standard","meta":{"footnotes":"","_share_on_mastodon":"0"},"categories":[52249],"tags":[3342,857,41997,3103,42,38,40,39,41,862],"class_list":["post-488978","post","type-post","status-publish","format-standard","has-post-thumbnail","category-dino-polska","tag-cdc","tag-dino","tag-dino-polska","tag-dla-ciebie","tag-pl","tag-poland","tag-polish","tag-polska","tag-polski","tag-promocje"],"share_on_mastodon":{"url":"https:\/\/pubeurope.com\/@pl\/116734832448727773","error":""},"_links":{"self":[{"href":"https:\/\/www.europesays.com\/pl\/wp-json\/wp\/v2\/posts\/488978","targetHints":{"allow":["GET"]}}],"collection":[{"href":"https:\/\/www.europesays.com\/pl\/wp-json\/wp\/v2\/posts"}],"about":[{"href":"https:\/\/www.europesays.com\/pl\/wp-json\/wp\/v2\/types\/post"}],"author":[{"embeddable":true,"href":"https:\/\/www.europesays.com\/pl\/wp-json\/wp\/v2\/users\/2"}],"replies":[{"embeddable":true,"href":"https:\/\/www.europesays.com\/pl\/wp-json\/wp\/v2\/comments?post=488978"}],"version-history":[{"count":0,"href":"https:\/\/www.europesays.com\/pl\/wp-json\/wp\/v2\/posts\/488978\/revisions"}],"wp:featuredmedia":[{"embeddable":true,"href":"https:\/\/www.europesays.com\/pl\/wp-json\/wp\/v2\/media\/488979"}],"wp:attachment":[{"href":"https:\/\/www.europesays.com\/pl\/wp-json\/wp\/v2\/media?parent=488978"}],"wp:term":[{"taxonomy":"category","embeddable":true,"href":"https:\/\/www.europesays.com\/pl\/wp-json\/wp\/v2\/categories?post=488978"},{"taxonomy":"post_tag","embeddable":true,"href":"https:\/\/www.europesays.com\/pl\/wp-json\/wp\/v2\/tags?post=488978"}],"curies":[{"name":"wp","href":"https:\/\/api.w.org\/{rel}","templated":true}]}}