{"id":489164,"date":"2026-06-12T05:01:10","date_gmt":"2026-06-12T05:01:10","guid":{"rendered":"https:\/\/www.europesays.com\/pl\/489164\/"},"modified":"2026-06-12T05:01:10","modified_gmt":"2026-06-12T05:01:10","slug":"naduzywanie-tymczasowych-aresztowan-mamy-patologiczna-sytuacje","status":"publish","type":"post","link":"https:\/\/www.europesays.com\/pl\/489164\/","title":{"rendered":"Nadu\u017cywanie tymczasowych aresztowa\u0144. &#8222;Mamy patologiczn\u0105 sytuacj\u0119&#8221;"},"content":{"rendered":"<p>Nadu\u017cywanie tymczasowych aresztowa\u0144, zw\u0142aszcza wobec przedsi\u0119biorc\u00f3w, to problem, kt\u00f3ry od lat wytyka polskim w\u0142adzom Europejski Trybuna\u0142 Praw Cz\u0142owieka. U jego podstaw le\u017cy nie tylko nastawienie s\u0119dzi\u00f3w i prokurator\u00f3w, ale te\u017c wady samych przepis\u00f3w. Do\u015b\u0107 powiedzie\u0107, \u017ce dzi\u015b ju\u017c co dziesi\u0105ty osadzony to aresztant \u2014 pisze gazeta.<\/p>\n<p>Dlatego organizacje przedsi\u0119biorc\u00f3w wsp\u00f3lnie przed\u0142o\u017cy\u0142y rz\u0105dowi projekt zmian w procedurze karnej, ograniczaj\u0105cy swobod\u0119 umieszczania w areszcie podejrzanych o przest\u0119pstwo. Najwa\u017cniejsz\u0105 proponowan\u0105 zmian\u0105 jest usuni\u0119cie przepisu, kt\u00f3ry pozwala na zastosowanie aresztu wy\u0142\u0105cznie z uwagi na gro\u017c\u0105c\u0105 kar\u0119 o\u015bmiu lat pozbawienia wolno\u015bci za dany czyn.<\/p>\n<p>     Eksperci alarmuj\u0105. &#8222;Mamy patologiczn\u0105 sytuacj\u0119&#8221;<\/p>\n<p>Jak zauwa\u017ca prof. dr hab. Pawe\u0142 Wajda, ekspert inicjatywy SprawdzaMY, mamy patologiczn\u0105 sytuacj\u0119, w kt\u00f3rej wobec podejrzenia o czyn zagro\u017cony wysok\u0105 kar\u0105 niejako z automatu dochodzi do tymczasowego aresztowania.<\/p>\n<p>&#8222;Najcz\u0119\u015bciej w prokuraturze i s\u0105dzie nie nast\u0119puje g\u0142\u0119bsza refleksja nad tym, czy w danych okoliczno\u015bciach nie zastosowa\u0107 innych \u015brodk\u00f3w zapobiegawczych, jak zabezpieczenie maj\u0105tkowe, zakaz kontakt\u00f3w z okre\u015blonymi osobami, czy zakaz wyjazdu za granic\u0119&#8221; \u2014 powiedzia\u0142 gazecie ekspert.<\/p>\n<p>Inny problem do usuni\u0119cia to brak r\u00f3wno\u015bci stron w aresztowych procedurach s\u0105dowych. &#8222;T\u0119 wad\u0119 nale\u017cy koniecznie wyeliminowa\u0107, a tak\u017ce wprowadzi\u0107 jawno\u015b\u0107 samych post\u0119powa\u0144. Przedsi\u0119biorca musi mie\u0107 pe\u0142ne prawo do obrony, a nie za zamkni\u0119tymi drzwiami i w obliczu braku dost\u0119pu do akt&#8221; \u2014 przekonuje cytowany przez &#8222;Rz&#8221; Jacek Socha, koordynator inicjatywy SprawdzaMY.<\/p>\n","protected":false},"excerpt":{"rendered":"Nadu\u017cywanie tymczasowych aresztowa\u0144, zw\u0142aszcza wobec przedsi\u0119biorc\u00f3w, to problem, kt\u00f3ry od lat wytyka polskim w\u0142adzom Europejski Trybuna\u0142 Praw Cz\u0142owieka.&hellip;\n","protected":false},"author":2,"featured_media":489165,"comment_status":"","ping_status":"","sticky":false,"template":"","format":"standard","meta":{"footnotes":"","_share_on_mastodon":"0"},"categories":[12],"tags":[2451,61195,32,33,5422,36,37,27,49,34,35,1380,28,31,48,25,46,42,38,40,39,41,47,29,30,26],"class_list":["post-489164","post","type-post","status-publish","format-standard","has-post-thumbnail","category-polska","tag-areszt","tag-bottomfeed_styl","tag-breaking-news","tag-breakingnews","tag-etpc","tag-featured-news","tag-featurednews","tag-headlines","tag-kraj","tag-latest-news","tag-latestnews","tag-ministerstwo_sprawiedliwosci","tag-naglowki","tag-najwazniejsze-artykuly","tag-nat_styl","tag-news","tag-omp","tag-pl","tag-poland","tag-polish","tag-polska","tag-polski","tag-screening_general","tag-top-stories","tag-topstories","tag-wiadomosci"],"share_on_mastodon":{"url":"https:\/\/pubeurope.com\/@pl\/116735382850756310","error":""},"_links":{"self":[{"href":"https:\/\/www.europesays.com\/pl\/wp-json\/wp\/v2\/posts\/489164","targetHints":{"allow":["GET"]}}],"collection":[{"href":"https:\/\/www.europesays.com\/pl\/wp-json\/wp\/v2\/posts"}],"about":[{"href":"https:\/\/www.europesays.com\/pl\/wp-json\/wp\/v2\/types\/post"}],"author":[{"embeddable":true,"href":"https:\/\/www.europesays.com\/pl\/wp-json\/wp\/v2\/users\/2"}],"replies":[{"embeddable":true,"href":"https:\/\/www.europesays.com\/pl\/wp-json\/wp\/v2\/comments?post=489164"}],"version-history":[{"count":0,"href":"https:\/\/www.europesays.com\/pl\/wp-json\/wp\/v2\/posts\/489164\/revisions"}],"wp:featuredmedia":[{"embeddable":true,"href":"https:\/\/www.europesays.com\/pl\/wp-json\/wp\/v2\/media\/489165"}],"wp:attachment":[{"href":"https:\/\/www.europesays.com\/pl\/wp-json\/wp\/v2\/media?parent=489164"}],"wp:term":[{"taxonomy":"category","embeddable":true,"href":"https:\/\/www.europesays.com\/pl\/wp-json\/wp\/v2\/categories?post=489164"},{"taxonomy":"post_tag","embeddable":true,"href":"https:\/\/www.europesays.com\/pl\/wp-json\/wp\/v2\/tags?post=489164"}],"curies":[{"name":"wp","href":"https:\/\/api.w.org\/{rel}","templated":true}]}}