{"id":489235,"date":"2026-06-12T06:05:13","date_gmt":"2026-06-12T06:05:13","guid":{"rendered":"https:\/\/www.europesays.com\/pl\/489235\/"},"modified":"2026-06-12T06:05:13","modified_gmt":"2026-06-12T06:05:13","slug":"kabaret-tak-sedzia-oglosil-czerwona-kartke-calemu-stadionowi","status":"publish","type":"post","link":"https:\/\/www.europesays.com\/pl\/489235\/","title":{"rendered":"Kabaret. Tak s\u0119dzia og\u0142osi\u0142 czerwon\u0105 kartk\u0119 ca\u0142emu stadionowi"},"content":{"rendered":"\n<p class=\"contentpart contentpart--default contentpart--text\" data-position=\"0\"><a href=\"https:\/\/sportowefakty.wp.pl\/pilka-nozna\/fifa\" rel=\"nofollow noopener\" target=\"_blank\">FIFA<\/a>\u00a0wyznaczy\u0142a <a href=\"https:\/\/sportowefakty.wp.pl\/pilka-nozna\/wilton-sampaio\" rel=\"nofollow noopener\" target=\"_blank\">Wiltona Sampaio<\/a>\u00a0do pos\u0119dziowania meczu otwarcia <a href=\"https:\/\/sportowefakty.wp.pl\/pilka-nozna\/mistrzostwa-swiata-2026\" rel=\"nofollow noopener\" target=\"_blank\">mistrzostwa \u015bwiata 2026<\/a>. W nim nie dosz\u0142o do niespodzianki, poniewa\u017c faworyzowany gospodarz &#8211; <a href=\"https:\/\/sportowefakty.wp.pl\/pilka-nozna\/meksyk\" rel=\"nofollow noopener\" target=\"_blank\">reprezentacja Meksyku<\/a>\u00a0zwyci\u0119\u017cy\u0142a 2:0 z <a href=\"https:\/\/sportowefakty.wp.pl\/rpa\" rel=\"nofollow noopener\" target=\"_blank\">RPA<\/a>. Mecz przejdzie do historii mundiali prawdopodobnie z innego powodu &#8211; jeszcze nigdy na inauguracj\u0119 mistrzostw \u015bwiata nie by\u0142o trzech czerwonych kartek w meczu. A w czwartek wieczorem czasu polskiego w\u0142a\u015bnie tyle by\u0142o.<\/p>\n<p class=\"contentpart contentpart--default contentpart--text\" data-position=\"1\">Wilton Sampaio przedwcze\u015bnie wyrzuci\u0142 z boiska dw\u00f3ch zawodnik\u00f3w z RPA i ju\u017c w samej ko\u0144c\u00f3wce spotkania jednego Meksykanina. Jedna z sytuacji by\u0142a kontrowersyjna, przynajmniej zdaniem selekcjonera go\u015bci. <a href=\"https:\/\/sportowefakty.wp.pl\/pilka-nozna\/hugo-broos\" rel=\"nofollow noopener\" target=\"_blank\">Hugo Broos<\/a>\u00a0mia\u0142 pretensje do brazylijskiego s\u0119dziego, czego nie ukrywa\u0142 na konferencji prasowej. <a href=\"https:\/\/sportowefakty.wp.pl\/pilka-nozna\/1255967\/pierwszy-mecz-i-juz-kontrowersja-trener-mial-pretensje-do-sedziego\" rel=\"nofollow noopener\" target=\"blank\">Przeczytaj wi\u0119cej o s\u0142owach selekcjonera TUTAJ.<\/a><\/p>\n<p>  <img decoding=\"async\" src=\"https:\/\/v.wpimg.pl\/X3dwLnN2d1IFFTpdYUl6R0ZNbgcnEHQREVV2TGEGbUtRT2MdOlZ2RBQUKABgQjQcDRotCStBd1IAAWMeIlM7VgwYIAorQAdEFFk_GCkQJQ\" alt=\"\" width=\"45\" height=\"58\" loading=\"lazy\"\/>  <\/p>\n<p class=\"contentpart contentpart--default contentpart--text\" data-position=\"2\">Chodzi o drugie wykluczenie, kt\u00f3re dotkn\u0119\u0142o\u00a0Themb\u0119 Zwane. Po obejrzeniu powt\u00f3rek z VAR-u brazylijski s\u0119dzia zdecydowa\u0142 si\u0119 na pokazanie czerwonej kartki za uderzenie w twarz przeciwnika. Wilton Sampaio detalicznie obejrza\u0142 nagranie, po czym, zgodnie z now\u0105 zasad\u0105 <a href=\"https:\/\/sportowefakty.wp.pl\/pilka-nozna\/fifa\" rel=\"nofollow noopener\" target=\"_blank\">FIFA<\/a>, musia\u0142 przed ma\u0142y mikrofon wyt\u0142umaczy\u0107 decyzj\u0119 kibicom na stadionie i przed telewizorami. Sprz\u0119t s\u0119dzi\u00f3w jest po\u0142\u0105czony z systemem nag\u0142o\u015bnienia.<\/p>\n<p class=\"contentpart contentpart--default contentpart--text\" data-position=\"4\">I tu rozpocz\u0119\u0142a si\u0119 zabawna scena. Pocz\u0105tkowo t\u0142umaczenie s\u0119dziego nie brzmia\u0142o ani troch\u0119 zrozumiale. J\u0119zyk angielski pewnie nie by\u0142 konikiem brazylijskiego s\u0119dziego w szkole, a p\u00f3\u017aniejsze nadrabianie zaleg\u0142o\u015bci cud\u00f3w nie zdzia\u0142a\u0142o. Do poziomu zaawansowanego troch\u0119 brakuje.<\/p>\n<p class=\"contentpart contentpart--default contentpart--text\" data-position=\"5\">Ko\u0144c\u00f3wka wypowiedzi by\u0142a ju\u017c ca\u0142kiem zrozumia\u0142a, ale co si\u0119 nagra\u0142o, to pozostanie w sieci na zawsze. Reprezentanci RPA mieli bezcenne miny, kiedy s\u0142uchali Wiltona Sampaio. W ferworze boiskowych wydarze\u0144, na wype\u0142nionym po brzegi stadionie, zrozumienie nie by\u0142o proste.<\/p>\n<p>  <img decoding=\"async\" src=\"https:\/\/v.wpimg.pl\/X3dwLnN2d1IFFTpdYUl6R0ZNbgcnEHQREVV2TGEGbUtRT2MdOlZ2RBQUKABgQjQcDRotCStBd1IAAWMeIlM7VgwYIAorQAdEFFk_GCkQJQ\" alt=\"\" width=\"45\" height=\"58\" loading=\"lazy\"\/>  <\/p>\n<p class=\"contentpart contentpart--default contentpart--text\" data-position=\"6\">Nagranie z s\u0119dzi\u0105 oraz zawodnikami z RPA obieg\u0142o sie\u0107 i jest jednym z wi\u0119kszych hit\u00f3w pierwszego, mundialowego dnia.<\/p>\n<p class=\"contentpart contentpart--default contentpart--text\" data-position=\"7\">Wilton Sampaio jest do\u015bwiadczonym s\u0119dzi\u0105 mi\u0119dzynarodowym i od lat nale\u017cy do grona arbitr\u00f3w prowadz\u0105cych najwa\u017cniejsze spotkania pod egid\u0105 <a href=\"https:\/\/sportowefakty.wp.pl\/pilka-nozna\/fifa\" rel=\"nofollow noopener\" target=\"_blank\">FIFA<\/a>. Powierzenie mu prowadzenia meczu otwarcia mistrzostw \u015bwiata 2026 jest potwierdzeniem zaufania, a wyci\u0105gni\u0119ciem czerwonej kartki z kieszonki trzy razy zapisa\u0142 si\u0119 w historii mundiali.<\/p>\n<p class=\"contentpart contentpart--default contentpart--text\" data-position=\"8\">Przy okazji zosta\u0142 bohaterem wirala, zapewne jednego z wielu, kt\u00f3re obiegn\u0105 sie\u0107 przez ponad miesi\u0105c trwania turnieju.<\/p>\n<p class=\"contentpart contentpart--default contentpart--text\" data-position=\"9\">ZOBACZ WIDEO: #dziejesiewsporcie: Ale strza\u0142 no\u017cycami. To poezja futbolu<\/p>\n","protected":false},"excerpt":{"rendered":"FIFA\u00a0wyznaczy\u0142a Wiltona Sampaio\u00a0do pos\u0119dziowania meczu otwarcia mistrzostwa \u015bwiata 2026. W nim nie dosz\u0142o do niespodzianki, poniewa\u017c faworyzowany gospodarz&hellip;\n","protected":false},"author":2,"featured_media":489236,"comment_status":"","ping_status":"","sticky":false,"template":"","format":"standard","meta":{"footnotes":"","_share_on_mastodon":"0"},"categories":[5],"tags":[32,33,94032,36,37,27,34,35,5721,3037,9090,28,31,25,989,269,42,38,40,39,41,93219,57019,3266,268,29,30,26,94001,32300],"class_list":["post-489235","post","type-post","status-publish","format-standard","has-post-thumbnail","category-naglowki","tag-breaking-news","tag-breakingnews","tag-estadio-azteca-w-meksyku","tag-featured-news","tag-featurednews","tag-headlines","tag-latest-news","tag-latestnews","tag-meksyk","tag-mistrzostwa-swiata","tag-mistrzostwa-swiata-2026","tag-naglowki","tag-najwazniejsze-artykuly","tag-news","tag-pilka-na-swiecie","tag-pilka-nozna","tag-pl","tag-poland","tag-polish","tag-polska","tag-polski","tag-reprezentacja-meksyku","tag-reprezentacja-republiki-poludniowej-afryki","tag-rpa","tag-sportowybar","tag-top-stories","tag-topstories","tag-wiadomosci","tag-wilton-sampaio","tag-wokol-sportu"],"share_on_mastodon":{"url":"https:\/\/pubeurope.com\/@pl\/116735635288248161","error":""},"_links":{"self":[{"href":"https:\/\/www.europesays.com\/pl\/wp-json\/wp\/v2\/posts\/489235","targetHints":{"allow":["GET"]}}],"collection":[{"href":"https:\/\/www.europesays.com\/pl\/wp-json\/wp\/v2\/posts"}],"about":[{"href":"https:\/\/www.europesays.com\/pl\/wp-json\/wp\/v2\/types\/post"}],"author":[{"embeddable":true,"href":"https:\/\/www.europesays.com\/pl\/wp-json\/wp\/v2\/users\/2"}],"replies":[{"embeddable":true,"href":"https:\/\/www.europesays.com\/pl\/wp-json\/wp\/v2\/comments?post=489235"}],"version-history":[{"count":0,"href":"https:\/\/www.europesays.com\/pl\/wp-json\/wp\/v2\/posts\/489235\/revisions"}],"wp:featuredmedia":[{"embeddable":true,"href":"https:\/\/www.europesays.com\/pl\/wp-json\/wp\/v2\/media\/489236"}],"wp:attachment":[{"href":"https:\/\/www.europesays.com\/pl\/wp-json\/wp\/v2\/media?parent=489235"}],"wp:term":[{"taxonomy":"category","embeddable":true,"href":"https:\/\/www.europesays.com\/pl\/wp-json\/wp\/v2\/categories?post=489235"},{"taxonomy":"post_tag","embeddable":true,"href":"https:\/\/www.europesays.com\/pl\/wp-json\/wp\/v2\/tags?post=489235"}],"curies":[{"name":"wp","href":"https:\/\/api.w.org\/{rel}","templated":true}]}}