{"id":489583,"date":"2026-06-12T10:01:13","date_gmt":"2026-06-12T10:01:13","guid":{"rendered":"https:\/\/www.europesays.com\/pl\/489583\/"},"modified":"2026-06-12T10:01:13","modified_gmt":"2026-06-12T10:01:13","slug":"podlaskie-swieto-techniki-i-lotnictwa","status":"publish","type":"post","link":"https:\/\/www.europesays.com\/pl\/489583\/","title":{"rendered":"Podlaskie \u015awi\u0119to Techniki i Lotnictwa"},"content":{"rendered":"\n<p class=\"event-label hdr-label\">Patronat<\/p>\n<p><a data-fancybox=\"gallery\" href=\"https:\/\/www.bialystokonline.pl\/gfx\/gfx_imprezy\/202606\/150077\/150077-max.webp\" data-caption=\"Podlaskie \u015awi\u0119to Techniki i Lotnictwa\" class=\"event-item-photo\" rel=\"nofollow noopener\" target=\"_blank\"><\/p>\n<p>                    <img decoding=\"async\" class=\"event-item-img\" src=\"https:\/\/www.europesays.com\/pl\/wp-content\/uploads\/2026\/06\/150077-mini1.jpg\" alt=\"Podlaskie \u015awi\u0119to Techniki i Lotnictwa\" title=\"Podlaskie \u015awi\u0119to Techniki i Lotnictwa\" width=\"300\" height=\"200\" loading=\"lazy\"\/><\/p>\n<p>            <\/a><\/p>\n<p>\n            05<br \/>\n            lip 2026\n        <\/p>\n<p>\n            Niedziela\n        <\/p>\n<p>\n            godz. 11:00\n        <\/p>\n<p>Lotnisko Pronar \u2013 Narew, ul. Mickiewicza 101A.<\/p>\n<p>        Ju\u017c 5 lipca 2026 roku zapraszamy na Podlaskie \u015awi\u0119to Techniki i Lotnictwa, kt\u00f3re odb\u0119dzie si\u0119 na terenie Pronar Lotnisko Narew przy ul. Mickiewicza 101A.<\/p>\n<p>Przed uczestnikami wyj\u0105tkowy dzie\u0144 pe\u0142en emocji, atrakcji i niezapomnianych wra\u017ce\u0144! To niepowtarzalna okazja, by zajrze\u0107 za kulisy dzia\u0142alno\u015bci firmy PRONAR i odkry\u0107 j\u0105 z zupe\u0142nie nowej perspektywy. W programie znajd\u0105 si\u0119 spektakularne pokazy lotnicze i spadochronowe, prezentacja floty lotniczej oraz mo\u017cliwo\u015b\u0107 zwiedzenia zak\u0142ad\u00f3w produkcyjnych. Go\u015bcie b\u0119d\u0105 mogli z bliska zobaczy\u0107 maszyny PRONAR, pozna\u0107 nowoczesne technologie oraz odwiedzi\u0107 miejsca, w kt\u00f3rych powstaj\u0105 innowacyjne rozwi\u0105zania cenione na rynkach ca\u0142ego \u015bwiata!<\/p>\n<p>W programie wydarzenia:<br \/>&#13;<br \/>\n&#8211; prezentacj\u0119 floty lotniczej PRONAR,<br \/>&#13;<br \/>\n&#8211; akrobacje szybowcowe,<br \/>&#13;<br \/>\n&#8211; pokazy lotnicze i spadochronowe,<br \/>&#13;<br \/>\n&#8211; loty widokowe,<br \/>&#13;<br \/>\n&#8211; zwiedzanie fabryki PRONAR,<br \/>&#13;<br \/>\n&#8211; prezentacj\u0119 maszyn PRONAR,<br \/>&#13;<br \/>\n&#8211; ogr\u00f3dek gastronomiczny,<br \/>&#13;<br \/>\n&#8211; stref\u0119 kariery,<br \/>&#13;<br \/>\n&#8211; atrakcje dla ca\u0142ych rodzin.<\/p>\n<p>Informacje organizacyjne<br \/>&#13;<br \/>\nData: 5 lipca 2026 r., 11:00 &#8211; 16:00<br \/>&#13;<br \/>\nMiejsce: PRONAR Lotnisko Narew<br \/>&#13;<br \/>\nAdres: ul. Mickiewicza 101A, 17-210 Narew<\/p>\n<p>Jak dojecha\u0107?<\/p>\n<p>Wyznacz tras\u0119 do miejsca wydarzenia: <a href=\"https:\/\/www.google.com\/maps\/dir\/?api=1&amp;destination=52.909194,23.539778\" target=\"_blank\" rel=\"nofollow noopener\">PRONAR Lotnisko Narew<\/a>.<\/p>\n<p>Do\u0142\u0105cz do wydarzenia i wznie\u015b si\u0119 z nami wy\u017cej!<\/p>\n<p>Organizator<br \/>\n&#13;<br \/>\n&#13;<br \/>\n&#13;<br \/>\n<img loading=\"lazy\" decoding=\"async\" src=\"https:\/\/www.europesays.com\/pl\/wp-content\/uploads\/2026\/06\/1781258473_828_adlog.gif\" width=\"0\" height=\"0\" alt=\"\" style=\"width: 0px; height: 0px;\"\/><\/p>\n<p class=\"hdrline hdrline-mod l-space-sm-top\">Zobacz tak\u017ce<\/p>\n","protected":false},"excerpt":{"rendered":"Patronat 05 lip 2026 Niedziela godz. 11:00 Lotnisko Pronar \u2013 Narew, ul. Mickiewicza 101A. Ju\u017c 5 lipca 2026&hellip;\n","protected":false},"author":2,"featured_media":489584,"comment_status":"","ping_status":"","sticky":false,"template":"","format":"standard","meta":{"footnotes":"","_share_on_mastodon":"0"},"categories":[51614],"tags":[2151,51731,113,51730,3754,51738,54100,51735,4041,1096,1089,399,17334,51736,2921,3840,51734,8736,1232,120,7116,17265,19285,42,5083,94108,38,40,39,41,6309,1756,8815,38950,123,800,4278,1323,51737,2879,253],"class_list":["post-489583","post","type-post","status-publish","format-standard","has-post-thumbnail","category-bialystok","tag-bialystok","tag-bialystokonline","tag-biznes","tag-bstok","tag-dom","tag-drobne","tag-festyny-bialystok","tag-firm","tag-firmy","tag-hotele","tag-imprezy","tag-informacje","tag-katalog","tag-kina","tag-koncert","tag-lokale","tag-miejski","tag-mieszkanie","tag-motoryzacja","tag-nauka","tag-ogloszenia","tag-on-line","tag-online","tag-pl","tag-podlasie","tag-podlaskie-swieto-techniki-i-lotnictwa-plenerowe","tag-poland","tag-polish","tag-polska","tag-polski","tag-portal","tag-praca","tag-repertuar","tag-rozklad","tag-rozrywka","tag-teatr","tag-turystyka","tag-uroda","tag-urzedy","tag-zakupy","tag-zdrowie"],"share_on_mastodon":{"url":"https:\/\/pubeurope.com\/@pl\/116736563300300248","error":""},"_links":{"self":[{"href":"https:\/\/www.europesays.com\/pl\/wp-json\/wp\/v2\/posts\/489583","targetHints":{"allow":["GET"]}}],"collection":[{"href":"https:\/\/www.europesays.com\/pl\/wp-json\/wp\/v2\/posts"}],"about":[{"href":"https:\/\/www.europesays.com\/pl\/wp-json\/wp\/v2\/types\/post"}],"author":[{"embeddable":true,"href":"https:\/\/www.europesays.com\/pl\/wp-json\/wp\/v2\/users\/2"}],"replies":[{"embeddable":true,"href":"https:\/\/www.europesays.com\/pl\/wp-json\/wp\/v2\/comments?post=489583"}],"version-history":[{"count":0,"href":"https:\/\/www.europesays.com\/pl\/wp-json\/wp\/v2\/posts\/489583\/revisions"}],"wp:featuredmedia":[{"embeddable":true,"href":"https:\/\/www.europesays.com\/pl\/wp-json\/wp\/v2\/media\/489584"}],"wp:attachment":[{"href":"https:\/\/www.europesays.com\/pl\/wp-json\/wp\/v2\/media?parent=489583"}],"wp:term":[{"taxonomy":"category","embeddable":true,"href":"https:\/\/www.europesays.com\/pl\/wp-json\/wp\/v2\/categories?post=489583"},{"taxonomy":"post_tag","embeddable":true,"href":"https:\/\/www.europesays.com\/pl\/wp-json\/wp\/v2\/tags?post=489583"}],"curies":[{"name":"wp","href":"https:\/\/api.w.org\/{rel}","templated":true}]}}