{"id":489654,"date":"2026-06-12T10:42:08","date_gmt":"2026-06-12T10:42:08","guid":{"rendered":"https:\/\/www.europesays.com\/pl\/489654\/"},"modified":"2026-06-12T10:42:08","modified_gmt":"2026-06-12T10:42:08","slug":"niebywale-jakie-slowa-padly-po-meczu-otwarcia-ms-2026-przeglad-sportowy","status":"publish","type":"post","link":"https:\/\/www.europesays.com\/pl\/489654\/","title":{"rendered":"Niebywa\u0142e, jakie s\u0142owa pad\u0142y po meczu otwarcia M\u015a 2026 &#8211; Przegl\u0105d Sportowy"},"content":{"rendered":"<ol>\n<li><a href=\"https:\/\/news.google.com\/rss\/articles\/CBMiygFBVV95cUxPeXBMcnFGRUg3Z0dNWU5GS2JfYmdsbVZCTEFIMHBJa0ZVQ29HZW42cXJhVThYQ0lUVXRKblJlR293NVJkT0hCT0Y3YUN4VjFkdkx2bWVtanlaMko5cTJjQXo4REo4d3JrMHlieWM0YktKRlZqcWJEY3hvV2VjbC1GODd5cWNobF9fcHFMT2tIRzNuUWZ3V3hPSEpmM2VLb1BURkppemFqMkl0SHhObTlJazJGR2tyS0JYVFVQZ09iY0x1MGRkOFI4NFh3?oc=5\" target=\"_blank\" rel=\"nofollow noopener\">Niebywa\u0142e, jakie s\u0142owa pad\u0142y po meczu otwarcia M\u015a 2026<\/a>&nbsp;&nbsp;Przegl\u0105d Sportowy<\/li>\n<li><a href=\"https:\/\/news.google.com\/rss\/articles\/CBMipwFBVV95cUxOWXV6aTRNSWFSNDE5RDJTZEdQeHZOd0FWenYwMjg4TVVYcDRmSTkxcWo0SFdaYmd1QllIeUFXSFlpQm5YbDZ2eHVyaWpTbkJ6MVBNaHVCTG5sNW9TMmJqRDJXdVQ0TEZ3UDRWNW12VW9EYU9fYnJ4dGRWTnhKWGxyVlNNMFljX2JKLXdRcGdxbUtxel80a1VuZkZ1eTdvSWlMUkZ3eU0zTQ?oc=5\" target=\"_blank\" rel=\"nofollow noopener\">Kabaret. Tak s\u0119dzia og\u0142osi\u0142 czerwon\u0105 kartk\u0119 ca\u0142emu stadionowi<\/a>&nbsp;&nbsp;SportoweFakty<\/li>\n<li><a href=\"https:\/\/news.google.com\/rss\/articles\/CBMiugJBVV95cUxNTEFOUjNjMElrVFgxRTVkTkVPRFc1TERoOGNNWXNnUEhrX0daM01qRS1uS2ptWm1VZnZwRDhZa2dMMjhfR1hRYi1VbU41bUhlUXpzZWVVR0RkdXA4MTJ1eXR6MkljZ1FlUFF3VVR4YzRMVTFoV0l6dUtKYXZKUGtuMVN5MUROOWd2NDRKUUg4ek1ackk4ZkxUM1Vhei0teFVmUGhsX2pHenNHTTlQNnhFdUxhei1sLVVzdW9iWm1YM1pnOUFnTy1VclBDMEpLLWlhNEdyemNHSElYSXJRY1hfUWF2MVBqTlI3RzZVSXdqOFFVeURyMkQ1VzJiWldmSnl6RWRNZUQ4dkhFaTZrTml4UVA4VEY4VlFhVWFyR01nWkdheDRWSmZweDJlQnl0ZVpxalh5eTliZFNnQQ?oc=5\" target=\"_blank\" rel=\"nofollow noopener\">Zamieszki przed meczem w Meksyku. Policja obrzucona butelkami z benzyn\u0105 i ceg\u0142ami<\/a>&nbsp;&nbsp;Eurosport Polska<\/li>\n<li><a href=\"https:\/\/news.google.com\/rss\/articles\/CBMi0AFBVV95cUxQVXZKRU9kbTROaHdQQ1paeVJraDFZOVctUDk1RTFUek9reFFyX1FueGd1eGJ1cFZ6ZHRmaWt0UlBuVlNkZG80NTE2V2pzaDRIblM0ZkdoTm1wU2w2Q1g4RnJYN2QzS0hCSkxGX1h2WGcwZW1wTU1ZY1owYTYtRXNNSDZmallGTW5vYmdybHlkbnhHM0ZQODJLZjVlMlNueGNoZmVVeHRGY2EzVVJMSWFTU2pPelJpTUxWLV9yZTJhWnl2Sktmd1IxUXJBeVdQdjRL?oc=5\" target=\"_blank\" rel=\"nofollow noopener\">Trzy czerwone kartki, Meksyk \u015bwi\u0119tuje! Ale\u017c otwarcie M\u015a 2026<\/a>&nbsp;&nbsp;Przegl\u0105d Sportowy<\/li>\n<li><a href=\"https:\/\/news.google.com\/rss\/articles\/CBMiwAFBVV95cUxNanFpSE0xbk94NEFIeTlCT2NhblI0R214RXQtdmtSWWhIM3RwZ2RnLXFYNi12Q1RkV0twNk1YX2ZZOUJiYTJsc0g2TWZjYzNFczB3SjhvX2kwSUlmQkNZdmRVbFdsRmhQRzkzeGh5dzJqMVRkenE4cFdVNVN4Wlp6b29VYnRoLVlFQmxTYlFJd3hHUUszMG9NQXpPancxWG1MdG1pdUNQQlNWQU5ETDlLUV9xZEdKRWRaYjRrS0RJd3E?oc=5\" target=\"_blank\" rel=\"nofollow noopener\">W\u0142\u0105czy\u0142 mikrofon w meczu otwarcia mundialu i si\u0119 zacz\u0119\u0142o. &#8222;Kpina na ca\u0142y \u015bwiat&#8221;<\/a>&nbsp;&nbsp;Interia Sport<\/li>\n<\/ol>\n","protected":false},"excerpt":{"rendered":"Niebywa\u0142e, jakie s\u0142owa pad\u0142y po meczu otwarcia M\u015a 2026&nbsp;&nbsp;Przegl\u0105d Sportowy Kabaret. Tak s\u0119dzia og\u0142osi\u0142 czerwon\u0105 kartk\u0119 ca\u0142emu stadionowi&nbsp;&nbsp;SportoweFakty&hellip;\n","protected":false},"author":2,"featured_media":489655,"comment_status":"","ping_status":"","sticky":false,"template":"","format":"standard","meta":{"footnotes":"","_share_on_mastodon":"0"},"categories":[24],"tags":[61195,5721,7409,73169,11781,48,46,948,42,38,40,39,41,3266,47,127,126,130],"class_list":["post-489654","post","type-post","status-publish","format-standard","has-post-thumbnail","category-sport","tag-bottomfeed_styl","tag-meksyk","tag-mistrzostwa_swiata_2026","tag-mistrzostwa_swiata_w_pilce_noznej","tag-mundial_2026","tag-nat_styl","tag-omp","tag-pilka_nozna","tag-pl","tag-poland","tag-polish","tag-polska","tag-polski","tag-rpa","tag-screening_general","tag-sport","tag-sports","tag-wiadomosci_sportowe"],"share_on_mastodon":{"url":"https:\/\/pubeurope.com\/@pl\/116736724137885918","error":""},"_links":{"self":[{"href":"https:\/\/www.europesays.com\/pl\/wp-json\/wp\/v2\/posts\/489654","targetHints":{"allow":["GET"]}}],"collection":[{"href":"https:\/\/www.europesays.com\/pl\/wp-json\/wp\/v2\/posts"}],"about":[{"href":"https:\/\/www.europesays.com\/pl\/wp-json\/wp\/v2\/types\/post"}],"author":[{"embeddable":true,"href":"https:\/\/www.europesays.com\/pl\/wp-json\/wp\/v2\/users\/2"}],"replies":[{"embeddable":true,"href":"https:\/\/www.europesays.com\/pl\/wp-json\/wp\/v2\/comments?post=489654"}],"version-history":[{"count":0,"href":"https:\/\/www.europesays.com\/pl\/wp-json\/wp\/v2\/posts\/489654\/revisions"}],"wp:featuredmedia":[{"embeddable":true,"href":"https:\/\/www.europesays.com\/pl\/wp-json\/wp\/v2\/media\/489655"}],"wp:attachment":[{"href":"https:\/\/www.europesays.com\/pl\/wp-json\/wp\/v2\/media?parent=489654"}],"wp:term":[{"taxonomy":"category","embeddable":true,"href":"https:\/\/www.europesays.com\/pl\/wp-json\/wp\/v2\/categories?post=489654"},{"taxonomy":"post_tag","embeddable":true,"href":"https:\/\/www.europesays.com\/pl\/wp-json\/wp\/v2\/tags?post=489654"}],"curies":[{"name":"wp","href":"https:\/\/api.w.org\/{rel}","templated":true}]}}