{"id":489755,"date":"2026-06-12T11:48:10","date_gmt":"2026-06-12T11:48:10","guid":{"rendered":"https:\/\/www.europesays.com\/pl\/489755\/"},"modified":"2026-06-12T11:48:10","modified_gmt":"2026-06-12T11:48:10","slug":"sum-a-sprawa-polska-rzad-tuska-zrobil-z-deportacji-spektakl","status":"publish","type":"post","link":"https:\/\/www.europesays.com\/pl\/489755\/","title":{"rendered":"Sum a sprawa polska. Rz\u0105d Tuska zrobi\u0142 z deportacji spektakl"},"content":{"rendered":"<p class=\"wp-block-paragraph\">W jednym z majowych tygodni policjanci w Ko\u015bcielisku zatrzymali do kontroli 26-letniego turyst\u0119 z Australii. Prowadzi\u0142 quada bez uprawnie\u0144, w obszarze chronionym, mia\u0142 \u2013 jak relacjonowa\u0142a policja \u2013 \u201etrudno\u015bci z opanowaniem pojazdu\u201d. S\u0105d ukara\u0142 go w trybie przyspieszonym grzywn\u0105 w wysoko\u015bci 2 tysi\u0119cy z\u0142otych oraz zakazem prowadzenia pojazd\u00f3w w Polsce na p\u00f3\u0142 roku. Jak<a href=\"https:\/\/zakopane.wyborcza.pl\/zakopane\/7,179294,32827586,australijczyk-skazany-francuz-czeka-na-wyrok-polak-w-wiezieniu.html#s=S.embed_article-K.C-B.1-L.1.zw\" rel=\"nofollow noopener\" target=\"_blank\"> <\/a><a href=\"https:\/\/zakopane.wyborcza.pl\/zakopane\/7,179294,32827586,australijczyk-skazany-francuz-czeka-na-wyrok-polak-w-wiezieniu.html#s=S.embed_article-K.C-B.1-L.1.zw\" rel=\"nofollow noopener\" target=\"_blank\">relacjonuje \u201eGazeta Wyborcza\u201d<\/a>, po wp\u0142aceniu grzywny Australijczyk opu\u015bci\u0142 komend\u0119.<\/p>\n<p class=\"wp-block-paragraph\">Cztery dni wcze\u015bniej, w tej samej okolicy, ukrai\u0144ski influencer Andrij Gawryliw wjecha\u0142 samochodem na Morskie Oko, \u0142ami\u0105c przepisy Tatrza\u0144skiego Parku Narodowego. Przeprosi\u0142 Polak\u00f3w, sam opu\u015bci\u0142 kraj, ale i tak dosta\u0142 pi\u0119cioletni zakaz wjazdu do Polski oraz do wszystkich kraj\u00f3w strefy Schengen. Ukrai\u0144ska corvetta w polskich g\u00f3rach okaza\u0142a si\u0119 spraw\u0105 tak powa\u017cn\u0105, \u017ce skomentowali j\u0105 minister Marcin Kierwi\u0144ski i premier Donald Tusk.<\/p>\n<p class=\"wp-block-paragraph\">Cho\u0107 oby\u0142o si\u0119 bez komentarzy wysokich dostojnik\u00f3w, 5-letni zakaz dosta\u0142 tak\u017ce 57-letni obywatel Ukrainy, kt\u00f3ry pod koniec maja wy\u0142owi\u0142 w goc\u0142awskim Balatonie i wywi\u00f3z\u0142 w baga\u017cniku auta 183-centymetrowego suma. Z\u0142ama\u0142 prawo dotycz\u0105ce okresu chronionego dla tego gatunku ryb (ten ko\u0144czy\u0142 si\u0119 dopiero 1 czerwca), podejrzewano go te\u017c o zn\u0119canie si\u0119 nad zwierz\u0119ciem. Nie wiadomo, czy za\u0142o\u017cono spraw\u0119 karn\u0105 i jaki jest jej dalszy los. \u017baden s\u0105d si\u0119 nie wypowiedzia\u0142. Wiemy natomiast, \u017ce ju\u017c 2 czerwca m\u0119\u017cczyzna zosta\u0142 zatrzymany przez Stra\u017c Graniczn\u0105, a 3 czerwca deportowany do Ukrainy.<\/p>\n<p>            Czytaj tak\u017ce<br \/>\n            <a href=\"https:\/\/krytykapolityczna.pl\/kraj\/czy-ukrainska-diaspora-powinna-potepic-zelenskiego-i-upa\/\" class=\"article-page-read-also-title\" aria-label=\"Przejd\u017a do artyku\u0142u Czy ukrai\u0144ska diaspora powinna pot\u0119pi\u0107 Ze\u0142enskiego i UPA?\" rel=\"nofollow noopener\" target=\"_blank\">Czy ukrai\u0144ska diaspora powinna pot\u0119pi\u0107 Ze\u0142enskiego i UPA?<\/a><br \/>\n            Olena Babakova<\/p>\n<p class=\"wp-block-paragraph\">Z dzi\u015b na jutro w sierpniu 2025 do Ukrainy zosta\u0142o deportowanych te\u017c kilka os\u00f3b, kt\u00f3re dopu\u015bci\u0142y si\u0119 wykrocze\u0144 podczas koncertu Maksa Kor\u017ca w Warszawie \u2013 przelaz\u0142y przez barierki, przepycha\u0142y si\u0119 z ochron\u0105. Chocia\u017c wspomniane czyny to z\u0142amanie prawa administracyjnego, a nie karnego, i niekt\u00f3rzy migranci nawet zd\u0105\u017cyli ui\u015bci\u0107 zas\u0105dzon\u0105 grzywn\u0119, mniej ni\u017c dwa tygodnie po koncercie odwiedzi\u0142a ich SG i zawioz\u0142a na granic\u0119.<\/p>\n<p class=\"wp-block-paragraph\">Deportacja w Polsce to ju\u017c nie \u015brodek ostateczny wobec cudzoziemc\u00f3w, kt\u00f3rzy ewidentnie nie umiej\u0105 funkcjonowa\u0107 w tym kraju. To spektakl wyre\u017cyserowany pod media spo\u0142eczno\u015bciowe. Niby ma pokaza\u0107, jak pa\u0144stwo stawia czo\u0142o problemom i nie daje si\u0119 sflacza\u0142ej poprawno\u015bci politycznej, lecz w praktyce dok\u0142ada si\u0119 do antymigranckiej, a szczeg\u00f3lnie antyukrai\u0144skiej histerii.<\/p>\n<p>Anatomia spektaklu<\/p>\n<p class=\"wp-block-paragraph\">Deportacje s\u0105 instrumentem polityki migracyjnej, kt\u00f3ry \u2013 w teorii \u2013 stosuje si\u0119, gdy inne mo\u017cliwo\u015bci zosta\u0142y ju\u017c wyczerpane. Jak t\u0142umaczy prof. Witold Klaus z Centrum Bada\u0144 nad Prawem Migracyjnym Instytutu Nauk Prawnych PAN, Stra\u017c Graniczna po przeprowadzeniu odpowiedniej procedury administracyjnej mo\u017ce wyda\u0107 cudzoziemcowi nakaz opuszczenia kraju, kt\u00f3remu ten ma obowi\u0105zek si\u0119 podporz\u0105dkowa\u0107 w ci\u0105gu 30 dni. Mo\u017ce odwo\u0142a\u0107 si\u0119 od tej decyzji do organu drugiej instancji, przys\u0142uguje mu te\u017c kontrola s\u0105dowa. \u2013 Natomiast w przypadku, gdy zagro\u017cenie, kt\u00f3re stanowi cudzoziemiec jest szczeg\u00f3lne i istniej\u0105 uzasadnione obawy, \u017ce nie dojdzie do wyjazdu dobrowolnego, organizowana jest deportacja pod eskort\u0105 funkcjonariuszy. Ju\u017c wcze\u015bniej realizowano setki deportacji rocznie, ale mam wra\u017cenie, \u017ce na pocz\u0105tku ubieg\u0142ego roku SG zmieni\u0142a swoje praktyki. Wcze\u015bniej nie mieli\u015bmy do czynienia z wydalaniem za tak b\u0142ahe przewinienia, jak z\u0142owiony sum czy awantura na koncercie \u2013 m\u00f3wi prof. Klaus.<\/p>\n<p class=\"wp-block-paragraph\">T\u0119 ocen\u0119 potwierdzaj\u0105 statystyki. Naturalnie, \u017ce liczba decyzji zobowi\u0105zuj\u0105cych cudzoziemc\u00f3w do powrotu ro\u015bnie rok do roku \u2013 populacja migrancka w Polsce jest teraz wi\u0119ksza, ni\u017c 5 lat temu. Jednak w 2022 roku, zgodnie z danymi SG, na 3800 wykonanych decyzji powrotowych przypada\u0142o 600 deportacji (czyli 1:6,3), w 2023 roku na 7200 decyzji \u2013 1100 deportacji (1:6,5), a w roku 2025 na 8700 decyzji \u2013 2100 deportacji (1:4,1).<\/p>\n<p class=\"wp-block-paragraph\">Pierwsze widowiskowe deportacje zacz\u0119\u0142y si\u0119 podczas prezydenckiej kampanii wyborczej od obywateli Gruzji. Marzec, ju\u017c s\u0142onecznie. Radiowozy wje\u017cd\u017caj\u0105 na p\u0142yt\u0119 lotniska w Krakowie, kilkunastu m\u0119\u017cczyzn w kajdankach wchodzi na pok\u0142ad specjalnie wyprawionej Casy i lec\u0105 na po\u0142udniowy wsch\u00f3d. Ca\u0142e media spo\u0142eczno\u015bciowe rz\u0105du w shortsach i reelsach \u2013 jak\u017ce skutecznie prowadzimy polityk\u0119 migracyjn\u0105! Premier Tusk pisze na X: \u201eDeportacje ruszy\u0142y. Skutecznie rozbijamy gruzi\u0144skie gangi\u201d. Gdyby Polacy zapomnieli o wysi\u0142kach rz\u0105du, 41 Gruzin\u00f3w deportowano z Radomia do Tbilisi mi\u0119dzy pierwsz\u0105 a drug\u0105 tur\u0105 wybor\u00f3w w maju.<\/p>\n<p class=\"wp-block-paragraph\">Tak, w Polsce istnieje zjawisko przest\u0119pczo\u015bci cudzoziemskiej. Obywatele Gruzji w tej chwili s\u0105 jedyn\u0105 grup\u0105 narodowo\u015bciow\u0105, w kt\u00f3rej procent rejestrowanych przest\u0119pstw jest wy\u017cszy ni\u017c odsetek tej grupy w populacji. Ale czy wszyscy deportowani byli cz\u0142onkami gang\u00f3w? Nakaz opuszczenia kraju mo\u017cna dosta\u0107 te\u017c np. z powodu niedope\u0142nienia formalno\u015bci zwi\u0105zanych z zatrudnieniem migranta. Czy by\u0142a konieczno\u015b\u0107 wydawania dziesi\u0105tek tysi\u0119cy z pieni\u0119dzy podatnik\u00f3w na organizacj\u0119 lotu czarterowego? W tej scenografii licz\u0105 si\u0119 nie z\u0142ot\u00f3wki i paragrafy, tylko efekt dramatyczny.<\/p>\n<p class=\"wp-block-paragraph\">W Polsce od lat wyst\u0119puj\u0105 problemy z wydaniem kart pobytu cudzoziemcom. Procedura legalizacji pobytu \u2013 kt\u00f3ra kodeksowo mia\u0142aby trwa\u0107 60 dni \u2013 obecnie trwa oko\u0142o roku, w niekt\u00f3rych wojew\u00f3dztwach \u2013 dwa lata. Publiczne inicjatywy pod auspicjami MPRiPS, nastawione na integracj\u0119 migrant\u00f3w, dopiero rozwijaj\u0105 skrzyd\u0142a. Tymczasem realizacja deportacji zosta\u0142a uznana za g\u0142\u00f3wny miernik skuteczno\u015bci polityki rz\u0105dowej w tym zakresie.<\/p>\n<p class=\"wp-block-paragraph\">Wobec rosn\u0105cych nastroj\u00f3w antyukrai\u0144skich, bohaterami rz\u0105dowych sprawozda\u0144 z kolejnych \u201esukces\u00f3w\u201d coraz cz\u0119\u015bciej s\u0105 w\u0142a\u015bnie obywatele Ukrainy.<\/p>\n<p>Bardzo niebezpieczny migrant<\/p>\n<p class=\"wp-block-paragraph\">Jak zaznacza prof. Klaus, dobrowolny wyjazd z kraju zostaje zast\u0105piony deportacj\u0105, kiedy migrant \u201ezagra\u017ca bezpiecze\u0144stwu pa\u0144stwa lub porz\u0105dkowi publicznemu\u201d. Obie te kategorie w polskim ustawodawstwie s\u0105 mgliste. W odpowiedzi na interpelacj\u0119 poselsk\u0105 <a href=\"https:\/\/sejm.gov.pl\/INT10.nsf\/klucz\/ATTDEPFBQ\/$FILE\/i07650-o1_3.pdf\" rel=\"nofollow noopener\" target=\"_blank\">z lutego 2025 roku MSWiA<\/a> przyznaje wprost: \u201eKlauzula obronno\u015bci pa\u0144stwa lub bezpiecze\u0144stwa pa\u0144stwa oraz bezpiecze\u0144stwa i porz\u0105dku publicznego zawiera poj\u0119cia znaczeniowo nieostre, kt\u00f3re nie zosta\u0142y zdefiniowane, pozostawiaj\u0105c w zwi\u0105zku z tym organom znaczny zakres swobody\u201d. Wystarczy \u201eobiektywna mo\u017cliwo\u015b\u0107 zagro\u017cenia\u201d.<\/p>\n<p>            Czytaj tak\u017ce<br \/>\n            <a href=\"https:\/\/krytykapolityczna.pl\/swiat\/henry-nowak-rasizm-w-wielkiej-brytanii\/\" class=\"article-page-read-also-title\" aria-label=\"Przejd\u017a do artyku\u0142u Henry Nowak i \u201ebia\u0142e \u017cycia\u201d: rasizm nie mo\u017ce ju\u017c zaszkodzi\u0107 brytyjskiej prawicy\" rel=\"nofollow noopener\" target=\"_blank\">Henry Nowak i \u201ebia\u0142e \u017cycia\u201d: rasizm nie mo\u017ce ju\u017c zaszkodzi\u0107 brytyjskiej prawicy<\/a><br \/>\n            Jakub Majmurek<\/p>\n<p class=\"wp-block-paragraph\">Uznaniowo\u015b\u0107 jednak nie oznacza dowolno\u015bci. W 2015 roku Trybuna\u0142 Sprawiedliwo\u015bci Unii Europejskiej wyda\u0142 w sprawie Z. Zh. i O. wyrok, kt\u00f3ry mia\u0142 pilnowa\u0107 tej granicy mi\u0119dzy ocen\u0105 zagro\u017cenia a prawami cz\u0142owieka. Jak podkre\u015bla prof. Klaus, poj\u0119cie zagro\u017cenia dla porz\u0105dku publicznego \u2013 zgodnie z orzeczeniem Trybuna\u0142u \u2013 wymaga wykazania rzeczywistego, aktualnego i dostatecznie powa\u017cnego zagro\u017cenia podstawowych interes\u00f3w spo\u0142ecze\u0144stwa. Sam fakt pope\u0142nienia czynu zabronionego nie wystarczy. Konieczna jest indywidualna prognoza, \u017ce dana osoba ponownie z\u0142amie prawo. \u2013 W\u0105tpi\u0119, \u017ce tak si\u0119 dzieje w polskiej praktyce \u2013 stwierdza Klaus.<\/p>\n<p class=\"wp-block-paragraph\">Pierwszy powa\u017cny crash test na to, czy pa\u0144stwo polskie nie traktuje wspomnianych zagro\u017ce\u0144 instrumentalnie, w celu nie tyle zapewnienia bezpiecze\u0144stwa obywatelom, ile osi\u0105gni\u0119cia dywidend politycznych, mia\u0142 miejsce za rz\u0105d\u00f3w PiS. Chodzi o spraw\u0119 Ludmi\u0142y Koz\u0142owskiej \u2013 szefowej fundacji \u201eOtwarty Dialog\u201d, kt\u00f3rej m\u0105\u017c, Bartosz Kramek, podczas protest\u00f3w przeciwko reformie s\u0105dowej w ostrych s\u0142owach skrytykowa\u0142 Kaczy\u0144skiego i w mediach spo\u0142eczno\u015bciowych zastanawia\u0142 si\u0119, czego Polacy mog\u0105 nauczy\u0107 si\u0119 od Ukrai\u0144c\u00f3w protestuj\u0105cych na Majdanie. Po przylocie z Kijowa do Brukseli w sierpniu 2018 roku Koz\u0142owska nie zosta\u0142a wpuszczona do UE, bo Polska wpisa\u0142a j\u0105 do Wykazu os\u00f3b niepo\u017c\u0105danych na terenie kraju i SIS (wsp\u00f3lnej stop-listy dla kraj\u00f3w strefy Schengen). Pisowskie TVP przez kilka tygodni grillowa\u0142o Koz\u0142owsk\u0105, ale w tych czasach bardziej oburzaj\u0105ca wydawa\u0142a si\u0119 jej znajomo\u015b\u0107 z Sorosem ni\u017c ukrai\u0144skie obywatelstwo. W 2022 roku NSA orzek\u0142 o nies\u0142uszno\u015bci odebrania karty pobytu i wpisania do Wykazu.<\/p>\n<p class=\"wp-block-paragraph\">Wtedy politycy Platformy Obywatelskiej krytykowali bezprawie \u2013 dzi\u015b robi\u0105 to samo, co PiS. <a href=\"https:\/\/krytykapolityczna.pl\/kraj\/deportacje-po-koncercie-maksa-korza-konfederacja\/\" rel=\"nofollow noopener\" target=\"_blank\">Deportowani po koncercie Kor\u017ca<\/a> \u015bwiadczyli, \u017ce rano przychodzili mundurowi, a wieczorem by\u0142a wyw\u00f3zka na granic\u0119. Ukrai\u0144ski w\u0119dkarz we wtorek zosta\u0142 zatrzymany przez SG, w \u015brod\u0119 go deportowano.<\/p>\n<p>To wszystko ju\u017c by\u0142o?<\/p>\n<p class=\"wp-block-paragraph\">To w\u0142a\u015bnie tempo jest zaskakuj\u0105ce dla dr Agnieszki Radziwinowicz\u00f3wny z O\u015brodka Bada\u0144 nad Migracjami UW, kt\u00f3ra od dekady bada polityk\u0119 i praktyki deportacyjne Wielkiej Brytanii. \u2013 Polska nie wynalaz\u0142a pop-deportacji. Po brexicie analizowa\u0142am dyskurs medialny wok\u00f3\u0142 migracji i migrant\u00f3w na Wyspach. Szczeg\u00f3lnie w periodykach konserwatywnych by\u0142 on skonstruowany w taki spos\u00f3b, by wywo\u0142a\u0107 u czytelnika obrzydzenie, oburzenie tym, jak to ci Polacy, Rumuni czy Litwini nie szanuj\u0105 naszego prawa i naszej wra\u017cliwo\u015bci. W latach 2016-2017 obowi\u0105zywa\u0142o prawo, kt\u00f3re pozwala\u0142o deportowa\u0107 z Wielkiej Brytanii osoby w kryzysie bezdomno\u015bci, kt\u00f3re te\u017c dotkn\u0119\u0142o g\u0142\u00f3wnie obywateli wschodnich kraj\u00f3w UE. Spor\u0105 cz\u0119\u015b\u0107 deportowanych z tego paragrafu stanowili Romowie, co nadawa\u0142o kampanii dodatkowego rasowego zabarwienia. W latach \u015bwie\u017co po referendum brexitowym Polacy, Rumuni i obywatele pa\u0144stw ba\u0142tyckich byli nadreprezentowani w brytyjskich statystykach deportacyjnych. Bo w\u0142a\u015bnie w nich wtedy by\u0142a wymierzona propaganda antymigrancka.<\/p>\n<p class=\"wp-block-paragraph\">Jak uwa\u017ca dr Radziwinowicz\u00f3wna, w\u0105tek \u201epsucia rodzimej przyrody\u201d mia\u0142 du\u017ce znaczenie w budowaniu nastroj\u00f3w antypolskich w Wielkiej Brytanii: \u2013 Ca\u0142y czas by\u0142a obecna miejska legenda, wed\u0142ug kt\u00f3rej Polacy jedli brytyjskie \u0142ab\u0119dzie. O Rumunach te\u017c chodzi\u0142y takie pog\u0142oski. Mia\u0142o to bardzo konkretny cel \u2013 obrzydzi\u0107 Brytyjczykom tych migrant\u00f3w.<\/p>\n<p class=\"wp-block-paragraph\">W Niemczech Friedrich Merz szczyci si\u0119 wzrostem statystyk deportacyjnych po wyborach 2025 roku. Podpisa\u0142 umowy readmisyjne z Keni\u0105, Gruzj\u0105 i Mo\u0142dawi\u0105. Chocia\u017c Berlin nie uznaje rz\u0105d\u00f3w talib\u00f3w, ju\u017c czwarty rok s\u0105 prowadzone deportacje do Kabulu. We W\u0142oszech Giorgia Meloni eksternalizuje procedury azylowe do Albanii. We Francji Bruno Retailleau m\u00f3wi o zamro\u017ceniu wydawania wiz i deportacjach w kategoriach \u201eodzyskania kontroli\u201d \u2013 frazy znanej Polakom chocia\u017cby z tytu\u0142u strategii migracyjnej na lata 2025-2030.<\/p>\n<p class=\"wp-block-paragraph\">Jest jednak w polskim przypadku co\u015b szczeg\u00f3lnego. We wszystkich wymienionych pa\u0144stwach pop-deportacje realizuje koalicja z udzia\u0142em skrajnej prawicy lub konserwatyst\u00f3w. W Polsce robi j\u0105 koalicja, kt\u00f3ra w 2023 roku dosz\u0142a do w\u0142adzy pod sztandarem powrotu do europejskich standard\u00f3w demokracji. Polak\u00f3w z Wielkiej Brytanii deportowano do kraju biedniejszego, ale nie do ogarni\u0119tego wojn\u0105, jak dzi\u015b Ukraina. Mogli jecha\u0107 pracowa\u0107 do Niemiec albo Holandii, za\u015b Polska coraz cz\u0119\u015bciej woli nie tylko eksmitowa\u0107 ze swojego terenu, ale i zamyka\u0107 wjazd do ca\u0142ej strefy Schengen.<\/p>\n<p class=\"wp-block-paragraph\">Pijany Polak \u0142owi\u0105cy ryby w Dre\u017anie pod barokowym pa\u0142acem jest obiektem kpin. Czy ktokolwiek naprawd\u0119 uwa\u017ca, \u017ce go\u015b\u0107, kt\u00f3ry wy\u0142owi\u0142 suma z Balatonu, zagra\u017ca np. Portugalii czy Luksemburgowi? Przed reform\u0105 SIS wpis na 5 lat dostawa\u0142y osoby zwi\u0105zane albo podejrzane o zwi\u0105zki z tzw. Pa\u0144stwem Islamskim, uwik\u0142ane w przemyt narkotyk\u00f3w czy handel lud\u017ami.<\/p>\n<p class=\"wp-block-paragraph\">Dlaczego Australijczyk \u0142ami\u0105cy prawo w Tatrach odszed\u0142 z mandatem, a Ukrainiec z zakazem wjazdu? Nie wynika\u0142o to przecie\u017c z obiektywnej oceny zagro\u017cenia, a z kalkulacji politycznej. Polityk komentuj\u0105cy spraw\u0119 Australijczyka nie ma nic do zyskania. Sprawa Ukrai\u0144ca wpisuje si\u0119 w istniej\u0105cy ju\u017c dyskurs medialny \u2013 i daje wymierny zwrot kapita\u0142u w postaci aprobaty wyborc\u00f3w niech\u0119tnych Ukrai\u0144com.<\/p>\n<p>            Czytaj tak\u017ce<br \/>\n            <a href=\"https:\/\/krytykapolityczna.pl\/multimedia\/z-akcentem-czy-ukrainiec-moze-zostac-polakiem\/\" class=\"article-page-read-also-title\" aria-label=\"Przejd\u017a do artyku\u0142u Czy Ukrainiec mo\u017ce zosta\u0107 Polakiem?\" rel=\"nofollow noopener\" target=\"_blank\">Czy Ukrainiec mo\u017ce zosta\u0107 Polakiem?<\/a><br \/>\n            Olena Babakova<\/p>\n<p>Naczelny S\u0105d Facebookowy<\/p>\n<p class=\"wp-block-paragraph\">Od polityk\u00f3w koalicji rz\u0105dz\u0105cej mo\u017cna us\u0142ysze\u0107, \u017ce s\u0105 twardzi wobec migrant\u00f3w, bo dbaj\u0105 o bezpiecze\u0144stwo Polak\u00f3w. Ale wygl\u0105da na to, \u017ce Polacy nie czuj\u0105 si\u0119 szczeg\u00f3lnie zagro\u017ceni. Wed\u0142ug CBOS pod koniec 2025 roku 88 proc. ankietowanych uwa\u017ca\u0142o Polsk\u0119 za kraj, w kt\u00f3rym \u017cyje si\u0119 bezpiecznie. Cudzoziemcy <a href=\"https:\/\/orka.sejm.gov.pl\/home.nsf\/InterpelacjaTresc.xsp?key=DFQJ66\" rel=\"nofollow noopener\" target=\"_blank\">stanowi\u0105 <\/a>6,5 proc. podejrzanych o przest\u0119pstwa, co mniej wi\u0119cej odpowiada ich udzia\u0142owi w populacji, i 3,32 proc. skazanych za czyny z Kodeksu karnego (statystycznie wi\u0119c pope\u0142niaj\u0105 je rzadziej ni\u017c Polacy). Trudno tu m\u00f3wi\u0107 o kryzysie bezpiecze\u0144stwa publicznego, kt\u00f3ry wymaga\u0142by nadzwyczajnych \u015brodk\u00f3w.<\/p>\n<p class=\"wp-block-paragraph\">Mimo to rosn\u0105 nastroje antyimigranckie, zw\u0142aszcza antyukrai\u0144skie. W styczniu 2024 roku pozytywny stosunek do Ukrai\u0144c\u00f3w deklarowa\u0142o 40 proc. Polak\u00f3w, w tym roku \u2013 28 proc. Negatywny \u2013 wcze\u015bniej 30, dzi\u015b 43 proc. W grudniu 2025 roku po raz pierwszy od inwazji Rosji w 2014 roku zanotowano wy\u017cszy wska\u017anik Polak\u00f3w przeciwnych przyjmowaniu uchod\u017ac\u00f3w z Ukrainy (46 proc.), przy 48 proc. popieraj\u0105cych. Decyzja Ze\u0142e\u0144skiego o nadaniu jednostce wojskowej imienia Bohater\u00f3w UPA ju\u017c od dw\u00f3ch tygodni dominuje polsk\u0105 debat\u0119 publiczn\u0105. Nie ma suszy, nie ma kryzysu NFZ, nie ma marnego finansowania nauki. S\u0105 Ukrai\u0144cy, kt\u00f3rzy s\u0105 niewdzi\u0119czni i irytuj\u0105 Polak\u00f3w.<\/p>\n<p class=\"wp-block-paragraph\">To na te emocje odpowiada polityka deportacyjna. Na zm\u0119czenie i resentyment wobec konkretnej grupy. Owszem, deportacje Ukrai\u0144c\u00f3w nie s\u0105 wprost odwetem za dzia\u0142ania Kijowa \u2013 taka teza by\u0142aby za prosta. S\u0105 raczej kompensacj\u0105 symboliczn\u0105. Nie mog\u0105c politycznie nacisn\u0105\u0107 elit ukrai\u0144skich, polskie w\u0142adze mog\u0105 widowiskowo nacisn\u0105\u0107 Ukrai\u0144c\u00f3w w Polsce. O tym, czy kogo\u015b deportuj\u0105, zdecyduje nie waga czynu, lecz to, na ile w danym tygodniu polskoj\u0119zyczny Facebook b\u0119dzie wkurwiony na Ze\u0142enskiego, kolejki do lekarzy i przegran\u0105 w pi\u0142ce no\u017cnej.<\/p>\n<p class=\"wp-block-paragraph\">R\u00f3wnolegle z deportacjami przebiegaj\u0105 inne procesy: wojewodowie w ubieg\u0142ym roku zacz\u0119li masowo odmawia\u0107 nawet prawa do czasowego pobytu migrantom, kt\u00f3rzy maj\u0105 cho\u0107by jeden mandat z przekroczenie pr\u0119dko\u015bci albo nieop\u0142acone parkowanie. Nawet mandat dawno op\u0142acony. A wszystko to pod p\u0142aszczykiem walki z \u201ezagro\u017ceniem porz\u0105dku publicznego\u201d. Nad jedn\u0105 spraw\u0105 niedawno <a href=\"https:\/\/vod.tvp.pl\/informacje-i-publicystyka,205\/reporterzy-odcinki,1162990\/odcinek-540,S02E540,3050689\" rel=\"nofollow noopener\" target=\"_blank\">pochyli\u0142o si\u0119 TVP<\/a> \u2013 Ukrainiec, od lat pracuj\u0105cy w Polsce, uratowa\u0142 ludzi z po\u017caru, a zosta\u0142 bez obywatelstwa z powodu dw\u00f3ch mandat\u00f3w drogowych.<\/p>\n<p class=\"wp-block-paragraph\">Proces uznania za obywatela te\u017c ma zosta\u0107 zmieniony \u2013 wy\u017csze wymagania j\u0119zykowe (proponowany B2 to poziom polskiej rozszerzonej matury), deklaracja lojalno\u015bci, test obywatelski. I \u2013 co najbardziej dotkliwe \u2013 d\u0142u\u017cszy okres zamieszkania w kraju. Zmiany te naturalnie ogranicz\u0105 mo\u017cliwo\u015b\u0107 ubiegania si\u0119 o obywatelstwo przede wszystkim przez Ukrai\u0144c\u00f3w.<\/p>\n<p class=\"wp-block-paragraph\">Wym\u00f3g lojalno\u015bci i wiedzy o kraju przyjmuj\u0105cym jest zrozumia\u0142y. Tylko kiedy mia\u0142aby narodzi\u0107 si\u0119 ta lojalno\u015b\u0107 \u2013 w nerwowym pilnowaniu si\u0119, by raptem nie powin\u0119\u0142a si\u0119 noga, bo inaczej zostaniesz bez prawa pobytu i b\u0119dzie ci grozi\u0107 deportacja?<\/p>\n","protected":false},"excerpt":{"rendered":"W jednym z majowych tygodni policjanci w Ko\u015bcielisku zatrzymali do kontroli 26-letniego turyst\u0119 z Australii. Prowadzi\u0142 quada bez&hellip;\n","protected":false},"author":2,"featured_media":489756,"comment_status":"","ping_status":"","sticky":false,"template":"","format":"standard","meta":{"footnotes":"","_share_on_mastodon":"0"},"categories":[62713],"tags":[1345,855,62880,18985,19396],"class_list":["post-489755","post","type-post","status-publish","format-standard","has-post-thumbnail","category-donald-tusk","tag-donald-tusk","tag-nacjonalizm","tag--polityka-strachu","tag--migracje","tag--ukraina"],"share_on_mastodon":{"url":"https:\/\/pubeurope.com\/@pl\/116736983237118701","error":""},"_links":{"self":[{"href":"https:\/\/www.europesays.com\/pl\/wp-json\/wp\/v2\/posts\/489755","targetHints":{"allow":["GET"]}}],"collection":[{"href":"https:\/\/www.europesays.com\/pl\/wp-json\/wp\/v2\/posts"}],"about":[{"href":"https:\/\/www.europesays.com\/pl\/wp-json\/wp\/v2\/types\/post"}],"author":[{"embeddable":true,"href":"https:\/\/www.europesays.com\/pl\/wp-json\/wp\/v2\/users\/2"}],"replies":[{"embeddable":true,"href":"https:\/\/www.europesays.com\/pl\/wp-json\/wp\/v2\/comments?post=489755"}],"version-history":[{"count":0,"href":"https:\/\/www.europesays.com\/pl\/wp-json\/wp\/v2\/posts\/489755\/revisions"}],"wp:featuredmedia":[{"embeddable":true,"href":"https:\/\/www.europesays.com\/pl\/wp-json\/wp\/v2\/media\/489756"}],"wp:attachment":[{"href":"https:\/\/www.europesays.com\/pl\/wp-json\/wp\/v2\/media?parent=489755"}],"wp:term":[{"taxonomy":"category","embeddable":true,"href":"https:\/\/www.europesays.com\/pl\/wp-json\/wp\/v2\/categories?post=489755"},{"taxonomy":"post_tag","embeddable":true,"href":"https:\/\/www.europesays.com\/pl\/wp-json\/wp\/v2\/tags?post=489755"}],"curies":[{"name":"wp","href":"https:\/\/api.w.org\/{rel}","templated":true}]}}