{"id":490438,"date":"2026-06-12T18:45:13","date_gmt":"2026-06-12T18:45:13","guid":{"rendered":"https:\/\/www.europesays.com\/pl\/490438\/"},"modified":"2026-06-12T18:45:13","modified_gmt":"2026-06-12T18:45:13","slug":"ryszard-petru-stanie-na-czele-nowej-partii-sa-pierwsze-szczegoly","status":"publish","type":"post","link":"https:\/\/www.europesays.com\/pl\/490438\/","title":{"rendered":"Ryszard Petru stanie na czele nowej partii? S\u0105 pierwsze szczeg\u00f3\u0142y"},"content":{"rendered":"<p>Nowa partia ma zosta\u0107 za\u0142o\u017cona po wakacjach, ale do tej pory nie jest jasne, kto mia\u0142by wej\u015b\u0107 w jej sk\u0142ad. Wiadomo tylko o Ryszardzie Petru jako o ewentualnym liderze, kt\u00f3ry w czerwcu pisa\u0142 o potrzebie powstania &#8222;Konfederacji light&#8221;.<\/p>\n<p>Rozm\u00f3wcy &#8222;Rzeczpospolitej&#8221; przekonuj\u0105, \u017ce ma by\u0107 skierowana g\u0142\u00f3wnie do przedsi\u0119biorc\u00f3w i stawia\u0107 na wolnorynkowy program. \u2014 Chcemy by\u0107 parti\u0105 dla sierot po wolnorynkowej Platformie Obywatelskiej, wype\u0142niaj\u0105c luk\u0119 po Trzeciej Drodze i przejmuj\u0105c cz\u0119\u015b\u0107 wolnorynkowych wyborc\u00f3w Konfederacji, kt\u00f3rym przeszkadzaj\u0105 antyunijne i nacjonalistyczne has\u0142a \u2014 opisuje jeden z inicjator\u00f3w.<\/p>\n<p>     Nowa partia z Ryszardem Petru. Chce odebra\u0107 wyborc\u00f3w Konfederacji<\/p>\n<p>Ugrupowanie mia\u0142oby wystartowa\u0107 w wyborach parlamentarnych w 2027 r. Wiadomo tak\u017ce, \u017ce partia nie chce wsp\u00f3\u0142pracowa\u0107 z Mateuszem Morawieckim ani Szymonem Ho\u0142owni\u0105. \u2014 Mo\u017cliwe jest samodzielne kandydowanie, jak i stworzenie nowej koalicji. Szukamy partnera. Podstaw\u0105 jest odebranie tlenu Konfederacji \u2014 m\u00f3wi rozm\u00f3wca &#8222;RP&#8221;.<\/p>\n<p>Sam Ryszard Petru podkre\u015bla, \u017ce na razie nie chce sk\u0142ada\u0107 deklaracji. \u2014 Pewne jest, \u017ce os\u0142abienie Konfederacji by\u0142oby dobre dla wszystkich po demokratycznej stronie \u2014 komentuje polityk.<\/p>\n<p>Ryszard Petru mia\u0142 wej\u015b\u0107 do rz\u0105du. Polityk jest w klubie Centrum     Ryszard Petru po roz\u0142amie w Polsce 2050 zosta\u0142 cz\u0142onkiem klubu parlamentarnego Centrum. Pod koniec maja pojawi\u0142y si\u0119 doniesienia, \u017ce polityk <a href=\"https:\/\/wiadomosci.onet.pl\/kraj\/nowa-rola-dla-ryszarda-petru-w-tle-spor-o-emerytury-artystow\/b66zwzv\" id=\"64de3124-26af-4180-b35c-b50807f5c4ee\" rel=\"nofollow noopener\" target=\"_blank\">ma do\u0142\u0105czy\u0107 do rz\u0105du Donalda Tuska jako wiceminister rozwoju<\/a>. P\u00f3\u017aniej jednak <a href=\"https:\/\/wiadomosci.onet.pl\/kraj\/ryszard-petru-zostanie-wiceministrem-jasna-deklaracja-andrzeja-domanskiego\/5svjzf1\" id=\"3cb32ac6-a847-4e05-94a9-82815832069f\" rel=\"nofollow noopener\" target=\"_blank\">zdementowa\u0142 je minister finans\u00f3w Andrzej Doma\u0144ski<\/a>.<\/p>\n<p>W sumie w lutym do Centrum przyst\u0105pi\u0142o 15 pos\u0142\u00f3w, kt\u00f3rzy wcze\u015bniej nale\u017celi do Polski 2050, m.in. Paulina Hennig-Kloska, Rafa\u0142 Kasprzyk, Ryszard Petru czy Aleksandra Leo. Jego cz\u0142onkowie g\u0142osuj\u0105 g\u0142\u00f3wnie razem z Koalicj\u0105 Obywatelsk\u0105.<\/p>\n<p>W pa\u017adzierniku Ryszard Petru, jeszcze jako cz\u0142onek Polski 2050, twierdzi\u0142, \u017ce <a href=\"https:\/\/wiadomosci.onet.pl\/kraj\/ryszard-petru-polska-2050-powinna-lowic-wyborcow-konfederacji\/c6b6s1y\" id=\"2a9a863e-160e-4a91-b9cc-e3744bb98817\" rel=\"nofollow noopener\" target=\"_blank\">ugrupowanie powinno &#8222;\u0142owi\u0107 wyborc\u00f3w&#8221; w\u0142a\u015bnie w Konfederacji<\/a>. \u2014 Tam jest elektorat, kt\u00f3ry na nas g\u0142osowa\u0142. Zawi\u00f3d\u0142 si\u0119, ale jest do odzyskania \u2014 oceni\u0142.<\/p>\n","protected":false},"excerpt":{"rendered":"Nowa partia ma zosta\u0107 za\u0142o\u017cona po wakacjach, ale do tej pory nie jest jasne, kto mia\u0142by wej\u015b\u0107 w&hellip;\n","protected":false},"author":2,"featured_media":490439,"comment_status":"","ping_status":"","sticky":false,"template":"","format":"standard","meta":{"footnotes":"","_share_on_mastodon":"0"},"categories":[12],"tags":[61195,32,33,36,37,27,1006,49,34,35,28,31,48,25,46,3653,42,38,40,39,41,6024,47,29,30,26],"class_list":["post-490438","post","type-post","status-publish","format-standard","has-post-thumbnail","category-polska","tag-bottomfeed_styl","tag-breaking-news","tag-breakingnews","tag-featured-news","tag-featurednews","tag-headlines","tag-konfederacja","tag-kraj","tag-latest-news","tag-latestnews","tag-naglowki","tag-najwazniejsze-artykuly","tag-nat_styl","tag-news","tag-omp","tag-partia","tag-pl","tag-poland","tag-polish","tag-polska","tag-polski","tag-ryszard_petru","tag-screening_general","tag-top-stories","tag-topstories","tag-wiadomosci"],"share_on_mastodon":{"url":"https:\/\/pubeurope.com\/@pl\/116738623123510648","error":""},"_links":{"self":[{"href":"https:\/\/www.europesays.com\/pl\/wp-json\/wp\/v2\/posts\/490438","targetHints":{"allow":["GET"]}}],"collection":[{"href":"https:\/\/www.europesays.com\/pl\/wp-json\/wp\/v2\/posts"}],"about":[{"href":"https:\/\/www.europesays.com\/pl\/wp-json\/wp\/v2\/types\/post"}],"author":[{"embeddable":true,"href":"https:\/\/www.europesays.com\/pl\/wp-json\/wp\/v2\/users\/2"}],"replies":[{"embeddable":true,"href":"https:\/\/www.europesays.com\/pl\/wp-json\/wp\/v2\/comments?post=490438"}],"version-history":[{"count":0,"href":"https:\/\/www.europesays.com\/pl\/wp-json\/wp\/v2\/posts\/490438\/revisions"}],"wp:featuredmedia":[{"embeddable":true,"href":"https:\/\/www.europesays.com\/pl\/wp-json\/wp\/v2\/media\/490439"}],"wp:attachment":[{"href":"https:\/\/www.europesays.com\/pl\/wp-json\/wp\/v2\/media?parent=490438"}],"wp:term":[{"taxonomy":"category","embeddable":true,"href":"https:\/\/www.europesays.com\/pl\/wp-json\/wp\/v2\/categories?post=490438"},{"taxonomy":"post_tag","embeddable":true,"href":"https:\/\/www.europesays.com\/pl\/wp-json\/wp\/v2\/tags?post=490438"}],"curies":[{"name":"wp","href":"https:\/\/api.w.org\/{rel}","templated":true}]}}