{"id":490585,"date":"2026-06-12T20:31:09","date_gmt":"2026-06-12T20:31:09","guid":{"rendered":"https:\/\/www.europesays.com\/pl\/490585\/"},"modified":"2026-06-12T20:31:09","modified_gmt":"2026-06-12T20:31:09","slug":"rosja-nie-chce-stalej-obecnosci-polski-w-g20-ostre-slowa-ambasadora","status":"publish","type":"post","link":"https:\/\/www.europesays.com\/pl\/490585\/","title":{"rendered":"Rosja nie chce sta\u0142ej obecno\u015bci Polski w G20. Ostre s\u0142owa ambasadora"},"content":{"rendered":"<p>Pomys\u0142 sta\u0142ej obecno\u015bci Polski w G20 skrytykowa\u0142 w pi\u0105tek wspieraj\u0105cy przedstawicielstwo Moskwy w tym gronie Marat Bierdyjew. Dyplomata podkre\u015bli\u0142, \u017ce &#8222;Europa ma ju\u017c wystarczaj\u0105c\u0105 reprezentacj\u0119&#8221;, a Polska jest reprezentowana po\u015brednio w G20 przez Uni\u0119 Europejsk\u0105.<\/p>\n<p>Marat Bierdyjew odni\u00f3s\u0142 si\u0119 tak\u017ce do stwierdze\u0144, i\u017c Polska znajduje si\u0119 w\u015br\u00f3d najwi\u0119kszych gospodarek \u015bwiata. \u2014 Zale\u017cy, jakimi wyliczeniami si\u0119 kierowa\u0107. Wed\u0142ug niekt\u00f3rych zestawie\u0144 tak jest, wed\u0142ug innych nie. W ka\u017cdym razie Warszawa znajduje si\u0119 gdzie\u015b u podstawy piramidy \u2014 podkre\u015bli\u0142.<\/p>\n<p> Dalszy ci\u0105g artyku\u0142u pod materia\u0142em wideo      Rosyjski dyplomata krytykuje Polsk\u0119. &#8222;Jest pasa\u017cerem na \u00bbTitanicu\u00ab&#8221;<\/p>\n<p>Rosyjski przedstawiciel stwierdzi\u0142 tak\u017ce, \u017ce do grona G20 powinny nale\u017ce\u0107 pa\u0144stwa, kt\u00f3re maj\u0105 dobre perspektywy rozwoju.<\/p>\n<p>\u2014 Przez ostatnie trzy lata rosyjska gospodarka wzros\u0142a o 10 proc., a europejska zaledwie o 3 proc. To \u015bwiadectwo gospodarczego wypalenia pa\u0144stw UE, a Polska jest pasa\u017cerem na &#8222;Titanicu&#8221; \u2014 stwierdzi\u0142.<\/p>\n<p>Polska zaproszona na szczyt G20 przez USA     \u2014 Dosta\u0142em zaproszenie od prezydenta Donalda Trumpa na przysz\u0142oroczny szczyt grupy G20 w Miami na Florydzie \u2014 <a href=\"https:\/\/wiadomosci.onet.pl\/swiat\/karol-nawrocki-przekazal-dobra-wiadomosc-polska-zaproszona-na-szczyt-g20\/22q066j\" id=\"2c904e3d-05aa-4982-a863-cbc893751eb2\" rel=\"nofollow noopener\" target=\"_blank\">poinformowa\u0142 we wrze\u015bniu prezydent Karol Nawrocki po spotkaniu z przyw\u00f3dc\u0105 USA w Bia\u0142ym Domu<\/a>.Pierwszy raz udzia\u0142 w szczycie zrzeszaj\u0105cym 20 najwi\u0119kszych gospodarek na \u015bwiecie Polska bra\u0142a w 2017 r., kiedy to w niemieckim Baden-Baden reprezentowa\u0142 j\u0105 \u00f3wczesny wicepremier Mateusz Morawiecki. W 2022 r. Polska bra\u0142a tak\u017ce cz\u0119\u015bciowo udzia\u0142 w pracach G20 w czasie prezydencji Indonezji. \u00d3wczesny minister rozwoju Piotr Nowak <a href=\"https:\/\/wiadomosci.onet.pl\/swiat\/polska-chce-zastapic-rosje-w-elitarnej-g20-chiny-zabraly-glos\/m86x9qd\" id=\"ae1bf267-e64a-40ff-9e4a-bb5a2c41e105\" rel=\"nofollow noopener\" target=\"_blank\">przedstawi\u0142 w\u00f3wczas propozycj\u0119, \u017ceby Polska zast\u0105pi\u0142a w G20 Rosj\u0119<\/a>.     <\/p>\n<p>G20 to mi\u0119dzynarodowe forum 19 pa\u0144stw, Unii Europejskiej oraz Unii Afryka\u0144skiej, zajmuj\u0105ce si\u0119 koordynacj\u0105 polityki gospodarczej i finansowej na poziomie globalnym. Pa\u0144stwa cz\u0142onkowskie G20 wytwarzaj\u0105 ok. 85 proc. \u015bwiatowego PKB i odpowiadaj\u0105 za ok. 75 proc. \u015bwiatowego handlu<\/p>\n","protected":false},"excerpt":{"rendered":"Pomys\u0142 sta\u0142ej obecno\u015bci Polski w G20 skrytykowa\u0142 w pi\u0105tek wspieraj\u0105cy przedstawicielstwo Moskwy w tym gronie Marat Bierdyjew. Dyplomata&hellip;\n","protected":false},"author":2,"featured_media":490586,"comment_status":"","ping_status":"","sticky":false,"template":"","format":"standard","meta":{"footnotes":"","_share_on_mastodon":"0"},"categories":[12],"tags":[61195,1898,1128,49,48,46,42,38,40,39,41,87,47,86],"class_list":["post-490585","post","type-post","status-publish","format-standard","has-post-thumbnail","category-polska","tag-bottomfeed_styl","tag-dyplomacja","tag-g20","tag-kraj","tag-nat_styl","tag-omp","tag-pl","tag-poland","tag-polish","tag-polska","tag-polski","tag-rosja","tag-screening_general","tag-unia_europejska"],"share_on_mastodon":{"url":"https:\/\/pubeurope.com\/@pl\/116739039687138637","error":""},"_links":{"self":[{"href":"https:\/\/www.europesays.com\/pl\/wp-json\/wp\/v2\/posts\/490585","targetHints":{"allow":["GET"]}}],"collection":[{"href":"https:\/\/www.europesays.com\/pl\/wp-json\/wp\/v2\/posts"}],"about":[{"href":"https:\/\/www.europesays.com\/pl\/wp-json\/wp\/v2\/types\/post"}],"author":[{"embeddable":true,"href":"https:\/\/www.europesays.com\/pl\/wp-json\/wp\/v2\/users\/2"}],"replies":[{"embeddable":true,"href":"https:\/\/www.europesays.com\/pl\/wp-json\/wp\/v2\/comments?post=490585"}],"version-history":[{"count":0,"href":"https:\/\/www.europesays.com\/pl\/wp-json\/wp\/v2\/posts\/490585\/revisions"}],"wp:featuredmedia":[{"embeddable":true,"href":"https:\/\/www.europesays.com\/pl\/wp-json\/wp\/v2\/media\/490586"}],"wp:attachment":[{"href":"https:\/\/www.europesays.com\/pl\/wp-json\/wp\/v2\/media?parent=490585"}],"wp:term":[{"taxonomy":"category","embeddable":true,"href":"https:\/\/www.europesays.com\/pl\/wp-json\/wp\/v2\/categories?post=490585"},{"taxonomy":"post_tag","embeddable":true,"href":"https:\/\/www.europesays.com\/pl\/wp-json\/wp\/v2\/tags?post=490585"}],"curies":[{"name":"wp","href":"https:\/\/api.w.org\/{rel}","templated":true}]}}