{"id":491635,"date":"2026-06-13T10:14:11","date_gmt":"2026-06-13T10:14:11","guid":{"rendered":"https:\/\/www.europesays.com\/pl\/491635\/"},"modified":"2026-06-13T10:14:11","modified_gmt":"2026-06-13T10:14:11","slug":"ostrovia-z-najlepsza-frekwencja-w-lidze","status":"publish","type":"post","link":"https:\/\/www.europesays.com\/pl\/491635\/","title":{"rendered":"Ostrovia z najlepsz\u0105 frekwencj\u0105 w lidze"},"content":{"rendered":"<p>          <a href=\"https:\/\/www.europesays.com\/pl\/wp-content\/uploads\/2026\/06\/1781345649_810_ostrovia_z_najlepsza_frekwencja_w_lidze.jpg\" title=\"fot. www.RC.fm\" class=\"colorbox\" rel=\"gallery-node-166356\"><img loading=\"lazy\" decoding=\"async\" class=\"image-style-thumbnail\" src=\"https:\/\/www.europesays.com\/pl\/wp-content\/uploads\/2026\/06\/ostrovia_z_najlepsza_frekwencja_w_lidze.jpg\" width=\"220\" height=\"155\" alt=\"\" title=\"fot. www.RC.fm\"\/><\/a>    <\/p>\n<p>Najlepsza \u015brednia frekwencja na meczach Orlen Superligi by\u0142a w Ostrowie. Pod wzgl\u0119dem liczby kibic\u00f3w Ostrowianie pokonali nawet takie pot\u0119gi jak Kielce i P\u0142ock. Kalisz frekwencyjnie sezon 2025\/26 zako\u0144czy\u0142 na dziesi\u0105tym miejscu.<\/p>\n<p>Mecze ORLEN Superligi w sezonie 2025\/2026, mimo mniejszej liczby rozegranych spotka\u0144, ni\u017c w latach ubieg\u0142ych, co by\u0142o spowodowane zmniejszon\u0105 liczb\u0105 klub\u00f3w, zgromadzi\u0142y na trybunach 253 545 kibic\u00f3w podczas 186 mecz\u00f3w ligowych. Najlepsz\u0105 \u015bredni\u0105 frekwencj\u0105 mo\u017ce poszczyci\u0107 si\u0119 Rebud KPR Ostrovia Ostr\u00f3w Wielkopolski, kt\u00f3rej to mecze ogl\u0105da\u0142o \u015brednio 2 434 kibic\u00f3w. \u0141\u0105czna liczba fan\u00f3w w ostrowskiej Arenie na meczach bia\u0142o-czerwonych pasiak\u00f3w wynios\u0142a 36 508 os\u00f3b. Na kolejnych miejscach uplasowa\u0142y si\u0119 mistrz Polski, Industria Kielce i wicemistrz, Orlen Wis\u0142a P\u0142ock. \u015arednia frekwencja na meczu ligowym wynios\u0142a 1 363 osoby. Najwy\u017csz\u0105 frekwencj\u0119 w meczu ligowym odnotowano podczas decyduj\u0105cego starcia o br\u0105zowym medalu, w kt\u00f3rym PGE Wybrze\u017ce Gda\u0144sk podejmowa\u0142o Rebud KPR Ostrovi\u0119 Ostr\u00f3w Wielkopolski. Spotkanie rozegrane 2 czerwca zgromadzi\u0142o na trybunach 6 753 kibic\u00f3w, co jest absolutnym rekordem ORLEN Superligi.<\/p>\n<p>\u015arednia frekwencja na mecz:<br \/>\u2022    Rebud KPR Ostrovia Ostr\u00f3w Wielkopolski \u2013 2 434<br \/>\u2022    Industria Kielce \u2013 2 420<br \/>\u2022    ORLEN Wis\u0142a P\u0142ock \u2013 1 980<br \/>\u2022    PGE Wybrze\u017ce Gda\u0144sk \u2013 1 708<br \/>\u2022    Corotop Gwardia Opole \u2013 1 671<br \/>\u2022    LOTTO Pu\u0142awy \u2013 1 407<br \/>\u2022    Zepter KPR Legionowo \u2013 1 293<br \/>\u2022    Handball Stal Mielec \u2013 1 077<br \/>\u2022    Energa Bank PBS MMTS Kwidzyn \u2013 973<br \/>\u2022    Netland MKS Kalisz \u2013 890<br \/>\u2022    KGHM Chrobry G\u0142og\u00f3w \u2013 813<br \/>\u2022    Zag\u0142\u0119bie Lubin \u2013 403<br \/>\u2022    Piotrkowianin Piotrk\u00f3w Trybunalski \u2013 360<br \/>Spotkania z najwy\u017csz\u0105 frekwencj\u0105:<br \/>\u2022    Superpuchar Polski: ORLEN Wis\u0142a P\u0142ock \u2013 Industria Kielce: 8 313 kibic\u00f3w \u2013 30 sierpnia 2025<br \/>\u2022    PGE Wybrze\u017ce Gda\u0144sk \u2013 Rebud KPR Ostrovia Ostr\u00f3w Wielkopolski: 6 753 kibic\u00f3w \u2013 2 czerwca 2026<br \/>\u2022    ORLEN Wis\u0142a P\u0142ock \u2013 Industria Kielce: 5 467 kibic\u00f3w \u2013 1 marca 2026<br \/>\u2022    ORLEN Wis\u0142a P\u0142ock \u2013 Industria Kielce: 5 467 kibic\u00f3w \u2013 24 maja 2026<br \/>\u2022    ORLEN Wis\u0142a P\u0142ock \u2013 Industria Kielce: 4 485 kibic\u00f3w \u2013 10 grudnia 2025<\/p>\n<p><img loading=\"lazy\" decoding=\"async\" src=\"https:\/\/www.europesays.com\/pl\/wp-content\/uploads\/2026\/06\/1781345649_810_ostrovia_z_najlepsza_frekwencja_w_lidze.jpg\" alt=\"\" width=\"640\" height=\"450\"\/>na fot.: mecze ORLEN Superligi w Ostrowie zgromadzi\u0142y w sezonie 2025\/26 najwy\u017csz\u0105 frekwencj\u0119<\/p>\n<p>Autor:\u00a0<br \/>\n  <img loading=\"lazy\" decoding=\"async\" class=\"image-style-none\" src=\"https:\/\/www.europesays.com\/pl\/wp-content\/uploads\/2026\/05\/kmiecik-133x133.png\" width=\"133\" height=\"133\" alt=\"\"\/><\/p>\n<p>      Personalia<\/p>\n<p>    e-mail<br \/>\nkmiecik@rc.fm<\/p>\n<p>Nazwisko:\u00a0<br \/>\n <img loading=\"lazy\" decoding=\"async\" class=\"image-style-none\" src=\"https:\/\/www.europesays.com\/pl\/wp-content\/uploads\/2026\/06\/rc_pila.jpg\" width=\"640\" height=\"640\"\/>NEWS nr 2:\u00a0<\/p>\n<p>\n<br \/>Ka\u017cde forum komentarzy umieszczone pod informacjami prasowymi na niniejszej stronie internetowej (www.rc.fm),<br \/>\nnie jest moderowane w czasie rzeczywistym  &#8211; komentarze nie s\u0105 weryfikowane przed ich automatyczn\u0105 publikacj\u0105.<br \/>\nNie jest dozwolone umieszczanie w ww. komentarzach: nazw i marek o charakterze komercyjnym,<br \/>\nlink\u00f3w czy innego rodzaju przekierowa\u0144 do innych stron internetowych i jakichkolwiek obiekt\u00f3w graficznych.<br \/>\nWpisy \u0142ami\u0105ce prawo nale\u017cy zg\u0142asza\u0107 na adres: adm@rc.fm. Wpisuj\u0105c jakikolwiek komentarz na niniejszej stronie internetowej (www.rc.fm),<br \/>\nautor tego komentarza przyjmuje \u015bwiadomie do wiadomo\u015bci i \u015bwiadomie akceptuje bezwarunkowe prawo w\u0142a\u015bciciela niniejszej strony internetowej<br \/>\n(www.rc.fm) do usuni\u0119cia lub modyfikacyjnego skr\u00f3tu wpisanego komentarza oraz brak gwarancji zapewnienia ci\u0105g\u0142o\u015bci publikacji wpisanego<br \/>\nkomentarza, jako korespondencji niezam\u00f3wionej przez w\u0142a\u015bciciela niniejszej strony internetowej (www.rc.fm).<br \/><\/p>\n","protected":false},"excerpt":{"rendered":"Najlepsza \u015brednia frekwencja na meczach Orlen Superligi by\u0142a w Ostrowie. Pod wzgl\u0119dem liczby kibic\u00f3w Ostrowianie pokonali nawet takie&hellip;\n","protected":false},"author":2,"featured_media":491636,"comment_status":"","ping_status":"","sticky":false,"template":"","format":"standard","meta":{"footnotes":"","_share_on_mastodon":"0"},"categories":[52097],"tags":[59944,7749,59943,59947,59945,8445,59942,4255,774,56315,42,27719,59946,38,40,39,41,7998,8945,1092],"class_list":["post-491635","post","type-post","status-publish","format-standard","has-post-thumbnail","category-orlen","tag-dziennik","tag-gazeta","tag-gazeta-kaliska","tag-gazeta-lokalna","tag-informacje-lokalne","tag-jarocin","tag-kaliska","tag-kalisz","tag-orlen","tag-ostrow-wlkp","tag-pl","tag-pleszew","tag-poudniowa-wielkopolska","tag-poland","tag-polish","tag-polska","tag-polski","tag-radio","tag-wielkopolska","tag-wydarzenia"],"share_on_mastodon":{"url":"https:\/\/pubeurope.com\/@pl\/116742276813271401","error":""},"_links":{"self":[{"href":"https:\/\/www.europesays.com\/pl\/wp-json\/wp\/v2\/posts\/491635","targetHints":{"allow":["GET"]}}],"collection":[{"href":"https:\/\/www.europesays.com\/pl\/wp-json\/wp\/v2\/posts"}],"about":[{"href":"https:\/\/www.europesays.com\/pl\/wp-json\/wp\/v2\/types\/post"}],"author":[{"embeddable":true,"href":"https:\/\/www.europesays.com\/pl\/wp-json\/wp\/v2\/users\/2"}],"replies":[{"embeddable":true,"href":"https:\/\/www.europesays.com\/pl\/wp-json\/wp\/v2\/comments?post=491635"}],"version-history":[{"count":0,"href":"https:\/\/www.europesays.com\/pl\/wp-json\/wp\/v2\/posts\/491635\/revisions"}],"wp:featuredmedia":[{"embeddable":true,"href":"https:\/\/www.europesays.com\/pl\/wp-json\/wp\/v2\/media\/491636"}],"wp:attachment":[{"href":"https:\/\/www.europesays.com\/pl\/wp-json\/wp\/v2\/media?parent=491635"}],"wp:term":[{"taxonomy":"category","embeddable":true,"href":"https:\/\/www.europesays.com\/pl\/wp-json\/wp\/v2\/categories?post=491635"},{"taxonomy":"post_tag","embeddable":true,"href":"https:\/\/www.europesays.com\/pl\/wp-json\/wp\/v2\/tags?post=491635"}],"curies":[{"name":"wp","href":"https:\/\/api.w.org\/{rel}","templated":true}]}}