{"id":492128,"date":"2026-06-13T16:29:10","date_gmt":"2026-06-13T16:29:10","guid":{"rendered":"https:\/\/www.europesays.com\/pl\/492128\/"},"modified":"2026-06-13T16:29:10","modified_gmt":"2026-06-13T16:29:10","slug":"wielka-polska-siec-stacji-paliw-sprzedana","status":"publish","type":"post","link":"https:\/\/www.europesays.com\/pl\/492128\/","title":{"rendered":"Wielka polska sie\u0107 stacji paliw sprzedana"},"content":{"rendered":"<p>Akcjonariusze sp\u00f3\u0142ki Anwim, do\u00a0kt\u00f3rej nale\u017cy sie\u0107 stacji paliw Moya, podpisali umow\u0119 sprzeda\u017cy udzia\u0142\u00f3w na\u00a0rzecz sp\u00f3\u0142ki joint venture, kt\u00f3r\u0105 tworz\u0105 Stonepeak i\u00a0Energy Equation Partners &#8211; og\u0142osi\u0142y w\u00a0czwartek strony porozumienia. Moya to\u00a0obecnie trzecia pod wzgl\u0119dem liczby stacji paliw sie\u0107 w\u00a0Polsce. Transakcja dojdzie do\u00a0skutku w\u00a0drugiej po\u0142owie\u00a0br.<\/p>\n<p>Jak podkre\u015blono w\u00a0komunikacie o\u00a0nowych inwestorach, zgodnie ze\u00a0strategi\u0105 Anwim sp\u00f3\u0142ka ta\u00a0koncentruje si\u0119 na\u00a0zwi\u0119kszaniu zasi\u0119gu sieci Moya \u201ez\u00a0ambicj\u0105 awansu na\u00a0pozycj\u0119 numer dwa na\u00a0polskim rynku detalicznym\u201d, a\u00a0tak\u017ce na\u00a0dalszym rozwoju dzia\u0142alno\u015bci flotowej w\u00a0skali europejskiej oraz na\u00a0inwestycjach\u00a0w\u00a0elektromobilno\u015b\u0107.<\/p>\n<p>Umowa, kt\u00f3r\u0105 podpisali akcjonariusze Anwim, w\u00a0tym fundusz private equity Polish Enterprise Fund VIII zarz\u0105dzany przez Enterprise Investors oraz za\u0142o\u017cyciele sp\u00f3\u0142ki, dotyczy sprzeda\u017cy udzia\u0142\u00f3w na\u00a0rzecz europejskiej sp\u00f3\u0142ki joint venture, dzia\u0142aj\u0105cej w\u00a0segmencie detalicznej sprzeda\u017cy paliw, kt\u00f3r\u0105 tworz\u0105 Stonepeak i\u00a0Energy Equation Partners.<\/p>\n<p>Obecna transakcja, jak wyja\u015bniono w\u00a0informacji, ko\u0144czy jednocze\u015bnie etap wsp\u00f3\u0142pracy z\u00a0funduszem Enterprise Investors, rozpocz\u0119ty w\u00a02018 r. \u201eFinalizacja transakcji planowana jest na\u00a0drug\u0105 po\u0142ow\u0119 2026 r. i\u00a0pozostaje uzale\u017cniona od\u00a0spe\u0142nienia standardowych warunk\u00f3w zamkni\u0119cia, w\u00a0tym uzyskania wymaganych zg\u00f3d regulacyjnych\u201d &#8211; zaznaczy\u0142y strony\u00a0porozumienia.<\/p>\n<p> Kim s\u0105\u00a0nowi w\u0142a\u015bciciele sieci\u00a0Moya? <\/p>\n<p>Jednocze\u015bnie w\u00a0komunikacie podkre\u015blono, \u017ce\u00a0wsparcie nowych inwestor\u00f3w zapewni Anwim \u201esolidne zaplecze finansowe oraz dost\u0119p do\u00a0unikalnego mi\u0119dzynarodowego know-how\u201d.<\/p>\n<p>\u25baStonepeak jest jednym z\u00a0czo\u0142owych globalnych podmiot\u00f3w specjalizuj\u0105cych si\u0119 w\u00a0inwestycjach w\u00a0infrastruktur\u0119 i\u00a0aktywa\u00a0rzeczowe.<\/p>\n<p>\u25baEnergy Equation Partners to\u00a0z\u00a0kolei fundusz inwestuj\u0105cy w\u00a0przedsi\u0119biorstwa energetyczne. W\u00a02025 r. oba te\u00a0podmioty przej\u0119\u0142y 65\u00a0proc. udzia\u0142\u00f3w od\u00a0Phillips 66\u00a0w\u00a0sieci oko\u0142o 1\u00a0tys. stacji paliw JET w\u00a0Niemczech\u00a0i\u00a0w\u00a0Austrii.<\/p>\n<p>\u201ePozyskanie silnych partner\u00f3w, kt\u00f3rzy doskonale rozumiej\u0105 specyfik\u0119 naszej bran\u017cy, otwiera przed nami kolejny etap rozwoju i\u00a0stwarza nowe mo\u017cliwo\u015bci dalszego umacniania pozycji rynkowej marki Moya\u201d &#8211; oceni\u0142 prezes Anwim Rafa\u0142 Pietrasina, cytowany\u00a0w\u00a0komunikacie.<\/p>\n<p>Odpowiadaj\u0105cy w\u00a0Stonepeak za\u00a0segment energy starszy dyrektor zarz\u0105dzaj\u0105cy Anthony Borreca zwr\u00f3ci\u0142 uwag\u0119, \u017ce\u00a0\u201ePolska pozostaje rynkiem charakteryzuj\u0105cym si\u0119 stabilnym, d\u0142ugoterminowym popytem na\u00a0paliwa, a\u00a0Anwim jest doskonale przygotowany, aby odpowiada\u0107 na\u00a0te\u00a0potrzeby dzi\u0119ki zdywersyfikowanej ofercie, rozbudowanej sieci oraz wysokiej jako\u015bci infrastrukturze\u201d. \u201eWidzimy du\u017cy potencja\u0142 w\u00a0Anwim oraz mo\u017cliwo\u015b\u0107 budowy wiod\u0105cej, niezale\u017cnej platformy multienergetycznej w\u00a0Europie\u201d &#8211; doda\u0142 Sari Haidar, partner inwestycyjny w\u00a0Energy Equation Partners.<\/p>\n<p>\u00bb\u00bb O\u00a0pozycji rynkowej sieci Moya czytaj\u00a0tutaj:<\/p>\n<p><a href=\"https:\/\/wgospodarce.pl\/informacje\/156708-polska-siec-krok-po-kroku-sciga-zachodniego-giganta\" rel=\"nofollow noopener\" target=\"_blank\">Polska sie\u0107 krok po\u00a0kroku \u015bciga zachodniego\u00a0giganta<\/a><\/p>\n<p>Anwim, dzia\u0142aj\u0105cy na\u00a0polskim rynku od\u00a0ponad 30\u00a0lat, zajmuje si\u0119 importem oraz hurtow\u0105 i\u00a0detaliczn\u0105 dystrybucj\u0105 paliw p\u0142ynnych, obs\u0142uguj\u0105c rocznie &#8211; jak podaje \u2013 \u201ewolumen si\u0119gaj\u0105cy oko\u0142o 3\u00a0mld litr\u00f3w\u201d. Sp\u00f3\u0142ka jest w\u0142a\u015bcicielem i\u00a0operatorem sieci stacji Moya, kt\u00f3ra liczy obecnie ponad 540 plac\u00f3wek i\u00a0jest trzeci\u0105 najwi\u0119ksz\u0105 w\u00a0naszym kraju, po\u00a0sieciach stacji Orlenu\u00a0i\u00a0bp.<\/p>\n<p>PAP,\u00a0sek<\/p>\n<p>\u00bb\u00bb Odwied\u017a <a href=\"https:\/\/news.google.com\/publications\/CAAqKQgKIiNDQklTRkFnTWFoQUtEbmRuYjNOd2IyUmhjbU5sTG5Cc0tBQVAB?hl=pl&amp;gl=PL&amp;ceid=PL%3Apl\" rel=\"nofollow noopener\" target=\"_blank\">wgospodarce.pl\u00a0na\u00a0GOOGLE NEWS<\/a>, aby codziennie \u015bledzi\u0107 aktualne\u00a0informacje<\/p>\n<p>\u00bb\u00bb O\u00a0bie\u017c\u0105cych wydarzeniach w\u00a0gospodarce i\u00a0finansach czytaj\u00a0tutaj:<\/p>\n<p><a href=\"https:\/\/wgospodarce.pl\/informacje\/156753-kto-i-ile-naprawde-zarobi-na-mundialu-ta-lista-nie-jest-oczywista\" rel=\"nofollow noopener\" target=\"_blank\">Kto i\u00a0ile naprawd\u0119 zarobi na\u00a0mundialu? Ta\u00a0lista nie jest\u00a0oczywista<\/a><\/p>\n<p><a href=\"https:\/\/wgospodarce.pl\/informacje\/156749-afera-sianowa-trzaskowski-sie-pograzyl\" rel=\"nofollow noopener\" target=\"_blank\">\u201eAfera sianowa\u201d: Trzaskowski si\u0119\u00a0pogr\u0105\u017cy\u0142<\/a><\/p>\n<p><a href=\"https:\/\/wgospodarce.pl\/informacje\/156737-to-pewne-od-2028-r-beda-nas-karac-za-emisje-co2\" rel=\"nofollow noopener\" target=\"_blank\">To\u00a0pewne: od\u00a02028 r. b\u0119d\u0105 nas kara\u0107 za\u00a0emisj\u0119\u00a0CO2!<\/a><\/p>\n<p>\u00bb\u00bbETS2 \u2013 Bruksela nie odpu\u015bci! \u2013 ogl\u0105daj \u201ePi\u0105tk\u0119 wGospodarce\u201d w\u00a0telewizji\u00a0wPolsce24<\/p>\n<p>      <a class=\"youtube-link\" href=\"https:\/\/www.youtube.com\/embed\/ANHqAa_KVzA?rel=0\" style=\"display: none\" rel=\"nofollow noopener\" target=\"_blank\"> <\/p>\n<p>Dzi\u0119kujemy za przeczytanie artyku\u0142u!<\/p>\n<p>Pami\u0119taj, mo\u017cesz ogl\u0105da\u0107 nasz\u0105 telewizj\u0119 na <a href=\"https:\/\/wpolsce24.tv\/\" target=\"_blank\" rel=\"nofollow noopener\">wPolsce24<\/a>. Buduj z nami niezale\u017cne media na <a href=\"https:\/\/wesprzyj.wpolsce24.tv\/\" target=\"_blank\" rel=\"nofollow noopener\">wesprzyj.wpolsce24<\/a>.<\/p>\n","protected":false},"excerpt":{"rendered":"Akcjonariusze sp\u00f3\u0142ki Anwim, do\u00a0kt\u00f3rej nale\u017cy sie\u0107 stacji paliw Moya, podpisali umow\u0119 sprzeda\u017cy udzia\u0142\u00f3w na\u00a0rzecz sp\u00f3\u0142ki joint venture, kt\u00f3r\u0105&hellip;\n","protected":false},"author":2,"featured_media":492129,"comment_status":"","ping_status":"","sticky":false,"template":"","format":"standard","meta":{"footnotes":"","_share_on_mastodon":"0"},"categories":[12],"tags":[94722,113,94723,94724,14439,17797,42,38,40,39,41,94725,38192,94726],"class_list":["post-492128","post","type-post","status-publish","format-standard","has-post-thumbnail","category-polska","tag-anwim","tag-biznes","tag-energy-equation-partners","tag-enterprise-investors","tag-moya","tag-paliwa","tag-pl","tag-poland","tag-polish","tag-polska","tag-polski","tag-siec-stacji-paliw-moya","tag-stacje-benzynowe","tag-stonepeak"],"share_on_mastodon":{"url":"https:\/\/pubeurope.com\/@pl\/116743750554742378","error":""},"_links":{"self":[{"href":"https:\/\/www.europesays.com\/pl\/wp-json\/wp\/v2\/posts\/492128","targetHints":{"allow":["GET"]}}],"collection":[{"href":"https:\/\/www.europesays.com\/pl\/wp-json\/wp\/v2\/posts"}],"about":[{"href":"https:\/\/www.europesays.com\/pl\/wp-json\/wp\/v2\/types\/post"}],"author":[{"embeddable":true,"href":"https:\/\/www.europesays.com\/pl\/wp-json\/wp\/v2\/users\/2"}],"replies":[{"embeddable":true,"href":"https:\/\/www.europesays.com\/pl\/wp-json\/wp\/v2\/comments?post=492128"}],"version-history":[{"count":0,"href":"https:\/\/www.europesays.com\/pl\/wp-json\/wp\/v2\/posts\/492128\/revisions"}],"wp:featuredmedia":[{"embeddable":true,"href":"https:\/\/www.europesays.com\/pl\/wp-json\/wp\/v2\/media\/492129"}],"wp:attachment":[{"href":"https:\/\/www.europesays.com\/pl\/wp-json\/wp\/v2\/media?parent=492128"}],"wp:term":[{"taxonomy":"category","embeddable":true,"href":"https:\/\/www.europesays.com\/pl\/wp-json\/wp\/v2\/categories?post=492128"},{"taxonomy":"post_tag","embeddable":true,"href":"https:\/\/www.europesays.com\/pl\/wp-json\/wp\/v2\/tags?post=492128"}],"curies":[{"name":"wp","href":"https:\/\/api.w.org\/{rel}","templated":true}]}}