{"id":492210,"date":"2026-06-13T17:30:04","date_gmt":"2026-06-13T17:30:04","guid":{"rendered":"https:\/\/www.europesays.com\/pl\/492210\/"},"modified":"2026-06-13T17:30:04","modified_gmt":"2026-06-13T17:30:04","slug":"lotnisko-w-krakowie-zamienilo-sie-w-pulapke-trzy-osoby-zatrzymane","status":"publish","type":"post","link":"https:\/\/www.europesays.com\/pl\/492210\/","title":{"rendered":"Lotnisko w Krakowie zamieni\u0142o si\u0119 w pu\u0142apk\u0119. Trzy osoby zatrzymane"},"content":{"rendered":"<p>Do zatrzyma\u0144 dosz\u0142o 10 czerwca podczas kontroli prowadzonych przez funkcjonariuszy Plac\u00f3wki Stra\u017cy Granicznej w Krakowie-Balicach. Poszukiwani m\u0119\u017cczy\u017ani przylecieli do Ma\u0142opolski z r\u00f3\u017cnych europejskich miast.<\/p>\n<p>Pierwszym z zatrzymanych by\u0142 35-letni obywatel Polski, kt\u00f3ry przylecia\u0142 do Krakowa z Kopenhagi. W trakcie kontroli ustalono, \u017ce m\u0119\u017cczyzna jest poszukiwany przez Komend\u0119 Powiatow\u0105 Policji w Sanoku na podstawie nakazu doprowadzenia wydanego przez S\u0105d Rejonowy w Sanoku. Mia\u0142 odby\u0107 35 dni zast\u0119pczej kary pozbawienia wolno\u015bci za oszustwo. Po zako\u0144czeniu czynno\u015bci zosta\u0142 przekazany funkcjonariuszom Komendy Powiatowej Policji w Krakowie.<\/p>\n<p>Nied\u0142ugo p\u00f3\u017aniej funkcjonariusze ujawnili kolejnego poszukiwanego. By\u0142 nim 66-letni obywatel Ukrainy podr\u00f3\u017cuj\u0105cy z Budapesztu. Wobec m\u0119\u017cczyzny wydano list go\u0144czy na podstawie decyzji S\u0105du Rejonowego w Bia\u0142ej Podlaskiej. Poszukiwa\u0142a go Komenda Powiatowa Policji w Sanoku do odbycia 99 dni zast\u0119pczej kary pozbawienia wolno\u015bci za podrabianie dokument\u00f3w. Zatrzymany zosta\u0142 przekazany funkcjonariuszom Komisariatu Policji w Zabierzowie.<\/p>\n<p>Trzecia interwencja mia\u0142a miejsce po przylocie samolotu z G\u00f6teborga. Kontrola wykaza\u0142a, \u017ce 31-letni obywatel Polski jest poszukiwany przez Komend\u0119 Miejsk\u0105 Policji w Katowicach. Sprawa dotyczy\u0142a podejrzenia pope\u0142nienia przest\u0119pstw zwi\u0105zanych z wymuszeniem rozb\u00f3jniczym oraz uszkodzeniem cia\u0142a. Po wykonaniu niezb\u0119dnych czynno\u015bci m\u0119\u017cczyzna zosta\u0142 przekazany katowickim policjantom.<\/p>\n","protected":false},"excerpt":{"rendered":"Do zatrzyma\u0144 dosz\u0142o 10 czerwca podczas kontroli prowadzonych przez funkcjonariuszy Plac\u00f3wki Stra\u017cy Granicznej w Krakowie-Balicach. Poszukiwani m\u0119\u017cczy\u017ani przylecieli&hellip;\n","protected":false},"author":2,"featured_media":492211,"comment_status":"","ping_status":"","sticky":false,"template":"","format":"standard","meta":{"footnotes":"","_share_on_mastodon":"0"},"categories":[51606],"tags":[61195,8889,399,1304,48,46,55,42,38,40,39,41,47],"class_list":["post-492210","post","type-post","status-publish","format-standard","has-post-thumbnail","category-krakow","tag-bottomfeed_styl","tag-glos24","tag-informacje","tag-krakow","tag-nat_styl","tag-omp","tag-phx","tag-pl","tag-poland","tag-polish","tag-polska","tag-polski","tag-screening_general"],"share_on_mastodon":{"url":"https:\/\/pubeurope.com\/@pl\/116743990597503547","error":""},"_links":{"self":[{"href":"https:\/\/www.europesays.com\/pl\/wp-json\/wp\/v2\/posts\/492210","targetHints":{"allow":["GET"]}}],"collection":[{"href":"https:\/\/www.europesays.com\/pl\/wp-json\/wp\/v2\/posts"}],"about":[{"href":"https:\/\/www.europesays.com\/pl\/wp-json\/wp\/v2\/types\/post"}],"author":[{"embeddable":true,"href":"https:\/\/www.europesays.com\/pl\/wp-json\/wp\/v2\/users\/2"}],"replies":[{"embeddable":true,"href":"https:\/\/www.europesays.com\/pl\/wp-json\/wp\/v2\/comments?post=492210"}],"version-history":[{"count":0,"href":"https:\/\/www.europesays.com\/pl\/wp-json\/wp\/v2\/posts\/492210\/revisions"}],"wp:featuredmedia":[{"embeddable":true,"href":"https:\/\/www.europesays.com\/pl\/wp-json\/wp\/v2\/media\/492211"}],"wp:attachment":[{"href":"https:\/\/www.europesays.com\/pl\/wp-json\/wp\/v2\/media?parent=492210"}],"wp:term":[{"taxonomy":"category","embeddable":true,"href":"https:\/\/www.europesays.com\/pl\/wp-json\/wp\/v2\/categories?post=492210"},{"taxonomy":"post_tag","embeddable":true,"href":"https:\/\/www.europesays.com\/pl\/wp-json\/wp\/v2\/tags?post=492210"}],"curies":[{"name":"wp","href":"https:\/\/api.w.org\/{rel}","templated":true}]}}