{"id":492533,"date":"2026-06-13T21:40:12","date_gmt":"2026-06-13T21:40:12","guid":{"rendered":"https:\/\/www.europesays.com\/pl\/492533\/"},"modified":"2026-06-13T21:40:12","modified_gmt":"2026-06-13T21:40:12","slug":"nazwal-kubice-idiota-podczas-wyscigu-goraco-podczas-24h-le-mans","status":"publish","type":"post","link":"https:\/\/www.europesays.com\/pl\/492533\/","title":{"rendered":"Nazwa\u0142 Kubic\u0119 &#8222;idiot\u0105&#8221; podczas wy\u015bcigu. Gor\u0105co podczas 24h Le Mans"},"content":{"rendered":"\n<p class=\"contentpart contentpart--default contentpart--text\" data-position=\"0\">Tegoroczna edycja <a href=\"https:\/\/sportowefakty.wp.pl\/moto\/le-mans\" rel=\"nofollow noopener\" target=\"_blank\">24h Le Mans<\/a>\u00a0rozpocz\u0119\u0142a si\u0119\u00a0w sobot\u0119 o godz. 16.00. W zespole <a href=\"https:\/\/sportowefakty.wp.pl\/wyscigi-samochodowe\/af-corse\" rel=\"nofollow noopener\" target=\"_blank\">AF Corse<\/a>, kt\u00f3ry broni zwyci\u0119stwa sprzed roku, jako pierwszy za kierownic\u0105 zasiad\u0142 <a href=\"https:\/\/sportowefakty.wp.pl\/wyscigi-samochodowe\/phil-hanson\" rel=\"nofollow noopener\" target=\"_blank\">Phil Hanson<\/a>. Brytyjczyk nie pope\u0142ni\u0142 b\u0142\u0119du i nawet zyska\u0142 kilka pozycji w trakcie swojego przejazdu. Trwa\u0142 on nieco ponad dwie godziny.<\/p>\n<p class=\"contentpart contentpart--default contentpart--text\" data-position=\"1\">Po godz. 18.20 do samochodu numer 83 wsiad\u0142 <a href=\"https:\/\/sportowefakty.wp.pl\/rajdy-samochodowe\/robert-kubica\" rel=\"nofollow noopener\" target=\"_blank\">Robert Kubica<\/a>. Polak w tym momencie traci\u0142 ponad 1 minut\u0119\u00a0i 19 sekund do lidera, popisuj\u0105c si\u0119 przy tym do\u015b\u0107 dobrym tempem. Do\u015b\u0107 powiedzie\u0107, \u017ce czas 3:27.698 po kilkudziesi\u0119ciu minutach da\u0142 mu miano najszybszego kierowcy w stawce d\u0142ugodystansowych mistrzostw \u015bwiata <a href=\"https:\/\/sportowefakty.wp.pl\/wyscigi-samochodowe\/wec\" rel=\"nofollow noopener\" target=\"_blank\">WEC<\/a>.<\/p>\n<p>  <img decoding=\"async\" src=\"https:\/\/v.wpimg.pl\/X3dwLnN2d1IFFTpdYUl6R0ZNbgcnEHQREVV2TGEGbUtRT2MdOlZ2RBQUKABgQjQcDRotCStBd1IAAWMeIlM7VgwYIAorQAdEFFk_GCkQJQ\" alt=\"\" width=\"45\" height=\"58\" loading=\"lazy\"\/>  <\/p>\n<p class=\"contentpart contentpart--default contentpart--text\" data-position=\"2\">ZOBACZ WIDEO: Ekspertka ostrzega: Uwaga na burze! Mecze M\u015a 2026 b\u0119d\u0105 przerywane<\/p>\n<p class=\"contentpart contentpart--default contentpart--text\" data-position=\"4\">Tegorocznym problemem <a href=\"https:\/\/sportowefakty.wp.pl\/wyscigi-samochodowe\/scuderia-ferrari\" rel=\"nofollow noopener\" target=\"_blank\">Ferrari<\/a>\u00a0na Circuit de la Sarthe jest tzw. Balance of Performance, czyli mechanizm wyr\u00f3wnywania szans. Za jego spraw\u0105 wybrane samochody obci\u0105\u017cane s\u0105 dodatkowym balastem i maj\u0105 ograniczon\u0105 moc silnika. Ma to s\u0142u\u017cy\u0107 zacie\u015bnianiu rywalizacji.<\/p>\n<p class=\"contentpart contentpart--default contentpart--text\" data-position=\"5\">W\u0142a\u015bnie ze wzgl\u0119du na BoP samochody Ferrari trac\u0105 na prostych. Dlatego gdy Robert Kubica znajdowa\u0142 si\u0119 przed <a href=\"https:\/\/sportowefakty.wp.pl\/wyscigi-samochodowe\/ross-gunn\" rel=\"nofollow noopener\" target=\"_blank\">Rossem Gunnem<\/a>\u00a0z <a href=\"https:\/\/sportowefakty.wp.pl\/wyscigi-samochodowe\/sahara-force-india-f1-team\" rel=\"nofollow noopener\" target=\"_blank\">Astona Martina<\/a>, robi\u0142 wszystko, co by\u0142o w jego mocy, aby nie da\u0107\u00a0si\u0119\u00a0wyprzedzi\u0107 Brytyjczykowi. Gunn w\u015bcieka\u0142 si\u0119, bo na prostych niemal zr\u00f3wnywa\u0142 si\u0119 z Kubic\u0105, kt\u00f3ry nast\u0119pnie odje\u017cd\u017ca\u0142 mu w zakr\u0119tach.<\/p>\n<p class=\"contentpart contentpart--default contentpart--text\" data-position=\"6\">W pewnym momencie Gunn wyrzuci\u0142 przez radio salw\u0119 przekle\u0144stw i epitet\u00f3w pod adresem Kubicy. &#8211; Kto jest tym idiot\u0105? To jest Kubica. Oh, tak my\u015bla\u0142em &#8211; brzmia\u0142a cenzuralna cz\u0119\u015b\u0107\u00a0wypowiedzi kierowcy Astona Martina.<\/p>\n<p>  <img decoding=\"async\" src=\"https:\/\/v.wpimg.pl\/X3dwLnN2d1IFFTpdYUl6R0ZNbgcnEHQREVV2TGEGbUtRT2MdOlZ2RBQUKABgQjQcDRotCStBd1IAAWMeIlM7VgwYIAorQAdEFFk_GCkQJQ\" alt=\"\" width=\"45\" height=\"58\" loading=\"lazy\"\/>  <\/p>\n<p class=\"contentpart contentpart--default contentpart--text\" data-position=\"7\">Ostatecznie Ross Gunn nie by\u0142 w stanie wyprzedzi\u0107 Roberta Kubicy. Polak zako\u0144czy\u0142 sw\u00f3j przejazd po godz. 19.50, czyli sp\u0119dzi\u0142 za kierownic\u0105\u00a0Ferrari nieco ponad 90 minut. Po 41-latku samoch\u00f3d Ferrari przej\u0105\u0142 Yifei Ye, kt\u00f3ry wr\u00f3ci\u0142 na tor na trzynastym miejscu.<\/p>\n<p class=\"contentpart contentpart--default contentpart--text\" data-position=\"8\">Wy\u015bcig 24h Le Mans potrwa do niedzieli do godz. 16.00. <a href=\"https:\/\/sportowefakty.wp.pl\/wyscigi-samochodowe\/relacja-na-zywo\/178297\/24h-le-mans-live\" rel=\"nofollow noopener\" target=\"_blank\">Relacja na \u017cywo jest dost\u0119pna w WP SportoweFakty pod tym LINKIEM<\/a>.<\/p>\n","protected":false},"excerpt":{"rendered":"Tegoroczna edycja 24h Le Mans\u00a0rozpocz\u0119\u0142a si\u0119\u00a0w sobot\u0119 o godz. 16.00. W zespole AF Corse, kt\u00f3ry broni zwyci\u0119stwa sprzed&hellip;\n","protected":false},"author":2,"featured_media":492534,"comment_status":"","ping_status":"","sticky":false,"template":"","format":"standard","meta":{"footnotes":"","_share_on_mastodon":"0"},"categories":[24],"tags":[16615,6752,31372,16616,2892,42,38,40,39,41,6750,94787,127,126,750,6751,2902],"class_list":["post-492533","post","type-post","status-publish","format-standard","has-post-thumbnail","category-sport","tag-24h-le-mans","tag-af-corse","tag-aston-martin","tag-circuit-de-la-sarthe","tag-ferrari","tag-pl","tag-poland","tag-polish","tag-polska","tag-polski","tag-robert-kubica","tag-ross-gunn","tag-sport","tag-sports","tag-sporty-motorowe","tag-wec","tag-wyscigi-samochodowe"],"share_on_mastodon":{"url":"https:\/\/pubeurope.com\/@pl\/116744973469232628","error":""},"_links":{"self":[{"href":"https:\/\/www.europesays.com\/pl\/wp-json\/wp\/v2\/posts\/492533","targetHints":{"allow":["GET"]}}],"collection":[{"href":"https:\/\/www.europesays.com\/pl\/wp-json\/wp\/v2\/posts"}],"about":[{"href":"https:\/\/www.europesays.com\/pl\/wp-json\/wp\/v2\/types\/post"}],"author":[{"embeddable":true,"href":"https:\/\/www.europesays.com\/pl\/wp-json\/wp\/v2\/users\/2"}],"replies":[{"embeddable":true,"href":"https:\/\/www.europesays.com\/pl\/wp-json\/wp\/v2\/comments?post=492533"}],"version-history":[{"count":0,"href":"https:\/\/www.europesays.com\/pl\/wp-json\/wp\/v2\/posts\/492533\/revisions"}],"wp:featuredmedia":[{"embeddable":true,"href":"https:\/\/www.europesays.com\/pl\/wp-json\/wp\/v2\/media\/492534"}],"wp:attachment":[{"href":"https:\/\/www.europesays.com\/pl\/wp-json\/wp\/v2\/media?parent=492533"}],"wp:term":[{"taxonomy":"category","embeddable":true,"href":"https:\/\/www.europesays.com\/pl\/wp-json\/wp\/v2\/categories?post=492533"},{"taxonomy":"post_tag","embeddable":true,"href":"https:\/\/www.europesays.com\/pl\/wp-json\/wp\/v2\/tags?post=492533"}],"curies":[{"name":"wp","href":"https:\/\/api.w.org\/{rel}","templated":true}]}}