{"id":492731,"date":"2026-06-14T00:30:14","date_gmt":"2026-06-14T00:30:14","guid":{"rendered":"https:\/\/www.europesays.com\/pl\/492731\/"},"modified":"2026-06-14T00:30:14","modified_gmt":"2026-06-14T00:30:14","slug":"oto-z-kim-spotkal-sie-karol-nawrocki-tuz-przed-wylotem-do-usa","status":"publish","type":"post","link":"https:\/\/www.europesays.com\/pl\/492731\/","title":{"rendered":"Oto z kim spotka\u0142 si\u0119 Karol Nawrocki. Tu\u017c przed wylotem do USA"},"content":{"rendered":"<p>Stany Zjednoczone \u017cyj\u0105 nie tylko mundialem. Ju\u017c w niedziel\u0119, 14 czerwca, odb\u0119dzie si\u0119 gala UFC Freedom 250, kt\u00f3ra z okazji 250-lecia USA odb\u0119dzie si\u0119 na South Lawn, czyli po\u0142udniowym trawniku Bia\u0142ego Domu w Waszyngtonie. Ponadto Donald Trump obejrzy walki w dniu swoich 80. urodzin.<\/p>\n<p> Dalszy ci\u0105g artyku\u0142u pod materia\u0142em wideo Karol Nawrocki leci do USA. Z zaproszenia skorzysta\u0142 tak\u017ce Jan B\u0142achowicz<\/p>\n<p>Lista zaproszonych go\u015bci jest d\u0142uga. W\u015br\u00f3d nich znalaz\u0142 si\u0119 prezydent RP, o czym informowa\u0142a wcze\u015bniej kancelaria. &#8222;Prezydent Karol Nawrocki udaje si\u0119 z wizyt\u0105 do Waszyngtonu. W niedziel\u0119, 14 czerwca, na zaproszenie obchodz\u0105cego w tym dniu urodziny Prezydenta Donalda Trumpa, we\u017amie udzia\u0142 w organizowanej w Bia\u0142ym Domu gali UFC Freedom 250&#8221; \u2014 przekaza\u0142 szef prezydenckiego Biura Polityki Mi\u0119dzynarodowej Marcin Przydacz.<\/p>\n<p>Teraz wiemy, \u017ce do samolotu prezydenckiego wsiad\u0142 tak\u017ce by\u0142y polski mistrz UFC. &#8222;Kiedy w podstaw\u00f3wce uczy\u0142em si\u0119 o Ko\u015bciuszce i Pu\u0142askim, w naj\u015bmielszych marzeniach nie przypuszcza\u0142em, \u017ce b\u0119d\u0119 cz\u0119\u015bci\u0105 obchod\u00f3w 250-lecia niepodleg\u0142o\u015bci USA. Gala UFC w Bia\u0142ym Domu to wydarzenie bez precedensu. Ciesz\u0119 si\u0119, \u017ce mog\u0119 ci\u0105gle pisa\u0107 histori\u0119 organizacji \u2014 najpierw jako jej mistrz, dzisiaj jako widz oraz czynny zawodnik&#8221; \u2014 pisze na Instagramie Jan B\u0142achowicz i dodaje zdj\u0119cie z Karolem Nawrockim. W tle widzimy samolot w bia\u0142o-czerwonych barwach.<\/p>\n<p>&#8222;Takich zaprosze\u0144 si\u0119 nie odmawia. Jak b\u0119d\u0119 mia\u0142 93 lata, mam nadziej\u0119, \u017ce zaprosz\u0105 mnie na 300. rocznic\u0119. Na wszelki wypadek ju\u017c zapisa\u0142em w kalendarzu. Kierunek: Waszyngton&#8221; \u2014 podsumowuje zawodnik MMA.<\/p>\n<p>Na UFC Freedom 250 zaplanowano siedem pojedynk\u00f3w. W walce wieczoru o pas wagi lekkiej Ilia Topuria zmierzy si\u0119 z Justinem Gaethje&#8217;em. Ponadto w starciu o tymczasowy tytu\u0142 wagi ci\u0119\u017ckiej Alex Pereira stanie do walki z Cirylem Gane&#8217;em.<\/p>\n<p>Grafik Karola Nawrockiego jest napi\u0119ty. Jeszcze w niedziel\u0119 we\u017amie udzia\u0142 w spotkaniu z Poloni\u0105 w Maryland oraz we mszy \u015bwi\u0119tej. Dzie\u0144 p\u00f3\u017aniej porozmawia z senatorem Johnem Thunem, a wydarzenie zaplanowano w Kapitolu. We wtorek ponownie odwiedzi miejscow\u0105 Poloni\u0119, tym razem na Florydzie.<\/p>\n","protected":false},"excerpt":{"rendered":"Stany Zjednoczone \u017cyj\u0105 nie tylko mundialem. Ju\u017c w niedziel\u0119, 14 czerwca, odb\u0119dzie si\u0119 gala UFC Freedom 250, kt\u00f3ra&hellip;\n","protected":false},"author":2,"featured_media":492732,"comment_status":"","ping_status":"","sticky":false,"template":"","format":"standard","meta":{"footnotes":"","_share_on_mastodon":"0"},"categories":[62712],"tags":[61195,28961,690,43,1255,48,46,47,130],"class_list":["post-492731","post","type-post","status-publish","format-standard","has-post-thumbnail","category-karol-nawrocki","tag-bottomfeed_styl","tag-jan_blachowicz","tag-karol-nawrocki","tag-karol_nawrocki","tag-mma","tag-nat_styl","tag-omp","tag-screening_general","tag-wiadomosci_sportowe"],"share_on_mastodon":{"url":"https:\/\/pubeurope.com\/@pl\/116745641850654707","error":""},"_links":{"self":[{"href":"https:\/\/www.europesays.com\/pl\/wp-json\/wp\/v2\/posts\/492731","targetHints":{"allow":["GET"]}}],"collection":[{"href":"https:\/\/www.europesays.com\/pl\/wp-json\/wp\/v2\/posts"}],"about":[{"href":"https:\/\/www.europesays.com\/pl\/wp-json\/wp\/v2\/types\/post"}],"author":[{"embeddable":true,"href":"https:\/\/www.europesays.com\/pl\/wp-json\/wp\/v2\/users\/2"}],"replies":[{"embeddable":true,"href":"https:\/\/www.europesays.com\/pl\/wp-json\/wp\/v2\/comments?post=492731"}],"version-history":[{"count":0,"href":"https:\/\/www.europesays.com\/pl\/wp-json\/wp\/v2\/posts\/492731\/revisions"}],"wp:featuredmedia":[{"embeddable":true,"href":"https:\/\/www.europesays.com\/pl\/wp-json\/wp\/v2\/media\/492732"}],"wp:attachment":[{"href":"https:\/\/www.europesays.com\/pl\/wp-json\/wp\/v2\/media?parent=492731"}],"wp:term":[{"taxonomy":"category","embeddable":true,"href":"https:\/\/www.europesays.com\/pl\/wp-json\/wp\/v2\/categories?post=492731"},{"taxonomy":"post_tag","embeddable":true,"href":"https:\/\/www.europesays.com\/pl\/wp-json\/wp\/v2\/tags?post=492731"}],"curies":[{"name":"wp","href":"https:\/\/api.w.org\/{rel}","templated":true}]}}