{"id":492904,"date":"2026-06-14T03:41:21","date_gmt":"2026-06-14T03:41:21","guid":{"rendered":"https:\/\/www.europesays.com\/pl\/492904\/"},"modified":"2026-06-14T03:41:21","modified_gmt":"2026-06-14T03:41:21","slug":"stacje-paliw-moya-sprzedane-przeszly-w-rece-europejskiego-konsorcjum","status":"publish","type":"post","link":"https:\/\/www.europesays.com\/pl\/492904\/","title":{"rendered":"Stacje paliw Moya sprzedane. Przesz\u0142y w r\u0119ce europejskiego konsorcjum"},"content":{"rendered":"<p>Anwim S.A., operator sieci stacji paliw MOYA, zmienia w\u0142a\u015bciciela. Akcje sp\u00f3\u0142ki przejmie europejska sp\u00f3\u0142ka joint venture, kt\u00f3r\u0105 tworz\u0105 Stonepeak i Energy Equation Partners. Nowi inwestorzy maj\u0105 zapewni\u0107 Anwimowi nowe mo\u017cliwo\u015bci rozwoju i ekspansji pod mark\u0105 MOYA.<\/p>\n<p>    Trzecia najwi\u0119ksza sie\u0107 stacji w Polsce sprzedana. S\u0105 ambitne plany<\/p>\n<p>Zarz\u0105d Anwim podkre\u015bla, \u017ce pozyskanie strategicznych partner\u00f3w to naturalny krok po latach dynamicznego wzrostu firmy. Nowa struktura w\u0142a\u015bcicielska ma zagwarantowa\u0107 kontynuacj\u0119 dotychczasowej dzia\u0142alno\u015bci oraz konsekwentn\u0105 realizacj\u0119 d\u0142ugofalowej strategii. Priorytetem pozostaje dalsze wzmacnianie marki MOYA, rozw\u00f3j sieci stacji, poszerzanie oferty convenience oraz inwestycje w elektromobilno\u015b\u0107 i transformacj\u0119 energetyczn\u0105.<\/p>\n<p>\u2014 Ostatnie lata by\u0142y dla Anwim okresem bardzo dynamicznego wzrostu i transformacji biznesowej \u2014 m\u00f3wi Rafa\u0142 Pietrasina, Prezes Zarz\u0105du Anwim. \u2014 Dzi\u015b jeste\u015bmy siln\u0105, nowoczesn\u0105 organizacj\u0105 dzia\u0142aj\u0105c\u0105 w obszarze importu, hurtu i sprzeda\u017cy detalicznej paliw, a jednocze\u015bnie rozwijaj\u0105c\u0105 nowe obszary zwi\u0105zane z elektromobilno\u015bci\u0105 i transformacj\u0105 energetyczn\u0105. Pozyskanie silnych partner\u00f3w, kt\u00f3rzy doskonale rozumiej\u0105 specyfik\u0119 naszej bran\u017cy, otwiera przed nami kolejny etap rozwoju i stwarza nowe mo\u017cliwo\u015bci dalszego umacniania pozycji rynkowej marki MOYA.<\/p>\n<p>      Dalszy ci\u0105g artyku\u0142u pod materia\u0142em wideo <\/p>\n<p>Wsparcie ze strony Stonepeak i Energy Equation Partners zapewni Anwimowi solidne zaplecze finansowe oraz dost\u0119p do mi\u0119dzynarodowego know-how. Stonepeak to jedna z najwi\u0119kszych globalnych firm inwestuj\u0105cych w infrastruktur\u0119, natomiast Energy Equation Partners specjalizuje si\u0119 w inwestycjach w sektorze energetycznym. Obie firmy maj\u0105 do\u015bwiadczenie w rozwijaniu nowoczesnych biznes\u00f3w, czego przyk\u0142adem jest inwestycja w 2025 r. w sie\u0107 stacji JET w Niemczech i Austrii, obejmuj\u0105c\u0105 oko\u0142o 1 000 obiekt\u00f3w. Integracja z nowymi w\u0142a\u015bcicielami otwiera przed Anwimem szerokie mo\u017cliwo\u015bci synergii, w tym wymian\u0119 najlepszych praktyk operacyjnych oraz rozw\u00f3j us\u0142ug dla klient\u00f3w flotowych na rynkach mi\u0119dzynarodowych.<\/p>\n<p>     Jak si\u0119 zmieni sie\u0107 stacji Moya? <\/p>\n<p>Zmiana akcjonariatu to kolejny krok w historii Anwim, kt\u00f3ry od 1992 r. budowa\u0142 pozycj\u0119 niezale\u017cnego gracza na rynku hurtowego handlu paliwami. W 2009 r. sp\u00f3\u0142ka wesz\u0142a na rynek detaliczny, tworz\u0105c sie\u0107 stacji MOYA. Obecna transakcja ko\u0144czy tak\u017ce udan\u0105 wsp\u00f3\u0142prac\u0119 z funduszem Enterprise Investors, kt\u00f3ra rozpocz\u0119\u0142a si\u0119 w 2018 r. W tym czasie Anwim potroi\u0142 liczb\u0119 stacji z oko\u0142o 180 do ponad 540, umacniaj\u0105c si\u0119 na trzeciej pozycji w\u015br\u00f3d operator\u00f3w stacji paliw w Polsce. Sp\u00f3\u0142ka sta\u0142a si\u0119 tak\u017ce jednym z najwi\u0119kszych niezale\u017cnych importer\u00f3w paliw p\u0142ynnych i rozpocz\u0119\u0142a inwestycje w elektromobilno\u015b\u0107.<\/p>\n<p>     <img class=\"ods-a-photo ods-a-photo--background\" src=\"https:\/\/www.europesays.com\/pl\/wp-content\/uploads\/2026\/06\/_2jk9lCaHR0cHM6Ly9vY2RuLmV1L3B1bHNjbXMvTURBXy81ZmU1N2U5YWZiMDNjZjUyMDVmNzgyNGMzOTk5ZGExNi5qcGVnkZMFz.jpeg\" height=\"530\" width=\"940\" alt=\"Nowa stacja paliw sieci Moya w Warszawie\" loading=\"lazy\" fetchpriority=\"auto\" decoding=\"auto\"\/>    <\/p>\n<p>Moya<\/p>\n<p>  Nowa stacja paliw sieci Moya w Warszawie  <\/p>\n<p>Zarz\u0105d Anwim zwraca uwag\u0119, \u017ce nowe partnerstwo daje firmie silny impuls do dalszego rozwoju. Zgodnie z przyj\u0119t\u0105 strategi\u0105, sp\u00f3\u0142ka zamierza konsekwentnie zwi\u0119ksza\u0107 zasi\u0119g sieci MOYA, d\u0105\u017cy\u0107 do awansu na drug\u0105 pozycj\u0119 na rynku detalicznym w Polsce, rozwija\u0107 dzia\u0142alno\u015b\u0107 flotow\u0105 w Europie oraz inwestowa\u0107 w elektromobilno\u015b\u0107.<\/p>\n<p>Zamkni\u0119cie transakcji planowane jest na drug\u0105 po\u0142ow\u0119 2026 r. Jej finalizacja uzale\u017cniona jest od spe\u0142nienia standardowych warunk\u00f3w, w tym uzyskania wymaganych zg\u00f3d regulacyjnych.<\/p>\n<p>\u2014 Polska pozostaje rynkiem charakteryzuj\u0105cym si\u0119 stabilnym, d\u0142ugoterminowym popytem na paliwa, a Anwim jest doskonale przygotowany, aby odpowiada\u0107 na te potrzeby dzi\u0119ki zdywersyfikowanej ofercie, rozbudowanej sieci oraz wysokiej jako\u015bci infrastrukturze \u2014 m\u00f3wi Anthony Borreca, Senior Managing Director i Co-Head of Energy w Stonepeak. \u2014 Wykorzystuj\u0105c po\u0142\u0105czone do\u015bwiadczenie Stonepeak i EEP w zakresie infrastruktury energetycznej, rynku stacji paliw oraz elektromobilno\u015bci, a tak\u017ce mo\u017cliwo\u015b\u0107 wymiany najlepszych praktyk operacyjnych z sieci\u0105 JET, wierzymy, \u017ce Anwim b\u0119dzie jeszcze lepiej przygotowany do dalszego wzmacniania marki MOYA i umacniania swojej silnej pozycji na dynamicznie zmieniaj\u0105cym si\u0119 rynku. Z niecierpliwo\u015bci\u0105 czekamy na blisk\u0105 wsp\u00f3\u0142prac\u0119 z zespo\u0142ami EEP i Anwim przy realizacji tych cel\u00f3w.<\/p>\n<p>          <img class=\"ods-a-photo ods-a-photo--background\" src=\"https:\/\/www.europesays.com\/pl\/wp-content\/uploads\/2026\/06\/pBKk9lBaHR0cHM6Ly9vY2RuLmV1L3B1bHNjbXMvTURBXy85ZDNmY2IyNzVkMWExZTI3NTAzM2M3MGIwMWI2YjM4YS5qcGeRkwXNB.jpeg\" height=\"530\" width=\"940\" alt=\"Stacja paliw Moya z instalacj\u0105 fotowoltaiczn\u0105 w Poznaniu\" loading=\"lazy\" fetchpriority=\"auto\" decoding=\"auto\"\/>    <\/p>\n<p>Moya<\/p>\n<p>  Stacja paliw Moya z instalacj\u0105 fotowoltaiczn\u0105 w Poznaniu  <\/p>\n<p>\u2014 Widzimy du\u017cy potencja\u0142 w Anwim oraz mo\u017cliwo\u015b\u0107 budowy wiod\u0105cej, niezale\u017cnej platformy multienergetycznej w Europie \u2014 dodaje Sari Haidar, Investment Partner w Energy Equation Partners. \u2014 Dzi\u0119ki naszej obecno\u015bci na rynkach europejskich oraz do\u015bwiadczeniu w zakresie infrastruktury energetycznej i mobilno\u015bci b\u0119dziemy mogli realizowa\u0107 wymierne synergie zar\u00f3wno w obszarze know-how operacyjnego, rozwoju elektromobilno\u015bci, jak i budowy nowoczesnych us\u0142ug dla klient\u00f3w detalicznych. Wsp\u00f3lnie z zespo\u0142em Stonepeak jeste\u015bmy zaanga\u017cowani w zapewnienie p\u0142ynnego procesu transformacji i wspieranie dalszych sukces\u00f3w Anwim.<\/p>\n","protected":false},"excerpt":{"rendered":"Anwim S.A., operator sieci stacji paliw MOYA, zmienia w\u0142a\u015bciciela. Akcje sp\u00f3\u0142ki przejmie europejska sp\u00f3\u0142ka joint venture, kt\u00f3r\u0105 tworz\u0105&hellip;\n","protected":false},"author":2,"featured_media":492905,"comment_status":"","ping_status":"","sticky":false,"template":"","format":"standard","meta":{"footnotes":"","_share_on_mastodon":"0"},"categories":[16],"tags":[210,113,61195,112,14439,48,46,42,38,40,39,41,47,495,26],"class_list":["post-492904","post","type-post","status-publish","format-standard","has-post-thumbnail","category-biznes","tag-aktualnosci","tag-biznes","tag-bottomfeed_styl","tag-business","tag-moya","tag-nat_styl","tag-omp","tag-pl","tag-poland","tag-polish","tag-polska","tag-polski","tag-screening_general","tag-stacja_paliw","tag-wiadomosci"],"share_on_mastodon":{"url":"https:\/\/pubeurope.com\/@pl\/116746393805507543","error":""},"_links":{"self":[{"href":"https:\/\/www.europesays.com\/pl\/wp-json\/wp\/v2\/posts\/492904","targetHints":{"allow":["GET"]}}],"collection":[{"href":"https:\/\/www.europesays.com\/pl\/wp-json\/wp\/v2\/posts"}],"about":[{"href":"https:\/\/www.europesays.com\/pl\/wp-json\/wp\/v2\/types\/post"}],"author":[{"embeddable":true,"href":"https:\/\/www.europesays.com\/pl\/wp-json\/wp\/v2\/users\/2"}],"replies":[{"embeddable":true,"href":"https:\/\/www.europesays.com\/pl\/wp-json\/wp\/v2\/comments?post=492904"}],"version-history":[{"count":0,"href":"https:\/\/www.europesays.com\/pl\/wp-json\/wp\/v2\/posts\/492904\/revisions"}],"wp:featuredmedia":[{"embeddable":true,"href":"https:\/\/www.europesays.com\/pl\/wp-json\/wp\/v2\/media\/492905"}],"wp:attachment":[{"href":"https:\/\/www.europesays.com\/pl\/wp-json\/wp\/v2\/media?parent=492904"}],"wp:term":[{"taxonomy":"category","embeddable":true,"href":"https:\/\/www.europesays.com\/pl\/wp-json\/wp\/v2\/categories?post=492904"},{"taxonomy":"post_tag","embeddable":true,"href":"https:\/\/www.europesays.com\/pl\/wp-json\/wp\/v2\/tags?post=492904"}],"curies":[{"name":"wp","href":"https:\/\/api.w.org\/{rel}","templated":true}]}}