{"id":493152,"date":"2026-06-14T07:22:12","date_gmt":"2026-06-14T07:22:12","guid":{"rendered":"https:\/\/www.europesays.com\/pl\/493152\/"},"modified":"2026-06-14T07:22:12","modified_gmt":"2026-06-14T07:22:12","slug":"dni-wolne-2026-dodatkowy-dzien-wolny-i-dlugi-weekend-tusk-wyznaczyl-termin","status":"publish","type":"post","link":"https:\/\/www.europesays.com\/pl\/493152\/","title":{"rendered":"Dni wolne 2026. Dodatkowy dzie\u0144 wolny i d\u0142ugi weekend. Tusk wyznaczy\u0142 termin"},"content":{"rendered":"<p>Cho\u0107 wi\u0119kszo\u015b\u0107 \u015bwi\u0105t ustawowo wolnych od pracy w 2026 r. jest ju\u017c za nami, przed Polakami wci\u0105\u017c kilka okazji do wyd\u0142u\u017cenia odpoczynku. Szczeg\u00f3ln\u0105 uwag\u0119 zwraca sierpie\u0144, kiedy dzi\u0119ki \u015bwi\u0119tu przypadaj\u0105cemu w sobot\u0119 cz\u0119\u015b\u0107 pracownik\u00f3w zyska dodatkowy dzie\u0144 wolny, a urz\u0119dnicy administracji rz\u0105dowej ju\u017c wiedz\u0105, kiedy odbior\u0105 wolne. Decyzj\u0119 w tej sprawie podpisa\u0142 premier Donald Tusk.<\/p>\n<p> Dalszy ci\u0105g artyku\u0142u pod materia\u0142em wideo Dodatkowy dzie\u0144 wolny za 15 sierpnia. Kiedy wypada d\u0142ugi weekend?<\/p>\n<p>Pracownicy nie mogli niestety liczy\u0107 na dodatkowy dzie\u0144 wolny za Wielkanoc, \u015awi\u0119to Konstytucji 3 Maja czy Zielone \u015awi\u0105tki, kt\u00f3re wypadaj\u0105 w niedziele. Inaczej za to sprawa wygl\u0105da, je\u015bli chodzi o \u015bwi\u0119ta wypadaj\u0105ce w sobot\u0119.<\/p>\n<p>Pracodawca w 2026 r., zgodnie z art. 130 ust\u0119p 2 Kodeksu Pracy, b\u0119dzie musia\u0142 wyznaczy\u0107 inny dzie\u0144 wolny za 15 sierpnia i 26 grudnia. Prawo stanowi bowiem, \u017ce &#8222;ka\u017cde \u015bwi\u0119to wyst\u0119puj\u0105ce w okresie rozliczeniowym i przypadaj\u0105ce w innym dniu ni\u017c niedziela obni\u017ca wymiar czasu pracy o 8 godzin&#8221;.<\/p>\n<p>     Donald Tusk wskaza\u0142 termin wolnego. Kiedy urz\u0119dnicy nie przyjd\u0105 do pracy?<\/p>\n<p>W przypadku administracji rz\u0105dowej termin ten zosta\u0142 ju\u017c wskazany. Na mocy decyzji podpisanej przez premiera Donalda Tuska cz\u0142onkowie korpusu s\u0142u\u017cby cywilnej b\u0119d\u0105 mieli wolne w pi\u0105tek 14 sierpnia. Dzi\u0119ki temu urz\u0119dnik\u00f3w czeka trzydniowy d\u0142ugi weekend trwaj\u0105cy od 14 do 16 sierpnia.<\/p>\n<p>W pozosta\u0142ych firmach i instytucjach termin odbioru dnia wolnego b\u0119dzie ustalany przez pracodawc\u0119. W praktyce wiele os\u00f3b r\u00f3wnie\u017c b\u0119dzie mog\u0142o wyd\u0142u\u017cy\u0107 sobie weekend, je\u015bli dodatkowy dzie\u0144 zostanie wyznaczony na pi\u0105tek poprzedzaj\u0105cy \u015bwi\u0119to lub na poniedzia\u0142ek bezpo\u015brednio po nim. Ostateczna decyzja nale\u017cy jednak do pracodawcy i zale\u017cy od organizacji pracy w danym zak\u0142adzie.<\/p>\n<p>Dniami ustawowo wolnymi od pracy, kt\u00f3re pozosta\u0142y jeszcze w 2026 r., b\u0119d\u0105:<\/p>\n<ul class=\"ods-m-bullet-list\">\n<li class=\"ods-a-bullet ods-a-bullet--normal\"> 15 sierpnia (sobota) \u2014 Wniebowzi\u0119cie Naj\u015bwi\u0119tszej Maryi Panny oraz \u015awi\u0119to Wojska Polskiego <\/li>\n<li class=\"ods-a-bullet ods-a-bullet--normal\"> 1 listopada (niedziela) \u2014 Wszystkich \u015awi\u0119tych <\/li>\n<li class=\"ods-a-bullet ods-a-bullet--normal\"> 11 listopada (\u015broda) \u2014 Narodowe \u015awi\u0119to Niepodleg\u0142o\u015bci <\/li>\n<li class=\"ods-a-bullet ods-a-bullet--normal\"> 25 grudnia (pi\u0105tek) \u2014 pierwszy dzie\u0144 Bo\u017cego Narodzenia <\/li>\n<li class=\"ods-a-bullet ods-a-bullet--normal\"> 26 grudnia (sobota) \u2014 drugi dzie\u0144 Bo\u017cego Narodzenia <\/li>\n<\/ul>\n<p>Drugie dodatkowe wolne za Bo\u017ce Narodzenie. Kiedy b\u0119dzie mo\u017cna je odebra\u0107?<\/p>\n<p>To nie koniec dobrych wiadomo\u015bci dla pracownik\u00f3w. Dodatkowy dzie\u0144 wolny b\u0119dzie przys\u0142ugiwa\u0142 r\u00f3wnie\u017c za 26 grudnia, poniewa\u017c drugi dzie\u0144 Bo\u017cego Narodzenia w 2026 r. przypada w sobot\u0119. Oznacza to, \u017ce do ko\u0144ca roku osoby zatrudnione na etacie b\u0119d\u0105 mog\u0142y odebra\u0107 jeszcze dwa dni wolne za \u015bwi\u0119ta wypadaj\u0105ce w sobot\u0119, co dla wielu stanie si\u0119 okazj\u0105 do zaplanowania kolejnych d\u0142u\u017cszych weekend\u00f3w bez si\u0119gania po urlop wypoczynkowy.<\/p>\n","protected":false},"excerpt":{"rendered":"Cho\u0107 wi\u0119kszo\u015b\u0107 \u015bwi\u0105t ustawowo wolnych od pracy w 2026 r. jest ju\u017c za nami, przed Polakami wci\u0105\u017c kilka&hellip;\n","protected":false},"author":2,"featured_media":493153,"comment_status":"","ping_status":"","sticky":false,"template":"","format":"standard","meta":{"footnotes":"","_share_on_mastodon":"0"},"categories":[12],"tags":[61195,32,33,212,22733,36,37,27,49,34,35,28,31,48,25,46,42,38,40,39,41,1756,2677,47,29,30,26],"class_list":["post-493152","post","type-post","status-publish","format-standard","has-post-thumbnail","category-polska","tag-bottomfeed_styl","tag-breaking-news","tag-breakingnews","tag-donald_tusk","tag-dzien_wolny_od_pracy","tag-featured-news","tag-featurednews","tag-headlines","tag-kraj","tag-latest-news","tag-latestnews","tag-naglowki","tag-najwazniejsze-artykuly","tag-nat_styl","tag-news","tag-omp","tag-pl","tag-poland","tag-polish","tag-polska","tag-polski","tag-praca","tag-pracownicy","tag-screening_general","tag-top-stories","tag-topstories","tag-wiadomosci"],"share_on_mastodon":{"url":"","error":""},"_links":{"self":[{"href":"https:\/\/www.europesays.com\/pl\/wp-json\/wp\/v2\/posts\/493152","targetHints":{"allow":["GET"]}}],"collection":[{"href":"https:\/\/www.europesays.com\/pl\/wp-json\/wp\/v2\/posts"}],"about":[{"href":"https:\/\/www.europesays.com\/pl\/wp-json\/wp\/v2\/types\/post"}],"author":[{"embeddable":true,"href":"https:\/\/www.europesays.com\/pl\/wp-json\/wp\/v2\/users\/2"}],"replies":[{"embeddable":true,"href":"https:\/\/www.europesays.com\/pl\/wp-json\/wp\/v2\/comments?post=493152"}],"version-history":[{"count":0,"href":"https:\/\/www.europesays.com\/pl\/wp-json\/wp\/v2\/posts\/493152\/revisions"}],"wp:featuredmedia":[{"embeddable":true,"href":"https:\/\/www.europesays.com\/pl\/wp-json\/wp\/v2\/media\/493153"}],"wp:attachment":[{"href":"https:\/\/www.europesays.com\/pl\/wp-json\/wp\/v2\/media?parent=493152"}],"wp:term":[{"taxonomy":"category","embeddable":true,"href":"https:\/\/www.europesays.com\/pl\/wp-json\/wp\/v2\/categories?post=493152"},{"taxonomy":"post_tag","embeddable":true,"href":"https:\/\/www.europesays.com\/pl\/wp-json\/wp\/v2\/tags?post=493152"}],"curies":[{"name":"wp","href":"https:\/\/api.w.org\/{rel}","templated":true}]}}