{"id":493182,"date":"2026-06-14T07:51:14","date_gmt":"2026-06-14T07:51:14","guid":{"rendered":"https:\/\/www.europesays.com\/pl\/493182\/"},"modified":"2026-06-14T07:51:14","modified_gmt":"2026-06-14T07:51:14","slug":"polak-brutalnie-pobity-w-brukseli-falszywe-oskarzenia-wywolaly-agresje-tlumu","status":"publish","type":"post","link":"https:\/\/www.europesays.com\/pl\/493182\/","title":{"rendered":"Polak brutalnie pobity w Brukseli. Fa\u0142szywe oskar\u017cenia wywo\u0142a\u0142y agresj\u0119 t\u0142umu"},"content":{"rendered":"<p>Jak podaje RMF FM, do ataku dosz\u0142o po tym, jak m\u0119\u017cczyzna pr\u00f3bowa\u0142 powstrzyma\u0107 kradzie\u017c wyposa\u017cenia swojego lokalu. Napastnicy, chc\u0105c usprawiedliwi\u0107 agresj\u0119, zacz\u0119li wykrzykiwa\u0107 w stron\u0119 Polaka fa\u0142szywe oskar\u017cenia o rasizm, co b\u0142yskawicznie podburzy\u0142o zgromadzony t\u0142um.<\/p>\n<p>Do zdarzenia dosz\u0142o tydzie\u0144 temu podczas demonstracji m\u0142odzie\u017cy, student\u00f3w i nauczycieli protestuj\u0105cych przeciwko ci\u0119ciom w edukacji. W pewnym momencie sytuacja na ulicach zacz\u0119\u0142a wymyka\u0107 si\u0119 spod kontroli. W\u0142a\u015bciciel Lil Bao zauwa\u017cy\u0142, \u017ce dw\u00f3ch m\u0119\u017cczyzn zabra\u0142o krzes\u0142o z jego ogr\u00f3dka restauracyjnego.<\/p>\n<p> Dalszy ci\u0105g artyku\u0142u pod materia\u0142em wideo <\/p>\n<p>\u2014 Wybieg\u0142em za nimi, \u017ceby odzyska\u0107 swoj\u0105 w\u0142asno\u015b\u0107. Ba\u0142em si\u0119 te\u017c, \u017ce krzes\u0142o mo\u017ce zosta\u0107 u\u017cyte do rzucania w policj\u0119 \u2014 relacjonuje Micha\u0142 Mytkowski w rozmowie z RMF FM.<\/p>\n<p>Oskar\u017cenia o rasizm i brutalne pobicie<\/p>\n<p>Reakcja z\u0142odziei by\u0142a b\u0142yskawiczna i wyrachowana. Jak twierdzi rozm\u00f3wca RMF FM, napastnicy pochodzenia p\u00f3\u0142nocnoafryka\u0144skiego, widz\u0105c bia\u0142ego cz\u0142owieka, zacz\u0119li g\u0142o\u015bno wyzywa\u0107 go od rasist\u00f3w. Fa\u0142szywe zarzuty pad\u0142y na podatny grunt \u2014 wok\u00f3\u0142 restauratora szybko zgromadzi\u0142a si\u0119 agresywna grupa ludzi.<\/p>\n<p>M\u0119\u017cczyzna nie mia\u0142 szans na dialog. Zosta\u0142 otoczony, pobity i skopany. Agresorzy nawo\u0142ywali r\u00f3wnie\u017c do bojkotu lokalu, przedstawiaj\u0105c ofiar\u0119 jako sprawc\u0119. Jeden z napastnik\u00f3w rzuci\u0142 sto\u0142em w okno restauracji.<\/p>\n<p>Co szczeg\u00f3lnie wstrz\u0105saj\u0105ce, do przemocy wobec Polaka mia\u0142y zach\u0119ca\u0107 r\u00f3wnie\u017c starsze osoby przygl\u0105daj\u0105ce si\u0119 zaj\u015bciu.<\/p>\n<p>Dla Micha\u0142a Mytkowskiego zarzut rasizmu jest ca\u0142kowicie bezpodstawny i bolesny. Restaurator od lat \u017cyje w wielokulturowym \u015brodowisku \u2014 do Belgii przyjecha\u0142 jako dziecko, jego \u017cona Hsuan-Jia Lin pochodzi z Tajwanu, a on sam zatrudnia mi\u0119dzynarodowy zesp\u00f3\u0142.<\/p>\n<p>\u2014 My\u015bl\u0119, \u017ce zarzut o rasizm by\u0142 sposobem na usprawiedliwienie ich w\u0142asnej agresji \u2014 ocenia w\u0142a\u015bciciel Lil Bao. Zwraca on uwag\u0119 na niepokoj\u0105cy trend w Belgii, gdzie tzw. &#8222;karta rasistowska&#8221; jest wyci\u0105gana niezwykle \u0142atwo, cz\u0119sto bez znajomo\u015bci historii czy pochodzenia drugiej osoby.<\/p>\n<p>Mimo traumy, pan Micha\u0142 nie poddaje si\u0119. Cho\u0107 tymczasowo zrezygnowa\u0142 z wystawiania ogr\u00f3dka, nadal prowadzi restauracj\u0119, kt\u00f3ra \u0142\u0105czy kuchni\u0119 tajwa\u0144sk\u0105 z polsk\u0105 go\u015bcinno\u015bci\u0105. \u2014 Nie mo\u017cna si\u0119 ba\u0107 i nie mo\u017cna ignorowa\u0107 takich sytuacji. Potrzebujemy solidarno\u015bci i odwagi \u2014 apeluje restaurator.<\/p>\n","protected":false},"excerpt":{"rendered":"Jak podaje RMF FM, do ataku dosz\u0142o po tym, jak m\u0119\u017cczyzna pr\u00f3bowa\u0142 powstrzyma\u0107 kradzie\u017c wyposa\u017cenia swojego lokalu. Napastnicy,&hellip;\n","protected":false},"author":2,"featured_media":493183,"comment_status":"","ping_status":"","sticky":false,"template":"","format":"standard","meta":{"footnotes":"","_share_on_mastodon":"0"},"categories":[14],"tags":[61195,32,33,2761,27,34,35,28,31,48,25,46,55,3823,4785,40,39,41,15269,6990,47,80,29,30,26,82,83,84],"class_list":["post-493182","post","type-post","status-publish","format-standard","has-post-thumbnail","category-swiat","tag-bottomfeed_styl","tag-breaking-news","tag-breakingnews","tag-bruksela","tag-headlines","tag-latest-news","tag-latestnews","tag-naglowki","tag-najwazniejsze-artykuly","tag-nat_styl","tag-news","tag-omp","tag-phx","tag-pobicie","tag-polacy_za_granica","tag-polish","tag-polska","tag-polski","tag-rasizm","tag-restauracja","tag-screening_general","tag-swiat","tag-top-stories","tag-topstories","tag-wiadomosci","tag-world","tag-world-news","tag-worldnews"],"share_on_mastodon":{"url":"https:\/\/pubeurope.com\/@pl\/116747376268659758","error":""},"_links":{"self":[{"href":"https:\/\/www.europesays.com\/pl\/wp-json\/wp\/v2\/posts\/493182","targetHints":{"allow":["GET"]}}],"collection":[{"href":"https:\/\/www.europesays.com\/pl\/wp-json\/wp\/v2\/posts"}],"about":[{"href":"https:\/\/www.europesays.com\/pl\/wp-json\/wp\/v2\/types\/post"}],"author":[{"embeddable":true,"href":"https:\/\/www.europesays.com\/pl\/wp-json\/wp\/v2\/users\/2"}],"replies":[{"embeddable":true,"href":"https:\/\/www.europesays.com\/pl\/wp-json\/wp\/v2\/comments?post=493182"}],"version-history":[{"count":0,"href":"https:\/\/www.europesays.com\/pl\/wp-json\/wp\/v2\/posts\/493182\/revisions"}],"wp:featuredmedia":[{"embeddable":true,"href":"https:\/\/www.europesays.com\/pl\/wp-json\/wp\/v2\/media\/493183"}],"wp:attachment":[{"href":"https:\/\/www.europesays.com\/pl\/wp-json\/wp\/v2\/media?parent=493182"}],"wp:term":[{"taxonomy":"category","embeddable":true,"href":"https:\/\/www.europesays.com\/pl\/wp-json\/wp\/v2\/categories?post=493182"},{"taxonomy":"post_tag","embeddable":true,"href":"https:\/\/www.europesays.com\/pl\/wp-json\/wp\/v2\/tags?post=493182"}],"curies":[{"name":"wp","href":"https:\/\/api.w.org\/{rel}","templated":true}]}}