{"id":493330,"date":"2026-06-14T10:03:11","date_gmt":"2026-06-14T10:03:11","guid":{"rendered":"https:\/\/www.europesays.com\/pl\/493330\/"},"modified":"2026-06-14T10:03:11","modified_gmt":"2026-06-14T10:03:11","slug":"jechal-za-szybko-robert-kubica-ukarany","status":"publish","type":"post","link":"https:\/\/www.europesays.com\/pl\/493330\/","title":{"rendered":"Jecha\u0142 za szybko. Robert Kubica ukarany"},"content":{"rendered":"\n<p class=\"contentpart contentpart--default contentpart--text\" data-position=\"0\">Podczas nocnej zmiany w <a href=\"https:\/\/sportowefakty.wp.pl\/moto\/le-mans\" rel=\"nofollow noopener\" target=\"_blank\">24h Le Mans<\/a>\u00a0dzia\u0142o si\u0119 naprawd\u0119\u00a0sporo. Kr\u00f3tko po godz. 23.00 na tor wyjecha\u0142 samoch\u00f3d bezpiecze\u0144stwa, co spowodowane by\u0142o kolizj\u0105\u00a0dw\u00f3ch aut z ni\u017cszej klasy LMGT3. Kolejne zaskakuj\u0105ce wydarzenia w d\u0142ugodystansowych mistrzostwach \u015bwiata <a href=\"https:\/\/sportowefakty.wp.pl\/wyscigi-samochodowe\/wec\" rel=\"nofollow noopener\" target=\"_blank\">WEC<\/a>\u00a0mia\u0142y miejsce kilka godzin p\u00f3\u017aniej.<\/p>\n<p class=\"contentpart contentpart--default contentpart--text\" data-position=\"1\">Najpierw w gara\u017cu utkn\u0119\u0142a za\u0142oga <a href=\"https:\/\/sportowefakty.wp.pl\/wyscigi-samochodowe\/scuderia-ferrari\" rel=\"nofollow noopener\" target=\"_blank\">Ferrari<\/a>\u00a0numer 50, bo we w\u0142oskim samochodzie zepsu\u0142 si\u0119 system ga\u015bniczy. W\u0142osi na napraw\u0119 tej awarii potrzebowali a\u017c o\u015bmiu okr\u0105\u017ce\u0144. Kolejnym zespo\u0142em z problemami by\u0142 korea\u0144ski <a href=\"https:\/\/sportowefakty.wp.pl\/wyscigi-samochodowe\/genesis\" rel=\"nofollow noopener\" target=\"_blank\">Genesis<\/a>, kt\u00f3ry zatrzyma\u0142 si\u0119 na torze, powoduj\u0105c \u017c\u00f3\u0142te flagi i konieczno\u015b\u0107 zmniejszenia pr\u0119dko\u015bci na ca\u0142ym okr\u0105\u017ceniu.<\/p>\n<p>  <img decoding=\"async\" src=\"https:\/\/v.wpimg.pl\/X3dwLnN2d1IFFTpdYUl6R0ZNbgcnEHQREVV2TGEGbUtRT2MdOlZ2RBQUKABgQjQcDRotCStBd1IAAWMeIlM7VgwYIAorQAdEFFk_GCkQJQ\" alt=\"\" width=\"45\" height=\"58\" loading=\"lazy\"\/>  <\/p>\n<p class=\"contentpart contentpart--default contentpart--text\" data-position=\"2\">ZOBACZ WIDEO: Ekspertka ostrzega: Uwaga na burze! Mecze M\u015a 2026 b\u0119d\u0105 przerywane<\/p>\n<p class=\"contentpart contentpart--default contentpart--text\" data-position=\"4\">Pot\u0119\u017cny cios nadszed\u0142 w \u015brodku nocy, bo prowadz\u0105cy w wy\u015bcigu <a href=\"https:\/\/sportowefakty.wp.pl\/wyscigi-samochodowe\/cadillac\" rel=\"nofollow noopener\" target=\"_blank\">Cadillac<\/a>\u00a0numer 38 musia\u0142 zjecha\u0107\u00a0do gara\u017cu w zwi\u0105zku z awari\u0105\u00a0samochodu. Chocia\u017c Amerykanie pr\u00f3bowali naprawi\u0107 pojazd, to ostatecznie okaza\u0142o si\u0119 to niemo\u017cliwe i faworyt wycofa\u0142 si\u0119\u00a0z dalszej jazdy w 24h Le Mans.<\/p>\n<p class=\"contentpart contentpart--default contentpart--text\" data-position=\"5\">Jeden z incydent\u00f3w w nocy wywo\u0142a\u0142 wprowadzenie tzw. slow zone. To strefa toru, w kt\u00f3rej nale\u017cy znacz\u0105co ograniczy\u0107 pr\u0119dko\u015b\u0107, ze wzgl\u0119du na wyst\u0119puj\u0105ce tam zagro\u017cenie. I w tym momencie <a href=\"https:\/\/sportowefakty.wp.pl\/rajdy-samochodowe\/robert-kubica\" rel=\"nofollow noopener\" target=\"_blank\">Robert Kubica<\/a>\u00a0pope\u0142ni\u0142 b\u0142\u0105d. Kierowca <a href=\"https:\/\/sportowefakty.wp.pl\/wyscigi-samochodowe\/af-corse\" rel=\"nofollow noopener\" target=\"_blank\">AF Corse<\/a>\u00a0nie zwolni\u0142 wystarczaj\u0105co i przekroczy\u0142 dopuszczaln\u0105 pr\u0119dko\u015b\u0107. Za to s\u0119dziowie na\u0142o\u017cyli na za\u0142og\u0119 numer 83 kar\u0119 przejazdu przez alej\u0119\u00a0serwisow\u0105.<\/p>\n<p class=\"contentpart contentpart--default contentpart--text\" data-position=\"6\">Kar\u0119 w imieniu AF Corse musia\u0142 odby\u0107 <a href=\"https:\/\/sportowefakty.wp.pl\/wyscigi-samochodowe\/phil-hanson\" rel=\"nofollow noopener\" target=\"_blank\">Phil Hanson<\/a>, kt\u00f3ry o poranku przej\u0105\u0142 samoch\u00f3d Ferrari z r\u0105k Roberta Kubicy. Dodatkowy przejazd przez alej\u0119\u00a0serwisow\u0105 kosztowa\u0142 ekip\u0119 Polaka kilkadziesi\u0105t sekund i sprawi\u0142, \u017ce za\u0142oga numer 83 straci\u0142a dwie pozycje w klasyfikacji 24h Le Mans.<\/p>\n<p>  <img decoding=\"async\" src=\"https:\/\/v.wpimg.pl\/X3dwLnN2d1IFFTpdYUl6R0ZNbgcnEHQREVV2TGEGbUtRT2MdOlZ2RBQUKABgQjQcDRotCStBd1IAAWMeIlM7VgwYIAorQAdEFFk_GCkQJQ\" alt=\"\" width=\"45\" height=\"58\" loading=\"lazy\"\/>  <\/p>\n<p class=\"contentpart contentpart--default contentpart--text\" data-position=\"7\">Nie by\u0142a to pierwsza grzywna, jak\u0105 otrzyma\u0142o AF Corse w 24h Le Mans. Jeszcze w sobot\u0119, w pierwszej fazie wy\u015bcigu, zesp\u00f3\u0142 Kubicy musia\u0142 odby\u0107 kar\u0119\u00a05 podczas pit-stopu. S\u0119dziowie ukarali w\u0142osk\u0105\u00a0ekip\u0119, bo podczas wizyty w alei serwisowej wypu\u015bci\u0142a samoch\u00f3d tu\u017c\u00a0przed ko\u0142a nadje\u017cd\u017caj\u0105cej <a href=\"https:\/\/sportowefakty.wp.pl\/wyscigi-samochodowe\/toyota-gazoo-racing\" rel=\"nofollow noopener\" target=\"_blank\">Toyoty<\/a>. Gdyby nie refleks kierowcy japo\u0144skiego zespo\u0142u, dosz\u0142oby do kolizji w pit-lane.<\/p>\n<p class=\"contentpart contentpart--default contentpart--text\" data-position=\"8\">Wy\u015bcig 24h Le Mans potrwa do niedzieli do godz. 16.00. <a href=\"https:\/\/sportowefakty.wp.pl\/wyscigi-samochodowe\/relacja-na-zywo\/178297\/24h-le-mans-live\" rel=\"nofollow noopener\" target=\"_blank\">Relacja na \u017cywo jest dost\u0119pna w WP SportoweFakty pod tym LINKIEM<\/a>.<\/p>\n","protected":false},"excerpt":{"rendered":"Podczas nocnej zmiany w 24h Le Mans\u00a0dzia\u0142o si\u0119 naprawd\u0119\u00a0sporo. Kr\u00f3tko po godz. 23.00 na tor wyjecha\u0142 samoch\u00f3d bezpiecze\u0144stwa,&hellip;\n","protected":false},"author":2,"featured_media":493331,"comment_status":"","ping_status":"","sticky":false,"template":"","format":"standard","meta":{"footnotes":"","_share_on_mastodon":"0"},"categories":[14],"tags":[16615,6752,32,33,16616,2892,27,34,35,28,31,25,40,39,41,6750,750,80,29,30,6751,26,82,83,84,2902],"class_list":["post-493330","post","type-post","status-publish","format-standard","has-post-thumbnail","category-swiat","tag-24h-le-mans","tag-af-corse","tag-breaking-news","tag-breakingnews","tag-circuit-de-la-sarthe","tag-ferrari","tag-headlines","tag-latest-news","tag-latestnews","tag-naglowki","tag-najwazniejsze-artykuly","tag-news","tag-polish","tag-polska","tag-polski","tag-robert-kubica","tag-sporty-motorowe","tag-swiat","tag-top-stories","tag-topstories","tag-wec","tag-wiadomosci","tag-world","tag-world-news","tag-worldnews","tag-wyscigi-samochodowe"],"share_on_mastodon":{"url":"https:\/\/pubeurope.com\/@pl\/116747895280798523","error":""},"_links":{"self":[{"href":"https:\/\/www.europesays.com\/pl\/wp-json\/wp\/v2\/posts\/493330","targetHints":{"allow":["GET"]}}],"collection":[{"href":"https:\/\/www.europesays.com\/pl\/wp-json\/wp\/v2\/posts"}],"about":[{"href":"https:\/\/www.europesays.com\/pl\/wp-json\/wp\/v2\/types\/post"}],"author":[{"embeddable":true,"href":"https:\/\/www.europesays.com\/pl\/wp-json\/wp\/v2\/users\/2"}],"replies":[{"embeddable":true,"href":"https:\/\/www.europesays.com\/pl\/wp-json\/wp\/v2\/comments?post=493330"}],"version-history":[{"count":0,"href":"https:\/\/www.europesays.com\/pl\/wp-json\/wp\/v2\/posts\/493330\/revisions"}],"wp:featuredmedia":[{"embeddable":true,"href":"https:\/\/www.europesays.com\/pl\/wp-json\/wp\/v2\/media\/493331"}],"wp:attachment":[{"href":"https:\/\/www.europesays.com\/pl\/wp-json\/wp\/v2\/media?parent=493330"}],"wp:term":[{"taxonomy":"category","embeddable":true,"href":"https:\/\/www.europesays.com\/pl\/wp-json\/wp\/v2\/categories?post=493330"},{"taxonomy":"post_tag","embeddable":true,"href":"https:\/\/www.europesays.com\/pl\/wp-json\/wp\/v2\/tags?post=493330"}],"curies":[{"name":"wp","href":"https:\/\/api.w.org\/{rel}","templated":true}]}}