{"id":493847,"date":"2026-06-14T16:42:11","date_gmt":"2026-06-14T16:42:11","guid":{"rendered":"https:\/\/www.europesays.com\/pl\/493847\/"},"modified":"2026-06-14T16:42:11","modified_gmt":"2026-06-14T16:42:11","slug":"nawrocki-zmienil-zdanie-ws-orderu-dla-zelenskiego-andruszkiewicz-zaprzecza","status":"publish","type":"post","link":"https:\/\/www.europesays.com\/pl\/493847\/","title":{"rendered":"Nawrocki zmieni\u0142 zdanie ws. orderu dla Ze\u0142enskiego? Andruszkiewicz zaprzecza"},"content":{"rendered":"\n<p>&#13;<br \/>\nRafa\u0142 Le\u015bkiewicz poinformowa\u0142, \u017ce\u00a0&#8222;prezydent Karol Nawrocki na\u00a0pewno nie\u00a0podejmie \u017cadnej decyzji przed wylotem do\u00a0USA&#8221; w\u00a0sprawie odebrania Orderu Or\u0142a Bia\u0142ego Ze\u0142enskiemu. &#13;\n<\/p>\n<p>&#13;<br \/>\nPod koniec maja prezydent Ukrainy Wo\u0142odymyr Ze\u0142enski zdecydowa\u0142 o\u00a0nadaniu jednej z\u00a0jednostek Si\u0142 Zbrojnych Ukrainy imienia &#8222;Bohater\u00f3w UPA&#8221;. &#13;\n<\/p>\n<p>&#13;<br \/>\nPo tym kroku przewodnicz\u0105cy klubu Konfederacji, Grzegorz P\u0142aczek, zaapelowa\u0142 do\u00a0prezydenta Karola Nawrockiego o\u00a0<a href=\"https:\/\/dorzeczy.pl\/kraj\/899929\/order-zelenskiego-wiadomo-kiedy-decyzja-nawrockiego.html\" rel=\"nofollow noopener\" target=\"_blank\">odebranie Orderu Or\u0142a Bia\u0142ego prezydentowi Ukrainy<\/a>, kt\u00f3ry zosta\u0142 mu przyznany przez \u00f3wczesnego prezydenta Andrzeja Dud\u0119 w\u00a02023 roku. W\u00a0sprawie zebra\u0142a si\u0119 Kapitu\u0142a Orderu Or\u0142a Bia\u0142ego. &#13;\n<\/p>\n<p>Andruszkiewicz: Czekamy na\u00a0reakcj\u0119 Ukrainy<\/p>\n<p>&#13;<br \/>\nDo sprawy odni\u00f3s\u0142 si\u0119 w\u00a0niedziel\u0119 na\u00a0antenie Polsat News wiceszef Kancelarii Prezydenta RP Adam Andruszkiewicz. &#13;\n<\/p>\n<p>&#13;<br \/>\n\u2013 Pan prezydent si\u0119 z\u00a0niczego nie\u00a0wycofa\u0142, tylko obecnie czekamy na\u00a0reakcj\u0119 strony ukrai\u0144skiej, kt\u00f3ra to\u00a0nawarzy\u0142a piwa, m\u00f3wi\u0105c kolokwialnie, t\u0105\u00a0bardzo negatywn\u0105 decyzj\u0105 o\u00a0nadaniu jednostce wojskowej imienia tzw. bohater\u00f3w UPA \u2013\u00a0powiedzia\u0142 prezydencki minister. &#13;\n<\/p>\n<p>&#13;<br \/>\nJak zaznaczy\u0142 Andruszkiewicz, strona ukrai\u0144ska &#8222;zna nasze stanowisko w\u00a0tej sprawie&#8221;, kt\u00f3re jest &#8222;bardzo krytyczne i\u00a0negatywne&#8221;. \u2013\u00a0Pan prezydent osobi\u015bcie przekaza\u0142 je\u00a0poprzez nasz\u0105 administracj\u0119. Dali\u015bmy kr\u00f3tki czas stronie ukrai\u0144skiej na\u00a0reakcj\u0119. Czekamy, czy\u00a0taka reakcja b\u0119dzie \u2013\u00a0powiedzia\u0142 wiceszef KPRP. &#13;\n<\/p>\n<p>&#13;<br \/>\nPrezydencki minister podkre\u015bli\u0142, \u017ce\u00a0je\u015bli nie\u00a0b\u0119dzie w\u00a0tej sprawie reakcji Ukrainy, &#8222;to natychmiast nast\u0105pi odpowiednia decyzja pana prezydenta&#8221;. \u2013\u00a0To\u00a0jest jasne, to\u00a0jest polityka \u2013\u00a0zaznaczy\u0142. &#13;\n<\/p>\n<p>Jakie by\u0142o stanowisko Kapitu\u0142y ws. Ze\u0142enskiego? Polityk Konfederacji zabra\u0142 g\u0142os<\/p>\n<p>&#13;<br \/>\nSytuacj\u0119 skomentowa\u0142 obecny w\u00a0studiu Wojciech Machulski, rzecznik Konfederacji. &#13;\n<\/p>\n<p>&#13;<br \/>\n\u2013 Brak te\u017c komunikatu, jakie by\u0142o stanowisko Kapitu\u0142y. Spodziewam si\u0119, \u017ce\u00a0by\u0142o podzielone, ale\u00a0brakuje mi takiego jednego, wyrazistego komunikatu. Mam nadziej\u0119, \u017ce\u00a0prezydent t\u0119\u00a0decyzj\u0119 podejmie \u2013\u00a0powiedzia\u0142 polityk. &#13;\n<\/p>\n<p>&#13;<br \/>\nMachulski przyzna\u0142, \u017ce\u00a0w\u0105tpi w\u00a0to, i\u017c\u00a0Ukrai\u0144cy &#8222;posypi\u0105 g\u0142ow\u0119 popio\u0142em&#8221;. \u2013\u00a0Mo\u017ce prezydent Nawrocki czeka na\u00a0przyjazd prezydenta Ze\u0142enskiego na\u00a0konferencj\u0119 w\u00a0Gda\u0144sku (&#8230;). Wyra\u017cam tylko zaniepokojenie tym, \u017ce\u00a0tej decyzji nadal nie\u00a0ma, natomiast licz\u0119 na\u00a0to, \u017ce\u00a0mo\u017ce s\u0105 jakie\u015b sprawy, o\u00a0kt\u00f3rych my\u00a0w\u00a0tym momencie nie\u00a0wiemy \u2013\u00a0powiedzia\u0142 polityk Konfederacji \u2013\u00a0m\u00f3wi\u0142 przedstawiciel Konfederacji. &#13;\n<\/p>\n<p>&#13;<br \/>\nCzytaj te\u017c:<br \/><a href=\"https:\/\/dorzeczy.pl\/opinie\/900928\/burza-ws-upa-wawer-o-szeptyckim-i-woycickim-tusk-ma-problem-z-banderowcami.html\" rel=\"follow nofollow noopener\" data-schema=\"DORZECZY\" data-image=\"https:\/\/img.dorzeczy.pl\/_thumb\/03\/c2\/427af2168abb3626e80f550155ee.jpeg\" target=\"_blank\">&#8222;Rz\u0105d Tuska ma\u00a0problem z\u00a0banderowcami&#8221;. Polityk bez ogr\u00f3dek<\/a>Czytaj te\u017c:<br \/><a href=\"https:\/\/dorzeczy.pl\/opinie\/900829\/mogila-w-hucie-pieniackiej-ipn-to-ofiary-zbrodni-upa-i-ss-galizien.html\" rel=\"follow nofollow noopener\" data-schema=\"DORZECZY\" data-image=\"https:\/\/img.dorzeczy.pl\/_thumb\/c0\/df\/d0911f6bfa9d8e82736b121c08d2.jpeg\" target=\"_blank\">Makabryczne odkrycie w\u00a0Hucie Pieniackiej. IPN: To\u00a0ofiary zbrodni UPA i\u00a0SS &#8222;Galizien&#8221;<\/a>&#13;<\/p>\n","protected":false},"excerpt":{"rendered":"&#13; Rafa\u0142 Le\u015bkiewicz poinformowa\u0142, \u017ce\u00a0&#8222;prezydent Karol Nawrocki na\u00a0pewno nie\u00a0podejmie \u017cadnej decyzji przed wylotem do\u00a0USA&#8221; w\u00a0sprawie odebrania Orderu Or\u0142a&hellip;\n","protected":false},"author":2,"featured_media":493848,"comment_status":"","ping_status":"","sticky":false,"template":"","format":"standard","meta":{"footnotes":"","_share_on_mastodon":"0"},"categories":[62712],"tags":[95256,98,690,49,1315,102,74495,1005,80,415,8088,850],"class_list":["post-493847","post","type-post","status-publish","format-standard","has-post-thumbnail","category-karol-nawrocki","tag-andruszkiewicz","tag-dorzeczy","tag-karol-nawrocki","tag-kraj","tag-nawrocki","tag-opinie","tag-order-orla-bialego","tag-prezydent","tag-swiat","tag-ukraina","tag-upa","tag-zelenski"],"share_on_mastodon":{"url":"https:\/\/pubeurope.com\/@pl\/116749464031136385","error":""},"_links":{"self":[{"href":"https:\/\/www.europesays.com\/pl\/wp-json\/wp\/v2\/posts\/493847","targetHints":{"allow":["GET"]}}],"collection":[{"href":"https:\/\/www.europesays.com\/pl\/wp-json\/wp\/v2\/posts"}],"about":[{"href":"https:\/\/www.europesays.com\/pl\/wp-json\/wp\/v2\/types\/post"}],"author":[{"embeddable":true,"href":"https:\/\/www.europesays.com\/pl\/wp-json\/wp\/v2\/users\/2"}],"replies":[{"embeddable":true,"href":"https:\/\/www.europesays.com\/pl\/wp-json\/wp\/v2\/comments?post=493847"}],"version-history":[{"count":0,"href":"https:\/\/www.europesays.com\/pl\/wp-json\/wp\/v2\/posts\/493847\/revisions"}],"wp:featuredmedia":[{"embeddable":true,"href":"https:\/\/www.europesays.com\/pl\/wp-json\/wp\/v2\/media\/493848"}],"wp:attachment":[{"href":"https:\/\/www.europesays.com\/pl\/wp-json\/wp\/v2\/media?parent=493847"}],"wp:term":[{"taxonomy":"category","embeddable":true,"href":"https:\/\/www.europesays.com\/pl\/wp-json\/wp\/v2\/categories?post=493847"},{"taxonomy":"post_tag","embeddable":true,"href":"https:\/\/www.europesays.com\/pl\/wp-json\/wp\/v2\/tags?post=493847"}],"curies":[{"name":"wp","href":"https:\/\/api.w.org\/{rel}","templated":true}]}}