{"id":493857,"date":"2026-06-14T16:50:18","date_gmt":"2026-06-14T16:50:18","guid":{"rendered":"https:\/\/www.europesays.com\/pl\/493857\/"},"modified":"2026-06-14T16:50:18","modified_gmt":"2026-06-14T16:50:18","slug":"kolejny-wypadek-na-ekspresowce-sa-poszkodowani-i-wielokilometrowy-korek-lublin112-wiadomosci-z-lublina-i-regionu-wazne-informacje-z-kraju","status":"publish","type":"post","link":"https:\/\/www.europesays.com\/pl\/493857\/","title":{"rendered":"Kolejny wypadek na ekspres\u00f3wce. S\u0105 poszkodowani i wielokilometrowy korek : Lublin112 \u2013 Wiadomo\u015bci z Lublina i regionu. Wa\u017cne informacje z kraju"},"content":{"rendered":"<p>Do wypadku dosz\u0142o w niedziel\u0119, 14 czerwca, na drodze ekspresowej S17 \u0142\u0105cz\u0105cej Lublin z Warszaw\u0105. Oko\u0142o godziny 16:35 na wysoko\u015bci Garbowa zderzy\u0142y si\u0119 dwa samochody osobowe. Na miejscu interweniowa\u0142a stra\u017c po\u017carna, zespo\u0142y ratownictwa medycznego oraz policja.<\/p>\n<p>Jak nam przekazano, zdarzenie mia\u0142o miejsce na jezdni w kierunku Lublina. Jedno z aut wypad\u0142o z drogi i zatrzyma\u0142o si\u0119 w rowie. S\u0142u\u017cby ratunkowe wskazuj\u0105, i\u017c otrzyma\u0142y informacj\u0119 o czterech osobach poszkodowanych. Obecnie wiadomo ju\u017c, \u017ce dwie wymaga\u0142y interwencji medycznej.<\/p>\n<p>Funkcjonariusze drog\u00f3wki przyst\u0119puj\u0105 w\u0142a\u015bnie do ustalania szczeg\u00f3\u0142owych okoliczno\u015bci oraz przyczyn wypadku. Wyst\u0119puj\u0105 utrudnienia w ruchu. Zablokowany jest jeden pas jezdni. Utworzy\u0142 si\u0119 spory korek. Sznur aut ma ju\u017c ok. 5 km d\u0142ugo\u015bci.<\/p>\n<p>Wideo -nades\u0142ane \u2013 Aleksandra<\/p>\n<p><img loading=\"lazy\" decoding=\"async\" src=\"https:\/\/www.europesays.com\/pl\/wp-content\/uploads\/2026\/06\/Messenger_creation_15C9B6B1-744D-4DD1-8B04-6C61A4F2073B-640x480.jpeg\" alt=\"Kolejny wypadek na ekspres\u00f3wce. S\u0105 poszkodowani i wielokilometrowy korek\" width=\"500\" height=\"375\" class=\"alignnone size-medium wp-image-514206\"  \/><\/p>\n<p><img loading=\"lazy\" decoding=\"async\" src=\"https:\/\/www.europesays.com\/pl\/wp-content\/uploads\/2026\/06\/Messenger_creation_4B03A1A9-9152-4013-8E91-68AB1E5345D4-640x480.jpeg\" alt=\"Kolejny wypadek na ekspres\u00f3wce. S\u0105 poszkodowani i wielokilometrowy korek\" width=\"500\" height=\"375\" class=\"alignnone size-medium wp-image-514205\"  \/><\/p>\n<p><img loading=\"lazy\" decoding=\"async\" src=\"https:\/\/www.europesays.com\/pl\/wp-content\/uploads\/2026\/06\/Messenger_creation_529DEE97-F2CC-4FC5-BC38-D993FFFF8D8E-640x480.jpeg\" alt=\"Kolejny wypadek na ekspres\u00f3wce. S\u0105 poszkodowani i wielokilometrowy korek\" width=\"500\" height=\"375\" class=\"alignnone size-medium wp-image-514204\"  \/><\/p>\n<p><img aria-describedby=\"caption-attachment-514199\" loading=\"lazy\" decoding=\"async\" class=\"size-medium wp-image-514199\" src=\"https:\/\/www.europesays.com\/pl\/wp-content\/uploads\/2026\/06\/image000002_heic-1-640x854.jpg\" alt=\"Kolejny wypadek na ekspres\u00f3wce. S\u0105 poszkodowani i wielokilometrowy korek\" width=\"375\" height=\"500\"  \/><\/p>\n<p id=\"caption-attachment-514199\" class=\"wp-caption-text\">fot. nades\u0142ane<\/p>\n<p><img aria-describedby=\"caption-attachment-514198\" loading=\"lazy\" decoding=\"async\" class=\"size-medium wp-image-514198\" src=\"https:\/\/www.europesays.com\/pl\/wp-content\/uploads\/2026\/06\/image000000_heic-640x853.jpg\" alt=\"Kolejny wypadek na ekspres\u00f3wce. S\u0105 poszkodowani i wielokilometrowy korek\" width=\"375\" height=\"500\"  \/><\/p>\n<p id=\"caption-attachment-514198\" class=\"wp-caption-text\">fot. nades\u0142ane<\/p>\n","protected":false},"excerpt":{"rendered":"Do wypadku dosz\u0142o w niedziel\u0119, 14 czerwca, na drodze ekspresowej S17 \u0142\u0105cz\u0105cej Lublin z Warszaw\u0105. Oko\u0142o godziny 16:35&hellip;\n","protected":false},"author":2,"featured_media":493858,"comment_status":"","ping_status":"","sticky":false,"template":"","format":"standard","meta":{"footnotes":"","_share_on_mastodon":"0"},"categories":[51612],"tags":[95258,3431,1081,42,38,40,39,41,20302,2588,93141,95259],"class_list":["post-493857","post","type-post","status-publish","format-standard","has-post-thumbnail","category-lublin","tag-garbow","tag-kolizja","tag-lublin","tag-pl","tag-poland","tag-polish","tag-polska","tag-polski","tag-s17","tag-wypadek","tag-wypadek-na-ekspresowce","tag-wypadek-na-s17"],"share_on_mastodon":{"url":"https:\/\/pubeurope.com\/@pl\/116749495845351647","error":""},"_links":{"self":[{"href":"https:\/\/www.europesays.com\/pl\/wp-json\/wp\/v2\/posts\/493857","targetHints":{"allow":["GET"]}}],"collection":[{"href":"https:\/\/www.europesays.com\/pl\/wp-json\/wp\/v2\/posts"}],"about":[{"href":"https:\/\/www.europesays.com\/pl\/wp-json\/wp\/v2\/types\/post"}],"author":[{"embeddable":true,"href":"https:\/\/www.europesays.com\/pl\/wp-json\/wp\/v2\/users\/2"}],"replies":[{"embeddable":true,"href":"https:\/\/www.europesays.com\/pl\/wp-json\/wp\/v2\/comments?post=493857"}],"version-history":[{"count":0,"href":"https:\/\/www.europesays.com\/pl\/wp-json\/wp\/v2\/posts\/493857\/revisions"}],"wp:featuredmedia":[{"embeddable":true,"href":"https:\/\/www.europesays.com\/pl\/wp-json\/wp\/v2\/media\/493858"}],"wp:attachment":[{"href":"https:\/\/www.europesays.com\/pl\/wp-json\/wp\/v2\/media?parent=493857"}],"wp:term":[{"taxonomy":"category","embeddable":true,"href":"https:\/\/www.europesays.com\/pl\/wp-json\/wp\/v2\/categories?post=493857"},{"taxonomy":"post_tag","embeddable":true,"href":"https:\/\/www.europesays.com\/pl\/wp-json\/wp\/v2\/tags?post=493857"}],"curies":[{"name":"wp","href":"https:\/\/api.w.org\/{rel}","templated":true}]}}