{"id":494271,"date":"2026-06-14T22:23:15","date_gmt":"2026-06-14T22:23:15","guid":{"rendered":"https:\/\/www.europesays.com\/pl\/494271\/"},"modified":"2026-06-14T22:23:15","modified_gmt":"2026-06-14T22:23:15","slug":"polak-przemowil-po-wygraniu-24h-le-mans-marzenie-ktore-wlasnie-stalo-sie-rzeczywistoscia","status":"publish","type":"post","link":"https:\/\/www.europesays.com\/pl\/494271\/","title":{"rendered":"Polak przem\u00f3wi\u0142 po wygraniu 24h Le Mans. &#8222;Marzenie, kt\u00f3re w\u0142a\u015bnie sta\u0142o si\u0119 rzeczywisto\u015bci\u0105&#8221;"},"content":{"rendered":"\n<p class=\"contentpart contentpart--default contentpart--text\" data-position=\"0\">To wyj\u0105tkowy sukces nie tylko dla zespo\u0142u, ale tak\u017ce dla polskiego motorsportu. <a href=\"https:\/\/sportowefakty.wp.pl\/wyscigi-samochodowe\/inter-europol-competition\" rel=\"nofollow noopener\" target=\"_blank\">Inter Europol Competition<\/a>\u00a0po raz kolejny udowodni\u0142, \u017ce nale\u017cy do \u015bcis\u0142ej \u015bwiatowej czo\u0142\u00f3wki wy\u015bcig\u00f3w d\u0142ugodystansowych. Po zwyci\u0119stwach w <a href=\"https:\/\/sportowefakty.wp.pl\/moto\/le-mans\" rel=\"nofollow noopener\" target=\"_blank\">24h Le Mans<\/a>\u00a0w 2023 i 2025 roku i drugim miejscu w 2024 roku, tegoroczny dublet jest najwi\u0119kszym osi\u0105gni\u0119ciem w historii ekipy z Warszawy.<\/p>\n<p>Jakub \u015amiechowski po wygraniu 24h Le Mans<\/p>\n<p>  <img decoding=\"async\" src=\"https:\/\/v.wpimg.pl\/X3dwLnN2d1IFFTpdYUl6R0ZNbgcnEHQREVV2TGEGbUtRT2MdOlZ2RBQUKABgQjQcDRotCStBd1IAAWMeIlM7VgwYIAorQAdEFFk_GCkQJQ\" alt=\"\" width=\"45\" height=\"58\" loading=\"lazy\"\/>  <\/p>\n<p class=\"contentpart contentpart--default contentpart--text\" data-position=\"2\">Przez ca\u0142\u0105 dob\u0119 oba prototypy prezentowa\u0142y znakomite tempo, utrzymuj\u0105c si\u0119 w \u015bcis\u0142ej czo\u0142\u00f3wce niezwykle wyr\u00f3wnanej stawki LMP2. Kluczem do sukcesu okaza\u0142a si\u0119 nie tylko szybko\u015b\u0107 kierowc\u00f3w, ale r\u00f3wnie\u017c bezb\u0142\u0119dna praca in\u017cynier\u00f3w, mechanik\u00f3w i strateg\u00f3w, kt\u00f3rzy przez 24 godziny realizowali perfekcyjny plan wy\u015bcigowy.<\/p>\n<p class=\"contentpart contentpart--default contentpart--text\" data-position=\"3\">ZOBACZ WIDEO: Ekspertka ostrzega: Uwaga na burze! Mecze M\u015a 2026 b\u0119d\u0105 przerywane<\/p>\n<p class=\"contentpart contentpart--default contentpart--text\" data-position=\"5\">W najbardziej wymagaj\u0105cym wy\u015bcigu \u015bwiata ka\u017cdy detal ma znaczenie, a Inter Europol Competition ponownie pokaza\u0142, \u017ce potrafi dzia\u0142a\u0107 jak doskonale naoliwiony organizm.<\/p>\n<p class=\"contentpart contentpart--default contentpart--text\" data-position=\"6\">Dla za\u0142ogi numer 43 jest to obrona ubieg\u0142orocznego triumfu, a jednocze\u015bnie trzeci triumf zespo\u0142u w klasie LMP2 na Circuit de la Sarthe. Z kolei sk\u0142ad numer 343 przypiecz\u0119towa\u0142 fantastyczny weekend, zdobywaj\u0105c drugie miejsce i zapewniaj\u0105c Inter Europol Competition historyczny dublet na jednym z najwa\u017cniejszych wydarze\u0144 w \u015bwiatowym motorsporcie.<\/p>\n<p>  <img decoding=\"async\" src=\"https:\/\/v.wpimg.pl\/X3dwLnN2d1IFFTpdYUl6R0ZNbgcnEHQREVV2TGEGbUtRT2MdOlZ2RBQUKABgQjQcDRotCStBd1IAAWMeIlM7VgwYIAorQAdEFFk_GCkQJQ\" alt=\"\" width=\"45\" height=\"58\" loading=\"lazy\"\/>   <img decoding=\"async\" src=\"https:\/\/www.europesays.com\/pl\/wp-content\/uploads\/2026\/06\/Njc4NjYuYQsCVjhZdg5sHkEObAMwV2JIFhZ0SHZCeVobGz0MdBIvBg9RPBN3Aj4JB1pgGjVaPgIMQCEZdkMvWAZRL107EH4JBVd9.jpeg\" alt=\"Inter Europol Competition na podium 24h Le Mans w klasie LMP2\" width=\"770\" height=\"\" loading=\"lazy\"\/> Inter Europol Competition na podium 24h Le Mans w klasie LMP2  <\/p>\n<p class=\"contentpart contentpart--default contentpart--text\" data-position=\"8\">&#8211; To co\u015b znacznie wi\u0119cej ni\u017c wygrany wy\u015bcig. 24h Le Mans to 24 godziny, kt\u00f3re s\u0105 zwie\u0144czeniem miesi\u0119cy przygotowa\u0144 i pracy ogromnej grupy ludzi. Teraz ka\u017cdy cz\u0142onek naszego zespo\u0142u mo\u017ce czu\u0107 dum\u0119 , bo ten sukces jest efektem wsp\u00f3lnego wysi\u0142ku. Dublet w 24h Le Mans to marzenie, kt\u00f3re w\u0142a\u015bnie sta\u0142o si\u0119 rzeczywisto\u015bci\u0105 &#8211; powiedzia\u0142 Jakub \u015amiechowski, kierowca i zarazem szef Inter Europol Competition.<\/p>\n<p class=\"contentpart contentpart--default contentpart--text\" data-position=\"9\">Za kulisami tego sukcesu stoi wielotygodniowa praca ca\u0142ego zespo\u0142u. Przygotowanie programu 24h Le Mans wymaga zaanga\u017cowania blisko 80 os\u00f3b oraz rozbudowanej operacji logistycznej obejmuj\u0105cej transport samochod\u00f3w, sprz\u0119tu technicznego i infrastruktury zespo\u0142u z Polski do Francji. To w\u0142a\u015bnie po\u0142\u0105czenie do\u015bwiadczenia, determinacji i zespo\u0142owej wsp\u00f3\u0142pracy pozwoli\u0142o Inter Europol Competition po raz kolejny si\u0119gn\u0105\u0107 po najwy\u017csze laury.<\/p>\n<p>  <img decoding=\"async\" src=\"https:\/\/v.wpimg.pl\/X3dwLnN2d1IFFTpdYUl6R0ZNbgcnEHQREVV2TGEGbUtRT2MdOlZ2RBQUKABgQjQcDRotCStBd1IAAWMeIlM7VgwYIAorQAdEFFk_GCkQJQ\" alt=\"\" width=\"45\" height=\"58\" loading=\"lazy\"\/>   <img decoding=\"async\" src=\"https:\/\/www.europesays.com\/pl\/wp-content\/uploads\/2026\/06\/Mzk4NzAuYhsKVjhJbg5vDkkObBMoV2FYHhZ0WG5CekoTGz0cbBIsFgdRPANvAj0ZD1pgCi1aPRIEQCEJbkMsSA5RLxt1RH4ZCgF3.jpeg\" alt=\"Rado\u015b\u0107\u00a0pracownik\u00f3w Inter Europol Competition\" width=\"770\" height=\"\" loading=\"lazy\"\/> Rado\u015b\u0107\u00a0pracownik\u00f3w Inter Europol Competition  <\/p>\n<p class=\"contentpart contentpart--default contentpart--text\" data-position=\"11\">Historyczny wynik w 24h Le Mans 2026 jeszcze mocniej umacnia pozycj\u0119 Inter Europol Competition jako jednego z najwa\u017cniejszych zespo\u0142\u00f3w w \u015bwiatowej rywalizacji LMP2. Dla kibic\u00f3w by\u0142a to doba pe\u0142na emocji, a dla ca\u0142ego zespo\u0142u, kolejny dow\u00f3d, \u017ce marzenia, poparte ci\u0119\u017ck\u0105 prac\u0105 i konsekwencj\u0105, naprawd\u0119 mog\u0105 si\u0119 spe\u0142nia\u0107.<\/p>\n<p class=\"contentpart contentpart--default contentpart--text\" data-position=\"12\">Inter Europol Competition opuszcza Francj\u0119 z najcenniejszym mo\u017cliwym trofeum &#8211; zwyci\u0119stwem, podw\u00f3jnym podium i miejscem w historii \u015bwiatowego motorsportu.<\/p>\n","protected":false},"excerpt":{"rendered":"To wyj\u0105tkowy sukces nie tylko dla zespo\u0142u, ale tak\u017ce dla polskiego motorsportu. Inter Europol Competition\u00a0po raz kolejny udowodni\u0142,&hellip;\n","protected":false},"author":2,"featured_media":494272,"comment_status":"","ping_status":"","sticky":false,"template":"","format":"standard","meta":{"footnotes":"","_share_on_mastodon":"0"},"categories":[5],"tags":[16615,32,33,16616,36,37,27,95237,95328,34,35,28,31,25,42,38,40,39,41,750,29,30,6751,26,2902],"class_list":["post-494271","post","type-post","status-publish","format-standard","has-post-thumbnail","category-naglowki","tag-24h-le-mans","tag-breaking-news","tag-breakingnews","tag-circuit-de-la-sarthe","tag-featured-news","tag-featurednews","tag-headlines","tag-inter-europol-competition","tag-jakub-smiechowski","tag-latest-news","tag-latestnews","tag-naglowki","tag-najwazniejsze-artykuly","tag-news","tag-pl","tag-poland","tag-polish","tag-polska","tag-polski","tag-sporty-motorowe","tag-top-stories","tag-topstories","tag-wec","tag-wiadomosci","tag-wyscigi-samochodowe"],"share_on_mastodon":{"url":"https:\/\/pubeurope.com\/@pl\/116750805020369838","error":""},"_links":{"self":[{"href":"https:\/\/www.europesays.com\/pl\/wp-json\/wp\/v2\/posts\/494271","targetHints":{"allow":["GET"]}}],"collection":[{"href":"https:\/\/www.europesays.com\/pl\/wp-json\/wp\/v2\/posts"}],"about":[{"href":"https:\/\/www.europesays.com\/pl\/wp-json\/wp\/v2\/types\/post"}],"author":[{"embeddable":true,"href":"https:\/\/www.europesays.com\/pl\/wp-json\/wp\/v2\/users\/2"}],"replies":[{"embeddable":true,"href":"https:\/\/www.europesays.com\/pl\/wp-json\/wp\/v2\/comments?post=494271"}],"version-history":[{"count":0,"href":"https:\/\/www.europesays.com\/pl\/wp-json\/wp\/v2\/posts\/494271\/revisions"}],"wp:featuredmedia":[{"embeddable":true,"href":"https:\/\/www.europesays.com\/pl\/wp-json\/wp\/v2\/media\/494272"}],"wp:attachment":[{"href":"https:\/\/www.europesays.com\/pl\/wp-json\/wp\/v2\/media?parent=494271"}],"wp:term":[{"taxonomy":"category","embeddable":true,"href":"https:\/\/www.europesays.com\/pl\/wp-json\/wp\/v2\/categories?post=494271"},{"taxonomy":"post_tag","embeddable":true,"href":"https:\/\/www.europesays.com\/pl\/wp-json\/wp\/v2\/tags?post=494271"}],"curies":[{"name":"wp","href":"https:\/\/api.w.org\/{rel}","templated":true}]}}