{"id":494303,"date":"2026-06-14T22:51:18","date_gmt":"2026-06-14T22:51:18","guid":{"rendered":"https:\/\/www.europesays.com\/pl\/494303\/"},"modified":"2026-06-14T22:51:18","modified_gmt":"2026-06-14T22:51:18","slug":"europejscy-sojusznicy-chca-przypomniec-trumpowi-o-ukrainie-potrzebuje-pociskow","status":"publish","type":"post","link":"https:\/\/www.europesays.com\/pl\/494303\/","title":{"rendered":"Europejscy sojusznicy chc\u0105 przypomnie\u0107 Trumpowi o Ukrainie. &#8222;Potrzebuje pocisk\u00f3w&#8221;"},"content":{"rendered":"<p>Ukrai\u0144skie drony przecinaj\u0105 rosyjskie linie zaopatrzenia, mocno nadwyr\u0119\u017caj\u0105c rosyjskie wojsko i gospodark\u0119. Si\u0142y zbrojne Ukrainy korzystaj\u0105 z wa\u017cnych osi\u0105gni\u0119\u0107 technologicznych, linia frontu w du\u017cej mierze si\u0119 ustabilizowa\u0142a, a Kij\u00f3w po raz pierwszy od 2023 r. odzyska\u0142 wi\u0119cej terytorium, ni\u017c straci\u0142. To wszystko da\u0142o Ukrainie co\u015b, czego od dawna nie mia\u0142a: czas.<\/p>\n<p>&#8222;Wszyscy widz\u0105, \u017ce Rosja p\u0142onie i chcemy, \u017ceby p\u0142on\u0119\u0142a jeszcze bardziej&#8221;<\/p>\n<p>Prezydent Ukrainy Wo\u0142odymyr Ze\u0142enski stara si\u0119 wykorzysta\u0107 t\u0119 bardziej optymistyczn\u0105 sytuacj\u0119, intensyfikuj\u0105c dzia\u0142ania dyplomatyczne z USA i Europ\u0105, jednocze\u015bnie publicznie i prywatnie apeluj\u0105c do prezydenta Rosji, W\u0142adimira Putina, o rozmowy na temat zako\u0144czenia wojny. Kluczowe pytanie brzmi teraz: jak zwi\u0119kszy\u0107 wsparcie Zachodu na tyle, by sk\u0142oni\u0107 Rosj\u0119 do powa\u017cnych negocjacji?<\/p>\n<p>\u2014 Wszyscy widz\u0105, \u017ce sytuacja nie jest ju\u017c tak gor\u0105ca, jak kiedy\u015b \u2014 powiedzia\u0142 wysoki rang\u0105 urz\u0119dnik Bia\u0142ego Domu. \u2014 Zdarzaj\u0105 si\u0119 drobne potyczki, ale to nie to samo, co dwa lata temu czy nawet rok temu.<\/p>\n<p>W zesz\u0142ym roku Trump ostro krytykowa\u0142 Ze\u0142enskiego za odrzucenie propozycji porozumienia i zarzuca\u0142 mu, \u017ce gra va banque. Jednak od tamtej pory perspektywy Kijowa si\u0119 poprawi\u0142y. Europejscy dyplomaci podkre\u015blaj\u0105, \u017ce szczyt G7, kt\u00f3ry rozpoczyna si\u0119 w poniedzia\u0142ek, to szansa dla zwolennik\u00f3w Ukrainy, aby jednoznacznie podkre\u015bli\u0107 swoje wsparcie dla Kijowa w walce z Rosj\u0105 \u2014 zar\u00f3wno militarne, jak i finansowe.<\/p>\n<p>\u2014 Obecnie Europejczycy bior\u0105 na siebie niemal 100 proc. pomocy dla Ukrainy, ale nadal wa\u017cne jest, aby nasi partnerzy z G7, a zw\u0142aszcza Stany Zjednoczone, wywi\u0105zywali si\u0119 ze swoich zobowi\u0105za\u0144, a przynajmniej nie ograniczali wsparcia jeszcze bardziej \u2014 m\u00f3wi anonimowy dyplomata z du\u017cego kraju UE.<\/p>\n<p>Unia Europejska zabezpieczy\u0142a potrzeby finansowe Ukrainy w najbli\u017cszych miesi\u0105cach poprzez <a href=\"https:\/\/wiadomosci.onet.pl\/swiat\/ukraina-dostanie-gigantyczna-pozyczke-90-mld-euro-na-stole\/fje1tn5\" id=\"3ef80642-c756-49ac-ab0d-8eac617c3ef2\" rel=\"nofollow noopener\" target=\"_blank\">po\u017cyczk\u0119 o warto\u015bci 90 mld euro<\/a> (ok. 380 mld z\u0142). Jednak Kij\u00f3w zabiega o co najmniej kolejne 20 mld euro, by podwoi\u0107 sukcesy na polu walki z Rosj\u0105. Dalszy ci\u0105g artyku\u0142u pod materia\u0142em wideo <\/p>\n<p>\u2014 Wszyscy widz\u0105, \u017ce Rosja p\u0142onie i chcemy, \u017ceby p\u0142on\u0119\u0142a jeszcze bardziej, ale potrzebujemy na to \u015brodk\u00f3w finansowych \u2014 powiedzia\u0142 wysoki rang\u0105 przedstawiciel ukrai\u0144skiego resortu obrony.<\/p>\n<p>\u015awiatowi przyw\u00f3dcy, w tym Trump, spotkaj\u0105 si\u0119 z Ze\u0142enskim podczas dwugodzinnej sesji w Evian-les-Bains. Jednak nie wiadomo, czy Trump i Ze\u0142enski znajd\u0105 czas na rozmow\u0119 w cztery oczy podczas szczytu. Przedstawiciel Bia\u0142ego Domu poinformowa\u0142, \u017ce nie zaplanowano takiego spotkania, podczas gdy z ukrai\u0144skiej strony s\u0142ycha\u0107, \u017ce co\u015b jeszcze mo\u017ce zosta\u0107 ustalone.<\/p>\n<p>Kluczow\u0105 kwesti\u0105 jest przysz\u0142o\u015b\u0107 rozm\u00f3w pokojowych mi\u0119dzy Ukrain\u0105 a Rosj\u0105. Chocia\u017c USA wycofa\u0142y si\u0119 nieco w obliczu kryzysu wok\u00f3\u0142 Iranu, szef ukrai\u0144skiej dyplomacji podkre\u015bla\u0142 przed szczytem G7, \u017ce Kij\u00f3w wci\u0105\u017c widzi Waszyngton w roli lidera negocjacji. R\u00f3\u017cnica polega na tym, i\u017c Ukraina chce, by w rozmowach uczestniczyli tak\u017ce europejscy przyw\u00f3dcy \u2014 jednak kwestia, kto mia\u0142by reprezentowa\u0107 Europ\u0119, wywo\u0142uje gor\u0105ce, ale jak dot\u0105d bezowocne, spory.<\/p>\n<p>Zar\u00f3wno Kij\u00f3w, jak i europejscy sojusznicy zgadzaj\u0105 si\u0119, \u017ce wsp\u00f3lne podej\u015bcie do przysz\u0142ych rozm\u00f3w pokojowych nie powinno zak\u0142ada\u0107 \u017cadnych ust\u0119pstw terytorialnych wobec Moskwy, bez prawnego uznania Rosji <a href=\"https:\/\/wiadomosci.onet.pl\/swiat\/chcialbym-sie-mylic-ekspert-o-losach-kluczowej-ukrainskiej-fortecy-tam-jest-pieklo\/n5tp5yw\" id=\"792cf243-43d2-43ed-bd56-20b1ae77d966\" rel=\"nofollow noopener\" target=\"_blank\">na spornym obszarze Donbasu<\/a>.&#8221;Ze\u0142enski daje do zrozumienia, \u017ce potrzebuje wi\u0119cej pocisk\u00f3w&#8221;<\/p>\n<p>Mimo sukces\u00f3w Kijowa, Rosja wci\u0105\u017c potrafi sia\u0107 spustoszenie na Ukrainie i w jej infrastrukturze. Ze\u0142enski m\u00f3wi\u0142, \u017ce Ukraina zu\u017cywa miesi\u0119cznie od 60 do 70 pocisk\u00f3w przechwytuj\u0105cych. To wi\u0119cej ni\u017c obecnie produkuje Raytheon, ameryka\u0144ski producent systemu.<\/p>\n<p>Ukrai\u0144ski przyw\u00f3dca zabiega o zgod\u0119 USA na produkcj\u0119 pocisk\u00f3w Patriot na miejscu oraz zwraca si\u0119 do Niemiec o przekazanie kilkudziesi\u0119ciu pocisk\u00f3w ze swoich zapas\u00f3w w zamian za te, kt\u00f3re Kij\u00f3w wyprodukuje w przysz\u0142o\u015bci.<\/p>\n<p>\u2014 Ze\u0142enski jasno daje do zrozumienia, \u017ce potrzebuje wi\u0119cej pocisk\u00f3w \u2014 m\u00f3wi urz\u0119dnik z Bia\u0142ego Domu.<\/p>\n<p>Niepewno\u015b\u0107 wok\u00f3\u0142 porozumienia z Iranem jeszcze bardziej odci\u0105ga uwag\u0119 Waszyngtonu na Bliski Wsch\u00f3d. Doradcy Trumpa \u2014 Steve Witkoff i Jared Kushner \u2014 s\u0105 g\u0142\u00f3wnymi negocjatorami zar\u00f3wno w sprawie Iranu, jak i konfliktu rosyjsko-ukrai\u0144skiego. Nadal rozmawiaj\u0105 z Ze\u0142enskim i jego zespo\u0142em, r\u00f3wnie\u017c w tym miesi\u0105cu, jednak Bia\u0142y Dom nie spodziewa si\u0119 szybkiego prze\u0142omu.<\/p>\n<p>Sekretarz stanu Marco Rubio stwierdzi\u0142 w zesz\u0142ym miesi\u0105cu, \u017ce ameryka\u0144skie wysi\u0142ki na rzecz wypracowania dyplomatycznego rozwi\u0105zania &#8222;utkn\u0119\u0142y w martwym punkcie&#8221;.<\/p>\n<p>Europejczycy prawdopodobnie wykorzystaj\u0105 szczyt G7, by przekonywa\u0107 USA do zawarcia umowy dronowej z Ukrain\u0105. Kij\u00f3w wyszed\u0142 z tym pomys\u0142em ju\u017c latem ubieg\u0142ego roku, ale administracja Trumpa nie by\u0142a zainteresowana. Prezydent nie chce, aby wygl\u0105da\u0142o to na sukces Ze\u0142enskiego, jak m\u00f3wi jeden z europejskich urz\u0119dnik\u00f3w, kt\u00f3ry prowadzi\u0142 rozmowy w Bia\u0142ym Domu.<\/p>\n<p>     <img class=\"ods-a-photo ods-a-photo--background\" src=\"https:\/\/www.europesays.com\/pl\/wp-content\/uploads\/2026\/06\/-HZk9lBaHR0cHM6Ly9vY2RuLmV1L3B1bHNjbXMvTURBXy9hMmYyMGQ2Mjk5NjM4ZDk4MmY0MjBkZWM4MWYwZDYwOC5qcGeRkwXNB.jpeg\" height=\"530\" width=\"940\" alt=\"Donald Trump i Wo\u0142odymyr Ze\u0142enski przed Bia\u0142ym Domem w pa\u017adzierniku 2025 r.\" loading=\"lazy\" fetchpriority=\"auto\" decoding=\"auto\"\/>    <\/p>\n<p>AA\/ABACA \/ PAP<\/p>\n<p>  Donald Trump i Wo\u0142odymyr Ze\u0142enski przed Bia\u0142ym Domem w pa\u017adzierniku 2025 r.  <\/p>\n<p>Jednak Kij\u00f3w znalaz\u0142 innych ch\u0119tnych do wsp\u00f3\u0142pracy. Ukrai\u0144cy podpisali szereg um\u00f3w na wsp\u00f3\u0142prac\u0119 przemys\u0142ow\u0105 z Wielk\u0105 Brytani\u0105, Niemcami i Kanad\u0105 w zakresie produkcji dron\u00f3w na skal\u0119, kt\u00f3rej ukrai\u0144ski przemys\u0142 samodzielnie nie jest w stanie osi\u0105gn\u0105\u0107.<\/p>\n<p>Grupa brytyjskich firm dostarczy Ukrainie 120 tys. dron\u00f3w jeszcze w tym roku na podstawie serii um\u00f3w zawartych w ostatnich miesi\u0105cach. Podobne porozumienie Kanada podpisa\u0142a z Ukrain\u0105 w maju \u2014 chodzi o produkcj\u0119 dron\u00f3w i wysy\u0142k\u0119 ich na front. <a href=\"https:\/\/businessinsider.com.pl\/technologie\/nowe-technologie\/1400-proc-wzrostu-wartosci-rheinmetall-dlaczego-wszystkie-armie-chca-ich-sprzetu\/fhdg5b0\" id=\"d6732130-dc0b-4213-989e-e857d355f341\" rel=\"nofollow noopener\" target=\"_blank\">Niemiecki koncern zbrojeniowy Rheinmetall<\/a> oraz europejscy producenci rakiet r\u00f3wnie\u017c podj\u0119li w tym roku wsp\u00f3\u0142prac\u0119 z ukrai\u0144skimi firmami nad programami pocisk\u00f3w i pojazd\u00f3w opancerzonych.     Europa poczyni\u0142a tak\u017ce wst\u0119pne kroki w kierunku bezpo\u015brednich kontakt\u00f3w z Rosjanami, m.in. podczas <a href=\"https:\/\/www.onet.pl\/informacje\/onetwiadomosci\/plan-panstw-e3-w-sprawie-wojny-w-ukrainie-wazne-spotkanie-w-moskwie\/mqkt8gg,79cfc278\" id=\"92b8ad54-6cb4-48ad-bb6e-b39417b4a4da\" rel=\"nofollow noopener\" target=\"_blank\">spotkania ambasador\u00f3w Wielkiej Brytanii, Niemiec i Francji<\/a> z rosyjskim przedstawicielem w Moskwie.<\/p>\n<p>Jednak w UE nie ma zgody co do otwarcia formalnego kana\u0142u negocjacyjnego z Moskw\u0105. Nadal te\u017c nie wiadomo, czy Putin by\u0142by got\u00f3w zasi\u0105\u015b\u0107 do rozm\u00f3w z europejskimi liderami.<\/p>\n<p>Szczyt G7 to dopiero pierwszy przystanek<\/p>\n<p>Ukraina naciska r\u00f3wnie\u017c na USA i sojusznik\u00f3w, by jeszcze mocniej podkr\u0119cili presj\u0119 gospodarcz\u0105 na Moskw\u0119, jednak efekty tych dzia\u0142a\u0144 \u2014 zw\u0142aszcza ze strony Waszyngtonu \u2014 s\u0105 mieszane. Unia Europejska przyj\u0119\u0142a w kwietniu 20. pakiet sankcji wobec Rosji, jednak wstrzyma\u0142a si\u0119 z kluczowym zakazem \u015bwiadczenia us\u0142ug morskich dla rosyjskich tankowc\u00f3w, licz\u0105c, \u017ce USA popr\u0105 ten pomys\u0142 podczas szczytu G7, m\u00f3wi\u0105 dwaj europejscy urz\u0119dnicy.<\/p>\n<p>Tymczasem Waszyngton obra\u0142 odwrotny kierunek. Od marca przyzna\u0142 Rosji ulgi sankcyjne i wyda\u0142 szereg 30-dniowych zwolnie\u0144 na eksport ropy, by ustabilizowa\u0107 rynki rozchwiane przez wojn\u0119 z Iranem.<\/p>\n<p>Ju\u017c samo utrzymanie zainteresowania Trumpa spraw\u0105 Ukrainy by\u0142oby korzystne dla Kijowa oraz jego sojusznik\u00f3w. Macron liczy na to, \u017ce uda mu si\u0119 zaprosi\u0107 Trumpa na prywatn\u0105 kolacj\u0119 w Wersalu, by zach\u0119ci\u0107 go do wi\u0119kszego zaanga\u017cowania w sprawy Ukrainy oraz inne wa\u017cne dla Europy kwestie. Na razie jednak Trump nie planuje si\u0119 tam pojawi\u0107.<\/p>\n<p>Evian to dopiero pierwszy przystanek w serii kluczowych, dyplomatycznych wydarze\u0144 tego lata. Polska i Ukraina ju\u017c wkr\u00f3tce po G7 wsp\u00f3lnie organizuj\u0105 w Gda\u0144sku <a href=\"https:\/\/www.onet.pl\/informacje\/onetwiadomosci\/wolodymyr-zelenski-ma-przyjechac-do-polski-sa-takie-plany\/sv2ezes,79cfc278\" id=\"d91d9495-7102-4b60-896f-3b08abdd684e\" rel=\"nofollow noopener\" target=\"_blank\">konferencj\u0119 na temat odbudowy Ukrainy<\/a>. Nast\u0119pnie odb\u0119dzie si\u0119 wa\u017cny szczyt NATO w Ankarze, na kt\u00f3rym wsparcie Ukrainy oraz wydatki obronne b\u0119d\u0105 mia\u0142y kluczowe znaczenie. Po nim Macron zwo\u0142a spotkanie tzw. Koalicji Ch\u0119tnych \u2014 pa\u0144stw, kt\u00f3re zobowi\u0105za\u0142y si\u0119 do udzielenia pomocy oraz wsparcia Ukrainie, gdy wojna si\u0119 zako\u0144czy.<\/p>\n","protected":false},"excerpt":{"rendered":"Ukrai\u0144skie drony przecinaj\u0105 rosyjskie linie zaopatrzenia, mocno nadwyr\u0119\u017caj\u0105c rosyjskie wojsko i gospodark\u0119. Si\u0142y zbrojne Ukrainy korzystaj\u0105 z wa\u017cnych&hellip;\n","protected":false},"author":2,"featured_media":494304,"comment_status":"","ping_status":"","sticky":false,"template":"","format":"standard","meta":{"footnotes":"","_share_on_mastodon":"0"},"categories":[14],"tags":[56,61195,32,33,44,144,340,96,54660,27,76,34,35,28,31,48,25,46,40,1314,41,9297,87,47,80,29,30,415,71,26,82,83,84],"class_list":["post-494303","post","type-post","status-publish","format-standard","has-post-thumbnail","category-swiat","tag-article_premium","tag-bottomfeed_styl","tag-breaking-news","tag-breakingnews","tag-donald_trump","tag-drony","tag-emmanuel_macron","tag-francja","tag-grupa_g7","tag-headlines","tag-inwazja_rosji_na_ukraine","tag-latest-news","tag-latestnews","tag-naglowki","tag-najwazniejsze-artykuly","tag-nat_styl","tag-news","tag-omp","tag-polish","tag-politico","tag-polski","tag-przemysl_zbrojeniowy","tag-rosja","tag-screening_general","tag-swiat","tag-top-stories","tag-topstories","tag-ukraina","tag-usa","tag-wiadomosci","tag-world","tag-world-news","tag-worldnews"],"share_on_mastodon":{"url":"https:\/\/pubeurope.com\/@pl\/116750915249028682","error":""},"_links":{"self":[{"href":"https:\/\/www.europesays.com\/pl\/wp-json\/wp\/v2\/posts\/494303","targetHints":{"allow":["GET"]}}],"collection":[{"href":"https:\/\/www.europesays.com\/pl\/wp-json\/wp\/v2\/posts"}],"about":[{"href":"https:\/\/www.europesays.com\/pl\/wp-json\/wp\/v2\/types\/post"}],"author":[{"embeddable":true,"href":"https:\/\/www.europesays.com\/pl\/wp-json\/wp\/v2\/users\/2"}],"replies":[{"embeddable":true,"href":"https:\/\/www.europesays.com\/pl\/wp-json\/wp\/v2\/comments?post=494303"}],"version-history":[{"count":0,"href":"https:\/\/www.europesays.com\/pl\/wp-json\/wp\/v2\/posts\/494303\/revisions"}],"wp:featuredmedia":[{"embeddable":true,"href":"https:\/\/www.europesays.com\/pl\/wp-json\/wp\/v2\/media\/494304"}],"wp:attachment":[{"href":"https:\/\/www.europesays.com\/pl\/wp-json\/wp\/v2\/media?parent=494303"}],"wp:term":[{"taxonomy":"category","embeddable":true,"href":"https:\/\/www.europesays.com\/pl\/wp-json\/wp\/v2\/categories?post=494303"},{"taxonomy":"post_tag","embeddable":true,"href":"https:\/\/www.europesays.com\/pl\/wp-json\/wp\/v2\/tags?post=494303"}],"curies":[{"name":"wp","href":"https:\/\/api.w.org\/{rel}","templated":true}]}}