{"id":494525,"date":"2026-06-15T03:19:11","date_gmt":"2026-06-15T03:19:11","guid":{"rendered":"https:\/\/www.europesays.com\/pl\/494525\/"},"modified":"2026-06-15T03:19:11","modified_gmt":"2026-06-15T03:19:11","slug":"trudne-mecze-za-reprezentacja-polski-siatkarzy-nikola-grbic-nie-gryzl-sie-w-jezyk-sport-tvp-pl","status":"publish","type":"post","link":"https:\/\/www.europesays.com\/pl\/494525\/","title":{"rendered":"Trudne mecze za reprezentacj\u0105 Polski siatkarzy. Nikola Grbi\u0107 nie gryz\u0142 si\u0119 w j\u0119zyk &#8211; sport.tvp.pl"},"content":{"rendered":"<ol>\n<li><a href=\"https:\/\/news.google.com\/rss\/articles\/CBMisAFBVV95cUxOY2ZZcExNTjFEc3dWS3ZWYUtjOVktSUZ1eS11Q0RmNUtycjh1R05Td1Z0Wkx1WXFsd2xhSlN4SUZnTVdITFlUYkRoamwwVWFheFNUc25RQ2FhVjQtWFBoaDRrSkVGeDBub2hyQlZXS3ZJMlVyUFRuUWNnODkwX0ZyNUpJLWVwSm9MOXlQZWNteXAwSlRZcDBKZVZtdXlrNU1RRXRjQ19keGdvVlhQbWZhNtIBtgFBVV95cUxOLWVQQVIyeTNRMU8xNGZqRndWVW45VHdzT3V6SFpVV2pNTk9ub2NGeTFpT3pkX0dwY2MweWw0NGFxZnhQeXRmdVdjNlVJZzNma0FNc1dhNTN2UG1NUjNRN1RSU1RkV0g1cEtERXg4ajhuRl9zdk1xVG1jVTN0V014RnFmeDE3b0tsQ3Qtb0hqdzl0dWNEdnlkaUpNcnhXRDM1d1liOUN4SEp1STlwcV9qcFlNX25BZw?oc=5\" target=\"_blank\" rel=\"nofollow noopener\">Trudne mecze za reprezentacj\u0105 Polski siatkarzy. Nikola Grbi\u0107 nie gryz\u0142 si\u0119 w j\u0119zyk<\/a>&nbsp;&nbsp;sport.tvp.pl<\/li>\n<li><a href=\"https:\/\/news.google.com\/rss\/articles\/CBMiywFBVV95cUxOeWlUdGlsN1lYQldaLXJsQnJ5NVlYenJnU2otRy1yVE9zRzdFckhZZkczcGNpYVZLaENqMVdLcDlYMGUtYXN5OEp1NlN0S3dHZ1cwejJnc3FBSW55M1BvdUpoNGZVRlBSYVFpSGJyaUdpRnVnYlN0NnpiUFp4MnJMeHhmVmVzX3RBQ2JRTlhFWklJVFlfSmN4VTFMNVM2d1Vhdy1kcmZFUDdiOXpPRDFLSnhVV0h6cW9GUTc0SHQ3MjJuXzhzMnFmbWllQQ?oc=5\" target=\"_blank\" rel=\"nofollow noopener\">Bezcenna wygrana! Ogromne konsekwencje meczu Polak\u00f3w w Lidze Narod\u00f3w<\/a>&nbsp;&nbsp;Przegl\u0105d Sportowy<\/li>\n<li><a href=\"https:\/\/news.google.com\/rss\/articles\/CBMiyAFBVV95cUxQbDN6Tkw3dUpUT2N2d3JSUTZZMjhWb3lzVExYbkRCeUJsdEVmUGpLRnduQ21xbkFMb2JJcHpnM2JGZEtaZmFVY19ibVR1OGlGMElSWmN5c2V5dHhOZUVZaU1DZi1vUWROaGtkTFRsalpIUktGMDN0MTU3M1o5T1JGblNBVU1HWFgtSWVBN213dFR0VWk4dk9PdThmdFpFNGZtcFQ1NGp5MmRjdDBfdlljUHRwUUhsNDZkVGRuakNrdThxVW45dGtHUg?oc=5\" target=\"_blank\" rel=\"nofollow noopener\">Tabela Ligi Narod\u00f3w siatkarzy po pierwszym tygodniu. Kt\u00f3re miejsce zajmuje Polska?<\/a>&nbsp;&nbsp;www.polsatsport.pl<\/li>\n<li><a href=\"https:\/\/news.google.com\/rss\/articles\/CBMilwFBVV95cUxOaDNjQm9QeF81dm5FaEtvLUpQeGhJRi1NbWh2eUFFcTA0YWE0NllYdElZRXVQVEVydFBtZVBxbHdIOGs4ZVZVdkhQREN3RlItX2h1TkdYbHJvNF8yMWRDa0J0dVNQQ1ZUZV9ZNjFIcTZpYm1DVDE2Rm51bmh6bnpicW5DSGNhQXMtN05iQ0tnN0FxZWJYd2NB?oc=5\" target=\"_blank\" rel=\"nofollow noopener\">Nier\u00f3wne wyniki Polski. Nikola Grbi\u0107 podsumowa\u0142<\/a>&nbsp;&nbsp;SportoweFakty<\/li>\n<li><a href=\"https:\/\/news.google.com\/rss\/articles\/CBMi0gFBVV95cUxPM2MwMjdta0dkaXE1NjVQM3BaU3A5Ylpxc1dLLV81NmdDYmxhMVhTX0JSZ09fN0l4WkhuS1c2MHlKRE5pNy1pX0tMWC01N21aN2lmLUJTcnBYeTFReUt5ZHdwU19IMkNYUG83STR2VktkMExjMXNYQ2xLTW5sY0tzblBOOW81cy1NYW5DR1EtNzhtX3NFSk5PVmdxZ0M5YVhzUHk5VFBxanJobGV1b2hmaDRFNWtNeldYeVZjYUgzc2ZqS0ZGM2EyYlNCeTNTUzloMnc?oc=5\" target=\"_blank\" rel=\"nofollow noopener\">Wa\u017cy\u0142y si\u0119 losy awansu Polak\u00f3w. Hit nie zawi\u00f3d\u0142, decydowa\u0142 tie-break<\/a>&nbsp;&nbsp;Interia Sport<\/li>\n<\/ol>\n","protected":false},"excerpt":{"rendered":"Trudne mecze za reprezentacj\u0105 Polski siatkarzy. Nikola Grbi\u0107 nie gryz\u0142 si\u0119 w j\u0119zyk&nbsp;&nbsp;sport.tvp.pl Bezcenna wygrana! Ogromne konsekwencje meczu&hellip;\n","protected":false},"author":2,"featured_media":494526,"comment_status":"","ping_status":"","sticky":false,"template":"","format":"standard","meta":{"footnotes":"","_share_on_mastodon":"0"},"categories":[24],"tags":[95382,3159,42,38,40,39,41,337,335,127,334,126,66125],"class_list":["post-494525","post","type-post","status-publish","format-standard","has-post-thumbnail","category-sport","tag-liga-narodw-siatkarzy","tag-nikola-grbic","tag-pl","tag-poland","tag-polish","tag-polska","tag-polski","tag-reprezentacja-polski-siatkarzy","tag-siatkwka","tag-sport","tag-sport-tvp-pl","tag-sports","tag-vnl"],"share_on_mastodon":{"url":"","error":""},"_links":{"self":[{"href":"https:\/\/www.europesays.com\/pl\/wp-json\/wp\/v2\/posts\/494525","targetHints":{"allow":["GET"]}}],"collection":[{"href":"https:\/\/www.europesays.com\/pl\/wp-json\/wp\/v2\/posts"}],"about":[{"href":"https:\/\/www.europesays.com\/pl\/wp-json\/wp\/v2\/types\/post"}],"author":[{"embeddable":true,"href":"https:\/\/www.europesays.com\/pl\/wp-json\/wp\/v2\/users\/2"}],"replies":[{"embeddable":true,"href":"https:\/\/www.europesays.com\/pl\/wp-json\/wp\/v2\/comments?post=494525"}],"version-history":[{"count":0,"href":"https:\/\/www.europesays.com\/pl\/wp-json\/wp\/v2\/posts\/494525\/revisions"}],"wp:featuredmedia":[{"embeddable":true,"href":"https:\/\/www.europesays.com\/pl\/wp-json\/wp\/v2\/media\/494526"}],"wp:attachment":[{"href":"https:\/\/www.europesays.com\/pl\/wp-json\/wp\/v2\/media?parent=494525"}],"wp:term":[{"taxonomy":"category","embeddable":true,"href":"https:\/\/www.europesays.com\/pl\/wp-json\/wp\/v2\/categories?post=494525"},{"taxonomy":"post_tag","embeddable":true,"href":"https:\/\/www.europesays.com\/pl\/wp-json\/wp\/v2\/tags?post=494525"}],"curies":[{"name":"wp","href":"https:\/\/api.w.org\/{rel}","templated":true}]}}