{"id":494535,"date":"2026-06-15T03:24:12","date_gmt":"2026-06-15T03:24:12","guid":{"rendered":"https:\/\/www.europesays.com\/pl\/494535\/"},"modified":"2026-06-15T03:24:12","modified_gmt":"2026-06-15T03:24:12","slug":"tvp-nie-bedzie-zapraszac-woycickiego-reakcja-wiceszefa-tai-na-slowa-o-upa","status":"publish","type":"post","link":"https:\/\/www.europesays.com\/pl\/494535\/","title":{"rendered":"TVP nie b\u0119dzie zaprasza\u0107 W\u00f3ycickiego. Reakcja wiceszefa TAI na s\u0142owa o UPA"},"content":{"rendered":"\n<p>&#13;<br \/>\nWiceminister nauki i\u00a0szkolnictwa wy\u017cszego Andrzej Szeptycki z\u00a0Polski 2050 oznajmi\u0142, \u017ce\u00a0UPA to\u00a0&#8222;to byli tacy troch\u0119 \u2013\u00a0ze\u00a0wszystkimi pozytywnymi i\u00a0negatywnymi konotacjami tego s\u0142owa \u2013\u00a0ukrai\u0144scy \u017bo\u0142nierze Niez\u0142omni&#8221;. &#13;\n<\/p>\n<p>&#13;<br \/>\n<a href=\"https:\/\/dorzeczy.pl\/opinie\/897967\/szeptycki-porownal-upa-do-zolnierzy-niezlomnych-morawiecki-moralny-skandal.html\" rel=\"nofollow noopener\" target=\"_blank\">S\u0142owa wiceministra<\/a> by\u0142y przedmiotem dyskusji mi\u0119dzy dr. Kazimierzem W\u00f3ycickim a\u00a0politykiem Konfederacji Micha\u0142em Niezna\u0144skim na\u00a0antenie TVP Info. &#13;\n<\/p>\n<p>&#13;<br \/>\n\u2013 Ja si\u0119 panu Micha\u0142owi bardzo dziwi\u0119 jako pos\u0142owi Konfederacji, bo\u00a0Konfederacja silnie piel\u0119gnuje pami\u0119\u0107 o\u00a0\u017bo\u0142nierzach Wykl\u0119tych. Por\u00f3wnanie \u017bo\u0142nierzy Wykl\u0119tych do\u00a0UPA no nie\u00a0ulega \u017cadnej w\u0105tpliwo\u015bci z\u00a0uwagi na\u00a0wsp\u00f3\u0142prac\u0119 po\u00a0wojnie \u2013\u00a0stwierdzi\u0142 ekspert. &#13;\n<\/p>\n<p>&#13;<br \/>\nW\u00f3ycicki powiedzia\u0142, \u017ce\u00a0m\u0142odzi ludzie &#8222;nie wiedz\u0105, co\u00a0to\u00a0jest walka, s\u0105 zideologizowani, nie\u00a0znaj\u0105 historii Ukrainy i\u00a0dlatego nie\u00a0potrafi\u0105 zrozumie\u0107 tamtej strony&#8221;. \u2013\u00a0Nie\u00a0rozumiem kogo\u015b, kto nabija\u0142 kobiety na\u00a0wid\u0142y. Tak, nie\u00a0rozumiem. Ma\u00a0pan racj\u0119 \u2013\u00a0odpowiedzia\u0142 Niezna\u0144ski. Jego s\u0142owa spotka\u0142y si\u0119 z\u00a0oburzeniem historyka, kt\u00f3ry stwierdzi\u0142: &#8222;<a href=\"https:\/\/dorzeczy.pl\/kraj\/900475\/historyk-do-polityka-konfederacji-polacy-tez-nabijali-na-widly-wlasnie-na-tym-wolyniu.html\" rel=\"nofollow noopener\" target=\"_blank\">Polacy te\u017c nabijali na\u00a0wid\u0142y<\/a>, w\u0142a\u015bnie na\u00a0tym Wo\u0142yniu&#8221;. &#13;\n<\/p>\n<p>Wiceszef TAI do\u00a0dziennikarzy: Nie\u00a0zapraszajcie W\u00f3ycickiego do\u00a0\u017cadnych program\u00f3w<\/p>\n<p>&#13;<br \/>\nNa W\u00f3ycickiego spad\u0142a lawina krytyki. W\u00a0mediach spo\u0142eczno\u015bciowych zwracano uwag\u0119, \u017ce\u00a0historyk wyst\u0105pi\u0142 jako ekspert TVP. Na\u00a0sytuacj\u0119 zareagowa\u0142a w\u00a0ko\u0144cu telewizja publiczna. &#13;\n<\/p>\n<p>&#13;<br \/>\nJak ustali\u0142 portal Wirtualne Media, wicedyrektor Telewizyjnej Agencji Informacyjnej Jan J\u00f3zefowski, kt\u00f3ry odpowiada za\u00a0TVP Info, zwr\u00f3ci\u0142 si\u0119 do\u00a0dziennikarzy i\u00a0wydawc\u00f3w, \u017ceby ju\u017c nie\u00a0zapraszali Kazimierza W\u00f3ycickiego. &#13;\n<\/p>\n<p>&#13;<br \/>\nWiceszef TAI mia\u0142 u\u017cy\u0107 s\u0142\u00f3w: &#8222;do\u00a0\u017cadnych program\u00f3w, rozm\u00f3w w\u00a0jakiejkolwiek formule&#8221;. &#13;\n<\/p>\n<p>&#13;<br \/>\n\u2013 Jego zr\u00f3wnanie AK z\u00a0UPA jest nie\u00a0tylko historycznym k\u0142amstwem i\u00a0po prostu g\u0142upot\u0105, jest tez\u0105, kt\u00f3ra budzi m\u00f3j sprzeciw, jako polskiego dziennikarza \u2013\u00a0przekaza\u0142 Jan J\u00f3zefowski. &#13;\n<\/p>\n<p>&#13;<br \/>\nCzytaj te\u017c:<br \/><a href=\"https:\/\/dorzeczy.pl\/opinie\/900928\/burza-ws-upa-wawer-o-szeptyckim-i-woycickim-tusk-ma-problem-z-banderowcami.html\" rel=\"follow nofollow noopener\" data-schema=\"DORZECZY\" data-image=\"https:\/\/img.dorzeczy.pl\/_thumb\/03\/c2\/427af2168abb3626e80f550155ee.jpeg\" target=\"_blank\">&#8222;Rz\u0105d Tuska ma\u00a0problem z\u00a0banderowcami&#8221;. Polityk bez ogr\u00f3dek<\/a>Czytaj te\u017c:<br \/><a href=\"https:\/\/dorzeczy.pl\/opinie\/900979\/szeptycki-porownal-upa-do-zolnierzy-wykletych-bochenski-zdrada-patriotyzmu.html\" rel=\"follow nofollow noopener\" data-schema=\"DORZECZY\" data-image=\"https:\/\/img.dorzeczy.pl\/_thumb\/31\/79\/1c10ccf2810537a38e4296b21b85.jpeg\" target=\"_blank\">UPA jak \u017bo\u0142nierze Wykl\u0119ci? Polityk: To\u00a0zdrada<\/a>&#13;<\/p>\n","protected":false},"excerpt":{"rendered":"&#13; Wiceminister nauki i\u00a0szkolnictwa wy\u017cszego Andrzej Szeptycki z\u00a0Polski 2050 oznajmi\u0142, \u017ce\u00a0UPA to\u00a0&#8222;to byli tacy troch\u0119 \u2013\u00a0ze\u00a0wszystkimi pozytywnymi i\u00a0negatywnymi&hellip;\n","protected":false},"author":2,"featured_media":494536,"comment_status":"","ping_status":"","sticky":false,"template":"","format":"standard","meta":{"footnotes":"","_share_on_mastodon":"0"},"categories":[12],"tags":[32,33,98,19841,36,37,27,95384,49,34,35,28,31,25,103,102,42,38,40,39,41,95383,29,30,506,11345,415,8088,26,7659,94664,10829],"class_list":["post-494535","post","type-post","status-publish","format-standard","has-post-thumbnail","category-polska","tag-breaking-news","tag-breakingnews","tag-dorzeczy","tag-ekspert","tag-featured-news","tag-featurednews","tag-headlines","tag-jan-jozefowski","tag-kraj","tag-latest-news","tag-latestnews","tag-naglowki","tag-najwazniejsze-artykuly","tag-news","tag-obserwator-mediow","tag-opinie","tag-pl","tag-poland","tag-polish","tag-polska","tag-polski","tag-tai","tag-top-stories","tag-topstories","tag-tvp","tag-tvp-info","tag-ukraina","tag-upa","tag-wiadomosci","tag-wolyn","tag-woycicki","tag-zaproszenie"],"share_on_mastodon":{"url":"https:\/\/pubeurope.com\/@pl\/116751988542052104","error":""},"_links":{"self":[{"href":"https:\/\/www.europesays.com\/pl\/wp-json\/wp\/v2\/posts\/494535","targetHints":{"allow":["GET"]}}],"collection":[{"href":"https:\/\/www.europesays.com\/pl\/wp-json\/wp\/v2\/posts"}],"about":[{"href":"https:\/\/www.europesays.com\/pl\/wp-json\/wp\/v2\/types\/post"}],"author":[{"embeddable":true,"href":"https:\/\/www.europesays.com\/pl\/wp-json\/wp\/v2\/users\/2"}],"replies":[{"embeddable":true,"href":"https:\/\/www.europesays.com\/pl\/wp-json\/wp\/v2\/comments?post=494535"}],"version-history":[{"count":0,"href":"https:\/\/www.europesays.com\/pl\/wp-json\/wp\/v2\/posts\/494535\/revisions"}],"wp:featuredmedia":[{"embeddable":true,"href":"https:\/\/www.europesays.com\/pl\/wp-json\/wp\/v2\/media\/494536"}],"wp:attachment":[{"href":"https:\/\/www.europesays.com\/pl\/wp-json\/wp\/v2\/media?parent=494535"}],"wp:term":[{"taxonomy":"category","embeddable":true,"href":"https:\/\/www.europesays.com\/pl\/wp-json\/wp\/v2\/categories?post=494535"},{"taxonomy":"post_tag","embeddable":true,"href":"https:\/\/www.europesays.com\/pl\/wp-json\/wp\/v2\/tags?post=494535"}],"curies":[{"name":"wp","href":"https:\/\/api.w.org\/{rel}","templated":true}]}}