{"id":495684,"date":"2026-06-15T16:27:49","date_gmt":"2026-06-15T16:27:49","guid":{"rendered":"https:\/\/www.europesays.com\/pl\/495684\/"},"modified":"2026-06-15T16:27:49","modified_gmt":"2026-06-15T16:27:49","slug":"wernisaz-wystawy-uniwersytet-olowkiem-zapisany","status":"publish","type":"post","link":"https:\/\/www.europesays.com\/pl\/495684\/","title":{"rendered":"Wernisa\u017c wystawy &#8222;Uniwersytet o\u0142\u00f3wkiem zapisany&#8221;"},"content":{"rendered":"\n<p>\t\t\t<a data-fancybox=\"gallery\" href=\"https:\/\/www.bialystokonline.pl\/gfx\/gfx_imprezy\/202606\/150092\/150092-max.webp\" data-caption=\"Wernisa\u017c wystawy &quot;Uniwersytet o\u0142\u00f3wkiem zapisany&quot;\" class=\"event-item-photo\" rel=\"nofollow noopener\" target=\"_blank\"><\/p>\n<p>                    <img decoding=\"async\" class=\"event-item-img\" src=\"https:\/\/www.europesays.com\/pl\/wp-content\/uploads\/2026\/06\/150092-mini1.jpg\" alt=\"Wernisa\u017c wystawy &quot;Uniwersytet o\u0142\u00f3wkiem zapisany&quot;\" title=\"Wernisa\u017c wystawy &quot;Uniwersytet o\u0142\u00f3wkiem zapisany&quot;\" width=\"300\" height=\"200\" loading=\"lazy\"\/><\/p>\n<p>            <\/a><\/p>\n<p>\n            16<br \/>\n            cze 2026\n        <\/p>\n<p>\n            Wtorek\n        <\/p>\n<p>\n            godz. 15:30\n        <\/p>\n<p>\u201eUniwersytet o\u0142\u00f3wkiem zapisany\u201d to architektura w kresce i obserwacji. Czasem wystarczy o\u0142\u00f3wek, by zatrzyma\u0107 to, co na co dzie\u0144 umyka spojrzeniu. W\u0142a\u015bnie tak\u0105 pr\u00f3b\u0119 uchwycenia przestrzeni podejmuje Emilia Sadowska w swojej wystawie \u201eUniwersytet o\u0142\u00f3wkiem zapisany\u201d, prezentuj\u0105c subtelne szkice kampusu.<\/p>\n<p>Autorka \u2013 studentka architektury na Politechnice Bia\u0142ostockiej\u00a0\u2013 koncentruje si\u0119 na obserwacji przestrzeni miejskiej i akademickiej. Jej rysunki ukazuj\u0105 kampus Uniwersytet w Bia\u0142ymstoku jako przestrze\u0144 \u017cyw\u0105, pe\u0142n\u0105 detali, rytmu i relacji mi\u0119dzy bry\u0142\u0105 budynk\u00f3w a otoczeniem. To pierwsza publiczna prezentacja jej tw\u00f3rczo\u015bci, w kt\u00f3rej wra\u017cliwo\u015b\u0107 m\u0142odej artystki spotyka si\u0119 z architektoniczn\u0105 precyzj\u0105 spojrzenia.<\/p>\n<p>Wernisa\u017c wystawy odb\u0119dzie si\u0119 we wtorek, 16 czerwca, o godzinie 15:30. <a href=\"https:\/\/www.bialystokonline.pl\/uniwersytet-olowkiem-zapisany,impreza,150091,5,1.html\" target=\"_blank\" rel=\"nofollow noopener\">Wystaw\u0119<\/a> b\u0119dzie mo\u017cna ogl\u0105da\u0107 do 29 czerwca.<\/p>\n<p>Organizator<br \/>\n&#13;<br \/>\n&#13;<br \/>\n&#13;<br \/>\n<img loading=\"lazy\" decoding=\"async\" src=\"https:\/\/www.europesays.com\/pl\/wp-content\/uploads\/2026\/06\/1781540865_857_adlog.gif\" width=\"0\" height=\"0\" alt=\"\" style=\"width: 0px; height: 0px;\"\/><\/p>\n<p class=\"hdrline hdrline-mod l-space-sm-top\">Zobacz tak\u017ce<\/p>\n<p>                <a href=\"https:\/\/www.bialystokonline.pl\/wernisaz-wystawy-poza-codziennoscia-zbigniew-zawinowski,impreza,149938,12,1.html\" title=\"Wernisa\u017c wystawy Poza codzienno\u015bci\u0105\u2026 | Zbigniew Zawinowski\" class=\"event-imga\" rel=\"nofollow noopener\" target=\"_blank\">&#13;<br \/>\n                    &#13;<br \/>\n                        &#13;<br \/>\n                        &#13;<br \/>\n                        <img decoding=\"async\" src=\"https:\/\/www.europesays.com\/pl\/wp-content\/uploads\/2026\/06\/149938-343x229.jpg\" alt=\"\" class=\"img\" width=\"343\" height=\"229\" loading=\"lazy\"\/>&#13;<br \/>\n                    &#13;<br \/>\n                <\/a><\/p>\n<p>\t\t\t\t\t\t&#13;<br \/>\n                            &#13;<br \/>\n\t\t\t\t\t\t\t&#13;<br \/>\n                            <img decoding=\"async\" class=\"event-logoi\" src=\"https:\/\/www.europesays.com\/pl\/wp-content\/uploads\/2026\/06\/23920-3014-logo-200.jpg\" width=\"80\" height=\"26.8\" alt=\"Okr\u0119gowa Izba Lekarska\" loading=\"lazy\"\/>&#13;<\/p>\n<p>\n            15<br \/>\n            cze 2026\n        <\/p>\n<p>\n            Poniedzia\u0142ek\n        <\/p>\n<p>\n            godz. 19:00\n        <\/p>\n<p>                <a href=\"https:\/\/www.bialystokonline.pl\/warsztaty-malarstwa-figurkowego,impreza,149977,12,1.html\" title=\"Warsztaty malarstwa figurkowego\" class=\"event-imga\" rel=\"nofollow noopener\" target=\"_blank\">&#13;<br \/>\n                    &#13;<br \/>\n                        &#13;<br \/>\n                        &#13;<br \/>\n                        <img decoding=\"async\" src=\"https:\/\/www.europesays.com\/pl\/wp-content\/uploads\/2026\/06\/149977-343x229.jpg\" alt=\"\" class=\"img\" width=\"343\" height=\"229\" loading=\"lazy\"\/>&#13;<br \/>\n                    &#13;<br \/>\n                <\/a><\/p>\n<p>                <a href=\"https:\/\/www.bialystokonline.pl\/archiwum-swiata-wernisaz-wystawy,impreza,149990,12,1.html\" title=\"Archiwum \u015awiata \u2013 wernisa\u017c wystawy\" class=\"event-imga\" rel=\"nofollow noopener\" target=\"_blank\">&#13;<br \/>\n                    &#13;<br \/>\n                        &#13;<br \/>\n                        &#13;<br \/>\n                        <img decoding=\"async\" src=\"https:\/\/www.europesays.com\/pl\/wp-content\/uploads\/2026\/06\/149990-343x229.jpg\" alt=\"\" class=\"img\" width=\"343\" height=\"229\" loading=\"lazy\"\/>&#13;<br \/>\n                    &#13;<br \/>\n                <\/a><\/p>\n<p>\t\t\t\t\t\t&#13;<br \/>\n                            &#13;<br \/>\n\t\t\t\t\t\t\t&#13;<br \/>\n                            <img decoding=\"async\" class=\"event-logoi\" src=\"https:\/\/www.europesays.com\/pl\/wp-content\/uploads\/2026\/05\/19721-6821-logo-200.jpg\" width=\"80\" height=\"36\" alt=\"Opera i Filharmonia Podlaska - Europejskie Centrum Sztuki w Bia\u0142ymstoku im. Stanis\u0142awa Moniuszki\" loading=\"lazy\"\/>&#13;<\/p>\n<p>\n            19<br \/>\n            cze 2026\n        <\/p>\n<p>\n            Pi\u0105tek\n        <\/p>\n<p>\n            godz. 17:30\n        <\/p>\n<p>                <a href=\"https:\/\/www.bialystokonline.pl\/xxiv-wojewodzki-przeglad-amatorskiej-tworczosci-plastycznej-pikart,impreza,149234,12,1.html\" title=\"XXIV Wojew\u00f3dzki Przegl\u0105d Amatorskiej Tw\u00f3rczo\u015bci Plastycznej - PikArt\" class=\"event-imga\" rel=\"nofollow noopener\" target=\"_blank\">&#13;<br \/>\n                    &#13;<br \/>\n                        &#13;<br \/>\n                        &#13;<br \/>\n                        <img decoding=\"async\" src=\"https:\/\/www.europesays.com\/pl\/wp-content\/uploads\/2026\/05\/149234-343x229.jpg\" alt=\"\" class=\"img\" width=\"343\" height=\"229\" loading=\"lazy\"\/>&#13;<br \/>\n                    &#13;<br \/>\n                <\/a><\/p>\n<p>                <a href=\"https:\/\/www.bialystokonline.pl\/piknik-teatralny-z-muzami,impreza,150058,12,1.html\" title=\"Piknik Teatralny z Muzami\" class=\"event-imga\" rel=\"nofollow noopener\" target=\"_blank\">&#13;<br \/>\n                    &#13;<br \/>\n                        &#13;<br \/>\n                        &#13;<br \/>\n                        <img decoding=\"async\" src=\"https:\/\/www.europesays.com\/pl\/wp-content\/uploads\/2026\/06\/150058-343x229.jpg\" alt=\"\" class=\"img\" width=\"343\" height=\"229\" loading=\"lazy\"\/>&#13;<br \/>\n                    &#13;<br \/>\n                <\/a><\/p>\n<p>\t\t\t\t\t\t&#13;<br \/>\n                            &#13;<br \/>\n\t\t\t\t\t\t\t&#13;<br \/>\n                            <img decoding=\"async\" class=\"event-logoi\" src=\"https:\/\/www.europesays.com\/pl\/wp-content\/uploads\/2026\/06\/23408-6827-logo-200.jpg\" width=\"80\" height=\"80\" alt=\"Bia\u0142ostocki Teatr Lalek\" loading=\"lazy\"\/>&#13;<\/p>\n","protected":false},"excerpt":{"rendered":"16 cze 2026 Wtorek godz. 15:30 \u201eUniwersytet o\u0142\u00f3wkiem zapisany\u201d to architektura w kresce i obserwacji. Czasem wystarczy o\u0142\u00f3wek,&hellip;\n","protected":false},"author":2,"featured_media":495685,"comment_status":"","ping_status":"","sticky":false,"template":"","format":"standard","meta":{"footnotes":"","_share_on_mastodon":"0"},"categories":[51614],"tags":[2151,51731,113,51730,3754,51738,51735,4041,1096,1089,399,17334,51736,2921,3840,51734,8736,1232,120,7116,17265,19285,42,5083,38,40,39,41,6309,1756,8815,38950,123,800,4278,1323,51737,95747,52016,2879,253],"class_list":["post-495684","post","type-post","status-publish","format-standard","has-post-thumbnail","category-bialystok","tag-bialystok","tag-bialystokonline","tag-biznes","tag-bstok","tag-dom","tag-drobne","tag-firm","tag-firmy","tag-hotele","tag-imprezy","tag-informacje","tag-katalog","tag-kina","tag-koncert","tag-lokale","tag-miejski","tag-mieszkanie","tag-motoryzacja","tag-nauka","tag-ogloszenia","tag-on-line","tag-online","tag-pl","tag-podlasie","tag-poland","tag-polish","tag-polska","tag-polski","tag-portal","tag-praca","tag-repertuar","tag-rozklad","tag-rozrywka","tag-teatr","tag-turystyka","tag-uroda","tag-urzedy","tag-wernisaz-wystawy-uniwersytet-olowkiem-zapisany-wernisaze","tag-wydarzenia-artystyczne-bialystok","tag-zakupy","tag-zdrowie"],"share_on_mastodon":{"url":"https:\/\/pubeurope.com\/@pl\/116755067892450593","error":""},"_links":{"self":[{"href":"https:\/\/www.europesays.com\/pl\/wp-json\/wp\/v2\/posts\/495684","targetHints":{"allow":["GET"]}}],"collection":[{"href":"https:\/\/www.europesays.com\/pl\/wp-json\/wp\/v2\/posts"}],"about":[{"href":"https:\/\/www.europesays.com\/pl\/wp-json\/wp\/v2\/types\/post"}],"author":[{"embeddable":true,"href":"https:\/\/www.europesays.com\/pl\/wp-json\/wp\/v2\/users\/2"}],"replies":[{"embeddable":true,"href":"https:\/\/www.europesays.com\/pl\/wp-json\/wp\/v2\/comments?post=495684"}],"version-history":[{"count":0,"href":"https:\/\/www.europesays.com\/pl\/wp-json\/wp\/v2\/posts\/495684\/revisions"}],"wp:featuredmedia":[{"embeddable":true,"href":"https:\/\/www.europesays.com\/pl\/wp-json\/wp\/v2\/media\/495685"}],"wp:attachment":[{"href":"https:\/\/www.europesays.com\/pl\/wp-json\/wp\/v2\/media?parent=495684"}],"wp:term":[{"taxonomy":"category","embeddable":true,"href":"https:\/\/www.europesays.com\/pl\/wp-json\/wp\/v2\/categories?post=495684"},{"taxonomy":"post_tag","embeddable":true,"href":"https:\/\/www.europesays.com\/pl\/wp-json\/wp\/v2\/tags?post=495684"}],"curies":[{"name":"wp","href":"https:\/\/api.w.org\/{rel}","templated":true}]}}