{"id":495831,"date":"2026-06-15T18:45:11","date_gmt":"2026-06-15T18:45:11","guid":{"rendered":"https:\/\/www.europesays.com\/pl\/495831\/"},"modified":"2026-06-15T18:45:11","modified_gmt":"2026-06-15T18:45:11","slug":"zglosili-sie-jako-pierwsi-nadal-czekaja-na-rewitalizacje-podworka-inne-wspolnoty-juz-dawno-maja-to-za-soba","status":"publish","type":"post","link":"https:\/\/www.europesays.com\/pl\/495831\/","title":{"rendered":"Zg\u0142osili si\u0119 jako pierwsi, nadal czekaj\u0105 na rewitalizacj\u0119 podw\u00f3rka. Inne wsp\u00f3lnoty ju\u017c dawno maj\u0105 to za sob\u0105"},"content":{"rendered":"<p>Mieszka\u0144cy czekaj\u0105 od 2 lat na rozpocz\u0119cie remontu ich podw\u00f3rka<\/p>\n<p>fot. Mateusz Florczyk<\/p>\n<p>Szumne zapowiedzi, uroczyste przekazanie symbolicznego czeku na 100 tys. z\u0142 i deklaracje szybkiej realizacji inwestycji. Mimo \u017ce od inauguracji programu \u201eNasze Podw\u00f3rko\u201d min\u0119\u0142y ju\u017c ponad dwa lata, mieszka\u0144cy wsp\u00f3lnoty przy ul. D\u0142ugosza 62 we Wroc\u0142awiu nadal nie doczekali si\u0119 remontu swojego podw\u00f3rka.<\/p>\n<p style=\"text-align: justify;\">To w\u0142a\u015bnie oni jako pierwsi przyst\u0105pili do miejskiej inicjatywy, kt\u00f3ra mia\u0142a umo\u017cliwi\u0107 dzier\u017caw\u0119 terenu za symboliczn\u0105 z\u0142ot\u00f3wk\u0119 i jego p\u00f3\u017aniejsze zagospodarowanie. W kwietniu 2024 roku przedstawiciele miasta zapewniali, \u017ce mieszka\u0144cy wkr\u00f3tce zyskaj\u0105 wymarzon\u0105 przestrze\u0144 do wsp\u00f3lnego sp\u0119dzania czasu. Prezydent Wroc\u0142awia, Jacek Sutryk, odwiedzi\u0142 w\u00f3wczas wsp\u00f3lnot\u0119 nawet z gotowym projektem:<\/p>\n<p style=\"text-align: justify;\">&#8211; Zdecydowali\u015bmy si\u0119 do\u0142o\u017cy\u0107 ten program Nasze Podw\u00f3rko, bo w ramach tego programu w\u0142a\u015bnie takie unikalne, bardzo klimatyczne miejsca mog\u0105 zosta\u0107 du\u017co szybciej urz\u0105dzone przez samych mieszka\u0144c\u00f3w.<\/p>\n<p>&#13;<br \/>\n\t\t\t\t\t\t\t\t\t\tAby ods\u0142ucha\u0107 za\u0142\u0105czonego d\u017awi\u0119ku zaktualizuj przegl\u0105dark\u0119 lub\/i wtyczk\u0119 Adobe Flash Player.&#13;\n\t\t\t\t\t\t\t\t\t<\/p>\n<p style=\"text-align: justify;\">\u00a0<\/p>\n<p>Od pierwszych obietnic min\u0119\u0142y ponad dwa lata<\/p>\n<p style=\"text-align: justify;\">Niestety s\u0142owo \u201eszybko\u201d w tym przypadku min\u0119\u0142o si\u0119 z celem. Podw\u00f3rko mia\u0142o zmieni\u0107 si\u0119 w uporz\u0105dkowan\u0105 przestrze\u0144 z miejscami parkingowymi, zieleni\u0105 oraz stref\u0105 wypoczynku. Jak relacjonuj\u0105 mieszka\u0144cy, mimo licznych pr\u00f3b kontaktu przez d\u0142ugi czas nie otrzymywali informacji o dalszych losach inwestycji, kt\u00f3ra do dzi\u015b nie zosta\u0142a rozpocz\u0119ta:<\/p>\n<p style=\"text-align: justify;\">&#8211;\u00a0Jest\u00a0to\u00a0\u015bmiech.<br \/>&#8211;\u00a0\u017be\u00a0tak\u00a0d\u0142ugo\u00a0to\u00a0trwa?[red.]<br \/>&#8211;\u00a0\u017be\u00a0tak\u00a0d\u0142ugo\u00a0to\u00a0trwa.<br \/>&#8211;\u00a0I\u00a0to\u00a0powinno\u00a0by\u0107\u00a0ju\u017c\u00a0dawno\u00a0zrobione.<br \/>&#8211;\u00a0I\u00a0wed\u0142ug\u00a0mnie\u00a0powinno\u00a0si\u0119\u00a0zacz\u0105\u0107\u00a0dzia\u0107\u00a0jak\u00a0najszybciej.<br \/>&#8211;\u00a0Chocia\u017c\u00a0minimalnie?[red.]<br \/>&#8211; Chocia\u017c minimalnie &#8211; nie, nie minimalnie, prosz\u0119 pana &#8211; szybko i szybko powinno by\u0107 to zrobione ju\u017c dawno.<\/p>\n<p style=\"text-align: justify;\">\n<p>&#13;<br \/>\n\t\t\t\t\t\t\t\t\t\tAby ods\u0142ucha\u0107 za\u0142\u0105czonego d\u017awi\u0119ku zaktualizuj przegl\u0105dark\u0119 lub\/i wtyczk\u0119 Adobe Flash Player.&#13;\n\t\t\t\t\t\t\t\t\t<\/p>\n<\/p>\n<p style=\"text-align: justify;\">Miasto t\u0142umaczy op\u00f3\u017anienia problemami z wy\u0142onieniem wykonawcy. Jak przekazali przedstawiciele Wroc\u0142awskich Mieszka\u0144 czyli zarz\u0105dca terenu, trzy ubieg\u0142oroczne post\u0119powania nie przynios\u0142y rozstrzygni\u0119cia \u2013 w dw\u00f3ch przypadkach nie wp\u0142yn\u0119\u0142y \u017cadne oferty, a w trzecim cena przekracza\u0142a dost\u0119pny bud\u017cet. Urz\u0119dnicy zapewniaj\u0105, \u017ce mimo ponad dwuletniego po\u015blizgu inwestycja przy ul. D\u0142ugosza 62 ma zosta\u0107 zrealizowana jeszcze w tym roku.<\/p>\n<p style=\"text-align: justify;\">Dopiero niedawno na miejscu ponownie pojawili si\u0119 przedstawiciele Wroc\u0142awskich Mieszka\u0144, kt\u00f3rzy analizuj\u0105 kwestie zwi\u0105zane z dojazdem do terenu. \u017badne prace jednak nadal nie ruszy\u0142y:<\/p>\n<p style=\"text-align: justify;\">&#8211; To niech pan zobaczy. Jest niewykoszone, jest zaro\u015bni\u0119te, jest brudno, jest po prostu nie do pomy\u015blenia, jak d\u0142ugo to jeszcze b\u0119dzie. Jest mi\u0119dzy nami bardzo du\u017co z\u0142o\u015bci, bo wy\u017cywamy si\u0119 na sobie, bo to mia\u0142o by\u0107, a ja nie chc\u0119, \u017ceby tak by\u0142o dalej &#8211;\u00a0m\u00f3wi Danuta Mruk ze wsp\u00f3lnoty.<\/p>\n<p>&#13;<br \/>\n\t\t\t\t\t\t\t\t\t\tAby ods\u0142ucha\u0107 za\u0142\u0105czonego d\u017awi\u0119ku zaktualizuj przegl\u0105dark\u0119 lub\/i wtyczk\u0119 Adobe Flash Player.&#13;\n\t\t\t\t\t\t\t\t\t<\/p>\n<p>Zg\u0142osili si\u0119 jako pierwsi, nadal czekaj\u0105 na rozpocz\u0119cie prac<\/p>\n<p style=\"text-align: justify;\">Najwi\u0119kszy paradoks tej sytuacji polega na tym, \u017ce kolejne podmioty, kt\u00f3re zg\u0142osi\u0142y si\u0119 do programu, mog\u0105 ju\u017c cieszy\u0107 si\u0119 nowymi podw\u00f3rkami, jednak nie s\u0105 one zarz\u0105dzane przez Wroc\u0142awskie Mieszkania, lecz przez Zarz\u0105d Zasobu Komunalnego we Wroc\u0142awiu. Jak wyja\u015bniaj\u0105 Wroc\u0142awskie Mieszkania, inwestycja przy ul. D\u0142ugosza 62 nie zosta\u0142a wstrzymana, a op\u00f3\u017anienia wynikaj\u0105 z trudno\u015bci w wy\u0142onieniu wykonawcy:<\/p>\n<p style=\"text-align: justify;\">&#8211; Przetargi by\u0142y og\u0142oszone trzykrotnie w ubieg\u0142ym roku, dwa post\u0119powania zosta\u0142y uniewa\u017cnione, poniewa\u017c nie wp\u0142yn\u0119\u0142y oferty, a w trzecim post\u0119powaniu ta oferta by\u0142a dro\u017csza o 30 tysi\u0119cy. Tutaj mam nadziej\u0119, \u017ce ju\u017c cierpliwo\u015b\u0107, \u017ce\u015bmy wykorzystali mieszka\u0144c\u00f3w z D\u0142ugosza 62 i to naprawd\u0119 w tym roku te prace zostan\u0105 wykonane. &#8211; m\u00f3wi Katarzyna Galewska, rzecznika prasowa sp\u00f3\u0142ki.<\/p>\n<p>&#13;<br \/>\n\t\t\t\t\t\t\t\t\t\tAby ods\u0142ucha\u0107 za\u0142\u0105czonego d\u017awi\u0119ku zaktualizuj przegl\u0105dark\u0119 lub\/i wtyczk\u0119 Adobe Flash Player.&#13;\n\t\t\t\t\t\t\t\t\t<\/p>\n<p style=\"text-align: justify;\">Mieszka\u0144cy wsp\u00f3lnoty przy ul. D\u0142ugosza 62 zostali poproszeni o zabezpieczenie dodatkowych \u015brodk\u00f3w na remont podw\u00f3rka w wysoko\u015bci 50 tys. z\u0142 z w\u0142asnych funduszy. Wroc\u0142awskie Mieszkania potwierdzaj\u0105, \u017ce je\u015bli warto\u015b\u0107 przetargu przekroczy 100 tys. z\u0142, konieczne b\u0119dzie wniesienie dodatkowego zabezpieczenia. Wsp\u00f3lnota zgodzi\u0142a si\u0119 na te warunki, aby nie przed\u0142u\u017ca\u0107 dalszego oczekiwania na realizacj\u0119 inwestycji.<\/p>\n<p style=\"text-align: justify;\">\u00a0<\/p>\n<p>Co w kolejnymi projektami? Wszystko zale\u017cy od tego, kto zarz\u0105dza<\/p>\n<p style=\"text-align: justify;\">Wed\u0142ug danych, po dw\u00f3ch latach od uruchomienia programu \u201eNasze Podw\u00f3rko\u201d, realizowanego przez podmioty zarz\u0105dzane przez Zarz\u0105d Zasobu Komunalnego we Wroc\u0142awiu, zako\u0144czono realizacj\u0119 czterech podw\u00f3rek. Dodatkowo trzy kolejne inwestycje s\u0105 obecnie na etapie procedur i uzgodnie\u0144, natomiast dwa nast\u0119pne wnioski zosta\u0142y ju\u017c z\u0142o\u017cone i s\u0105 w trakcie analizy.<\/p>\n<p style=\"text-align: justify;\">Zrealizowane inwestycje obejmuj\u0105 m.in. podw\u00f3rka przy ul. Nowodworskiej (dwa obszary), teren pomi\u0119dzy ul. Sztabow\u0105 a Sudeck\u0105 oraz rejon przy ul. Powsta\u0144c\u00f3w \u015al\u0105skich, Pretficza, Energetycznej i Zaporowskiej. W jednym z przypadk\u00f3w procedura pozostaje otwarta, poniewa\u017c wsp\u00f3lnota mieszkaniowa planuje rozszerzenie dzier\u017cawy o dodatkow\u0105 cz\u0119\u015b\u0107 terenu.<\/p>\n<p style=\"text-align: justify;\">Inaczej wygl\u0105da sytuacja w przypadku podw\u00f3rek zarz\u0105dzanych przez Wroc\u0142awskie Mieszkania. W tym obszarze wp\u0142yn\u0119\u0142o 10 wniosk\u00f3w, z czego wszystkie zako\u0144czy\u0142y si\u0119 podpisaniem um\u00f3w dzier\u017cawy. Trzy z nich, w tym dotycz\u0105cy nieruchomo\u015bci przy ul. D\u0142ugosza 62, zosta\u0142y zg\u0142oszone do dofinansowania.<\/p>\n<p style=\"text-align: justify;\">Pozosta\u0142e wnioski s\u0105 obecnie weryfikowane przez zesp\u00f3\u0142 techniczny. Na ten moment \u017cadne z tych podw\u00f3rek nie zosta\u0142o jeszcze zrealizowane, w przeciwie\u0144stwie do inwestycji prowadzonych przez Zarz\u0105d Zasobu Komunalnego.<\/p>\n<p style=\"text-align: justify;\">Problemem pozostaje tak\u017ce finansowanie. W ocenie mieszka\u0144c\u00f3w kwota 100 tys. z\u0142, kt\u00f3ra mia\u0142a pozwoli\u0107 na realizacj\u0119 istotnej cz\u0119\u015bci prac, dzi\u015b mo\u017ce okaza\u0107 si\u0119 niewystarczaj\u0105ca wobec rosn\u0105cych koszt\u00f3w i op\u00f3\u017anie\u0144.\u00a0<\/p>\n","protected":false},"excerpt":{"rendered":"Mieszka\u0144cy czekaj\u0105 od 2 lat na rozpocz\u0119cie remontu ich podw\u00f3rka fot. Mateusz Florczyk Szumne zapowiedzi, uroczyste przekazanie symbolicznego&hellip;\n","protected":false},"author":2,"featured_media":495832,"comment_status":"","ping_status":"","sticky":false,"template":"","format":"standard","meta":{"footnotes":"","_share_on_mastodon":"0"},"categories":[51607],"tags":[53196,95824,95827,6123,52664,194,34720,86862,95823,42,57926,38,40,39,41,95825,44412,95828,43260,1853,95826,56290,95822],"class_list":["post-495831","post","type-post","status-publish","format-standard","has-post-thumbnail","category-wroclaw","tag-jako","tag-czekaja","tag-dawno","tag-inne","tag-juz","tag-maja","tag-na","tag-nadal","tag-pierwsi","tag-pl","tag-podworka","tag-poland","tag-polish","tag-polska","tag-polski","tag-rewitalizacje","tag-sie","tag-soba","tag-to","tag-wroclaw","tag-wspolnoty","tag-za","tag-zglosili"],"share_on_mastodon":{"url":"https:\/\/pubeurope.com\/@pl\/116755610283383064","error":""},"_links":{"self":[{"href":"https:\/\/www.europesays.com\/pl\/wp-json\/wp\/v2\/posts\/495831","targetHints":{"allow":["GET"]}}],"collection":[{"href":"https:\/\/www.europesays.com\/pl\/wp-json\/wp\/v2\/posts"}],"about":[{"href":"https:\/\/www.europesays.com\/pl\/wp-json\/wp\/v2\/types\/post"}],"author":[{"embeddable":true,"href":"https:\/\/www.europesays.com\/pl\/wp-json\/wp\/v2\/users\/2"}],"replies":[{"embeddable":true,"href":"https:\/\/www.europesays.com\/pl\/wp-json\/wp\/v2\/comments?post=495831"}],"version-history":[{"count":0,"href":"https:\/\/www.europesays.com\/pl\/wp-json\/wp\/v2\/posts\/495831\/revisions"}],"wp:featuredmedia":[{"embeddable":true,"href":"https:\/\/www.europesays.com\/pl\/wp-json\/wp\/v2\/media\/495832"}],"wp:attachment":[{"href":"https:\/\/www.europesays.com\/pl\/wp-json\/wp\/v2\/media?parent=495831"}],"wp:term":[{"taxonomy":"category","embeddable":true,"href":"https:\/\/www.europesays.com\/pl\/wp-json\/wp\/v2\/categories?post=495831"},{"taxonomy":"post_tag","embeddable":true,"href":"https:\/\/www.europesays.com\/pl\/wp-json\/wp\/v2\/tags?post=495831"}],"curies":[{"name":"wp","href":"https:\/\/api.w.org\/{rel}","templated":true}]}}