{"id":496190,"date":"2026-06-15T22:42:08","date_gmt":"2026-06-15T22:42:08","guid":{"rendered":"https:\/\/www.europesays.com\/pl\/496190\/"},"modified":"2026-06-15T22:42:08","modified_gmt":"2026-06-15T22:42:08","slug":"to-z-nim-karol-nawrocki-polecial-do-donalda-trumpa-ujawnil-o-czym-rozmawiali","status":"publish","type":"post","link":"https:\/\/www.europesays.com\/pl\/496190\/","title":{"rendered":"To z nim Karol Nawrocki polecia\u0142 do Donalda Trumpa. Ujawni\u0142, o czym rozmawiali"},"content":{"rendered":"<p>UFC Freedom 250 to specjalna gala przygotowana z okazji 250-lecia USA. Odby\u0142a si\u0119 14 czerwca, czyli w dniu 80. urodzin Donalda Trumpa, co oczywi\u015bcie nie jest przypadkowe. Oktagon stan\u0105\u0142 na po\u0142udniowym trawniku Bia\u0142ego Domu w Waszyngtonie.<\/p>\n<p> Dalszy ci\u0105g artyku\u0142u pod materia\u0142em wideo <\/p>\n<p>Lista zaproszonych go\u015bci by\u0142a d\u0142uga. W\u015br\u00f3d nich znalaz\u0142 si\u0119 prezydent, o czym wcze\u015bniej informowa\u0142a jego kancelaria. &#8222;Prezydent Karol Nawrocki udaje si\u0119 z wizyt\u0105 do Waszyngtonu. W niedziel\u0119, 14 czerwca, na zaproszenie obchodz\u0105cego w tym dniu urodziny prezydenta Donalda Trumpa, we\u017amie udzia\u0142 w organizowanej w Bia\u0142ym Domu gali UFC Freedom 250&#8221; \u2014 przekaza\u0142 szef prezydenckiego Biura Polityki Mi\u0119dzynarodowej Marcin Przydacz.<\/p>\n<p>     Karol Nawrocki i Jan B\u0142achowicz polecieli na UFC Freedom 250<\/p>\n<p>Jak si\u0119 okaza\u0142o, wraz z g\u0142ow\u0105 pa\u0144stwa do Stan\u00f3w Zjednoczonych uda\u0142 si\u0119 te\u017c B\u0142achowicz. &#8222;Kiedy w podstaw\u00f3wce uczy\u0142em si\u0119 o Ko\u015bciuszce i Pu\u0142askim, w naj\u015bmielszych marzeniach nie przypuszcza\u0142em, \u017ce b\u0119d\u0119 cz\u0119\u015bci\u0105 obchod\u00f3w 250-lecia niepodleg\u0142o\u015bci USA&#8221; \u2014 napisa\u0142.<\/p>\n<p>&#8222;Gala UFC w Bia\u0142ym Domu to wydarzenie bez precedensu. Ciesz\u0119 si\u0119, \u017ce mog\u0119 ci\u0105gle pisa\u0107 histori\u0119 organizacji \u2014 najpierw jako jej mistrz, dzisiaj jako widz oraz czynny zawodnik. Takich zaprosze\u0144 si\u0119 nie odmawia. Jak b\u0119d\u0119 mia\u0142 93 lata, mam nadziej\u0119, \u017ce zaprosz\u0105 mnie na 300. rocznic\u0119. Na wszelki wypadek ju\u017c zapisa\u0142em w kalendarzu. Kierunek: Waszyngton&#8221; \u2014 podsumowa\u0142 zawodnik MMA, a do swojego posta do\u0142\u0105czy\u0142 zdj\u0119cie z Nawrockim. W tle znalaz\u0142 si\u0119 natomiast samolot w bia\u0142o-czerwonych barwach.<\/p>\n<p>Teraz, w rozmowie z Interi\u0105, B\u0142achowicz ujawni\u0142 kulisy wsp\u00f3lnej wyprawy z prezydentem.<\/p>\n<p>&#8222;Oczywi\u015bcie, mieli\u015bmy okazj\u0119 porozmawia\u0107 w samolocie, na samej gali czy og\u00f3lnie podczas r\u00f3\u017cnych aktywno\u015bci. Przez trzy dni przecinali\u015bmy si\u0119 podczas r\u00f3\u017cnych aktywno\u015bci, na przyk\u0142ad byli\u015bmy razem w ko\u015bciele na spotkaniu z Poloni\u0105&#8221; \u2014 przyzna\u0142 polski zawodnik.<\/p>\n<p>&#8222;Podczas samej gali UFC, kt\u00f3ra by\u0142a ukoronowaniem tej wyprawy, opowiada\u0142em prezydentowi, kto, za co jest w tej organizacji odpowiedzialny, a mnie prezydent instruowa\u0142, kto politycznie, za jakie sprawy odpowiada. Wymieniali\u015bmy swoje do\u015bwiadczenia&#8221; \u2014 doda\u0142.<\/p>\n","protected":false},"excerpt":{"rendered":"UFC Freedom 250 to specjalna gala przygotowana z okazji 250-lecia USA. Odby\u0142a si\u0119 14 czerwca, czyli w dniu&hellip;\n","protected":false},"author":2,"featured_media":496191,"comment_status":"","ping_status":"","sticky":false,"template":"","format":"standard","meta":{"footnotes":"","_share_on_mastodon":"0"},"categories":[62712],"tags":[61195,44,28961,690,43,1255,48,46,47,4848,130],"class_list":["post-496190","post","type-post","status-publish","format-standard","has-post-thumbnail","category-karol-nawrocki","tag-bottomfeed_styl","tag-donald_trump","tag-jan_blachowicz","tag-karol-nawrocki","tag-karol_nawrocki","tag-mma","tag-nat_styl","tag-omp","tag-screening_general","tag-ufc","tag-wiadomosci_sportowe"],"share_on_mastodon":{"url":"https:\/\/pubeurope.com\/@pl\/116756541891296287","error":""},"_links":{"self":[{"href":"https:\/\/www.europesays.com\/pl\/wp-json\/wp\/v2\/posts\/496190","targetHints":{"allow":["GET"]}}],"collection":[{"href":"https:\/\/www.europesays.com\/pl\/wp-json\/wp\/v2\/posts"}],"about":[{"href":"https:\/\/www.europesays.com\/pl\/wp-json\/wp\/v2\/types\/post"}],"author":[{"embeddable":true,"href":"https:\/\/www.europesays.com\/pl\/wp-json\/wp\/v2\/users\/2"}],"replies":[{"embeddable":true,"href":"https:\/\/www.europesays.com\/pl\/wp-json\/wp\/v2\/comments?post=496190"}],"version-history":[{"count":0,"href":"https:\/\/www.europesays.com\/pl\/wp-json\/wp\/v2\/posts\/496190\/revisions"}],"wp:featuredmedia":[{"embeddable":true,"href":"https:\/\/www.europesays.com\/pl\/wp-json\/wp\/v2\/media\/496191"}],"wp:attachment":[{"href":"https:\/\/www.europesays.com\/pl\/wp-json\/wp\/v2\/media?parent=496190"}],"wp:term":[{"taxonomy":"category","embeddable":true,"href":"https:\/\/www.europesays.com\/pl\/wp-json\/wp\/v2\/categories?post=496190"},{"taxonomy":"post_tag","embeddable":true,"href":"https:\/\/www.europesays.com\/pl\/wp-json\/wp\/v2\/tags?post=496190"}],"curies":[{"name":"wp","href":"https:\/\/api.w.org\/{rel}","templated":true}]}}