{"id":496632,"date":"2026-06-16T04:25:11","date_gmt":"2026-06-16T04:25:11","guid":{"rendered":"https:\/\/www.europesays.com\/pl\/496632\/"},"modified":"2026-06-16T04:25:11","modified_gmt":"2026-06-16T04:25:11","slug":"radoslaw-piesiewicz-pominal-kacpra-tomasiaka-jest-reakcja-ojca-skoczka","status":"publish","type":"post","link":"https:\/\/www.europesays.com\/pl\/496632\/","title":{"rendered":"Rados\u0142aw Piesiewicz pomin\u0105\u0142 Kacpra Tomasiaka. Jest reakcja ojca skoczka"},"content":{"rendered":"<p>&#8222;Dzi\u015b dzi\u0119ki prywatnym sponsorom wyp\u0142acili\u015bmy wszystkie zaleg\u0142e nagrody dla medalist\u00f3w olimpijskich. Dzi\u0119kuj\u0119 za zrozumienie W\u0142adkowi, Paw\u0142owi W\u0105skowi i dw\u00f3m trenerom&#8221; \u2014 mia\u0142 powiedzie\u0107 Rados\u0142aw Piesiewicz, kt\u00f3rego na platformie X cytowa\u0142 Mateusz Lig\u0119za z Radia ZET. Dziennikarz zauwa\u017cy\u0142, \u017ce zabrak\u0142o podzi\u0119kowa\u0144 dla Kacpra Tomasiaka, kt\u00f3ry z W\u0142och do Polski wr\u00f3ci\u0142 z trzema medalami olimpijskimi.<\/p>\n<p> Dalszy ci\u0105g artyku\u0142u pod materia\u0142em wideo  Ojciec Kacpra Tomasiaka jasno o zachowaniu Rados\u0142awa Piesiewicz<\/p>\n<p>Rados\u0142aw Piesiewicz w ten spos\u00f3b zapewne chcia\u0142 wbi\u0107 szpil\u0119 skoczkowi narciarskiemu, kt\u00f3rego otoczenie zapowiada\u0142o z\u0142o\u017cenie pozwu zbiorowego, w celu otrzymania obiecanej skoczkowi nagrody.<\/p>\n<p>Wojciech Tomasiak w rozmowie z Interi\u0105 potwierdzi\u0142, \u017ce pieni\u0105dze dotar\u0142y tak\u017ce na konto jego syna. &#8222;Mog\u0119 potwierdzi\u0107, \u017ce pieni\u0105dze z nagrody dotar\u0142y na nasze konto. Szkoda tylko tych nerw\u00f3w. Dwa miesi\u0105ce przygotowa\u0144 do sezonu up\u0142yn\u0119\u0142o nam w takiej atmosferze. Najgorszy by\u0142 bowiem ten brak informacji. Wiadomo, jak jest w \u017cyciu i my to rozumiemy, ale to, \u017ce nic nie wiedzieli\u015bmy i nikt si\u0119 nie kontaktowa\u0142, by\u0142o najgorsze&#8221; \u2014 powiedzia\u0142 Wojciech Tomasiak cytowany przez Interi\u0119.<\/p>\n<p>&#8222;My si\u0119 z tego \u015bmiejemy i nie b\u0119dziemy tego komentowa\u0107&#8221; \u2014 my si\u0119 z tego \u015bmiejemy&#8221; \u2014 doda\u0142 m\u0119\u017cczyzna, odnosz\u0105c si\u0119 do wypowiedzi Rados\u0142awa Piesiewicza.<\/p>\n","protected":false},"excerpt":{"rendered":"&#8222;Dzi\u015b dzi\u0119ki prywatnym sponsorom wyp\u0142acili\u015bmy wszystkie zaleg\u0142e nagrody dla medalist\u00f3w olimpijskich. Dzi\u0119kuj\u0119 za zrozumienie W\u0142adkowi, Paw\u0142owi W\u0105skowi i&hellip;\n","protected":false},"author":2,"featured_media":496633,"comment_status":"","ping_status":"","sticky":false,"template":"","format":"standard","meta":{"footnotes":"","_share_on_mastodon":"0"},"categories":[5],"tags":[61195,32,33,36,37,27,15023,34,35,28,31,48,25,129,46,15347,42,38,40,39,41,15346,47,29,30,26,130],"class_list":["post-496632","post","type-post","status-publish","format-standard","has-post-thumbnail","category-naglowki","tag-bottomfeed_styl","tag-breaking-news","tag-breakingnews","tag-featured-news","tag-featurednews","tag-headlines","tag-kacper_tomasiak","tag-latest-news","tag-latestnews","tag-naglowki","tag-najwazniejsze-artykuly","tag-nat_styl","tag-news","tag-ofsajd","tag-omp","tag-pkol","tag-pl","tag-poland","tag-polish","tag-polska","tag-polski","tag-radoslaw_piesiewicz","tag-screening_general","tag-top-stories","tag-topstories","tag-wiadomosci","tag-wiadomosci_sportowe"],"share_on_mastodon":{"url":"","error":""},"_links":{"self":[{"href":"https:\/\/www.europesays.com\/pl\/wp-json\/wp\/v2\/posts\/496632","targetHints":{"allow":["GET"]}}],"collection":[{"href":"https:\/\/www.europesays.com\/pl\/wp-json\/wp\/v2\/posts"}],"about":[{"href":"https:\/\/www.europesays.com\/pl\/wp-json\/wp\/v2\/types\/post"}],"author":[{"embeddable":true,"href":"https:\/\/www.europesays.com\/pl\/wp-json\/wp\/v2\/users\/2"}],"replies":[{"embeddable":true,"href":"https:\/\/www.europesays.com\/pl\/wp-json\/wp\/v2\/comments?post=496632"}],"version-history":[{"count":0,"href":"https:\/\/www.europesays.com\/pl\/wp-json\/wp\/v2\/posts\/496632\/revisions"}],"wp:featuredmedia":[{"embeddable":true,"href":"https:\/\/www.europesays.com\/pl\/wp-json\/wp\/v2\/media\/496633"}],"wp:attachment":[{"href":"https:\/\/www.europesays.com\/pl\/wp-json\/wp\/v2\/media?parent=496632"}],"wp:term":[{"taxonomy":"category","embeddable":true,"href":"https:\/\/www.europesays.com\/pl\/wp-json\/wp\/v2\/categories?post=496632"},{"taxonomy":"post_tag","embeddable":true,"href":"https:\/\/www.europesays.com\/pl\/wp-json\/wp\/v2\/tags?post=496632"}],"curies":[{"name":"wp","href":"https:\/\/api.w.org\/{rel}","templated":true}]}}