{"id":496662,"date":"2026-06-16T04:48:12","date_gmt":"2026-06-16T04:48:12","guid":{"rendered":"https:\/\/www.europesays.com\/pl\/496662\/"},"modified":"2026-06-16T04:48:12","modified_gmt":"2026-06-16T04:48:12","slug":"brooklyn-beckham-osmiesza-swoja-rodzine-atakuje-ja-w-reklamie","status":"publish","type":"post","link":"https:\/\/www.europesays.com\/pl\/496662\/","title":{"rendered":"Brooklyn Beckham o\u015bmiesza swoj\u0105 rodzin\u0119. Atakuje j\u0105 w reklamie"},"content":{"rendered":"<p>Gdy mistrzostwa \u015bwiata w pi\u0142ce no\u017cnej nabieraj\u0105 rozp\u0119du, najstarszy syn Davida Beckhama, kt\u00f3ry jest w konflikcie z bliskimi od kilku miesi\u0119cy, publikuje w swoich mediach spo\u0142eczno\u015bciowych reklam\u0119 marki DoorDash, w kt\u00f3rej gra g\u0142\u00f3wn\u0105 rol\u0119.<\/p>\n<p> Dalszy ci\u0105g artyku\u0142u pod materia\u0142em wideo  Szokuj\u0105cy ruch Brooklyna Beckhama. Burza w sieci<\/p>\n<p>We wspomnianym spocie, na stoliku kawowym obok fotela, na kt\u00f3rym siedzi syn legendy pi\u0142ki no\u017cnej, le\u017c\u0105 jego nowy zegarek, czym da\u0142 do zrozumienia, \u017ce pozby\u0142 si\u0119 podarowanego mu przez ojca Patek Philippe Nautilus wartego 250 tys. z\u0142, a tak\u017ce listy nawi\u0105zuj\u0105ce do ostatniej wizyty siostry pocz\u0105tkuj\u0105cego szefa kuchni w jego domu. Na koniec spotu pojawia si\u0119 napis: &#8222;To skomplikowane. Wi\u0119cej wkr\u00f3tce&#8221;, co sugeruje, \u017ce potomek by\u0142ego reprezentanta Anglii wkr\u00f3tce opublikuje kolejny film, w kt\u00f3rym zapewne rozwinie swoj\u0105 histori\u0119.<\/p>\n<p>Obserwatorom 27-latka nie spodoba\u0142 si\u0119 jego przekaz. W sieci pojawi\u0142o si\u0119 mn\u00f3stwo negatywnych g\u0142os\u00f3w dotycz\u0105cych tego, co zrobi\u0142 syn legendy. &#8222;Wiedzia\u0142e\u015b, co robisz, puszczaj\u0105c t\u0119 reklam\u0119?&#8221;, &#8222;Rozpaczliwe. To jest tak niepokoj\u0105ce, \u017ce a\u017c trzyma w napi\u0119ciu&#8221;, &#8222;Twoja \u017cona zap\u0142aci\u0142a ci, \u017ceby\u015b siedzia\u0142 w domu?&#8221;, &#8222;Kiedy musisz zdradza\u0107 swoj\u0105 rodzin\u0119, by by\u0107 na topie&#8221;, &#8222;Siedzisz w domu, bo nie pracujesz&#8221; \u2014 pisz\u0105 w komentarzach internauci.<\/p>\n","protected":false},"excerpt":{"rendered":"Gdy mistrzostwa \u015bwiata w pi\u0142ce no\u017cnej nabieraj\u0105 rozp\u0119du, najstarszy syn Davida Beckhama, kt\u00f3ry jest w konflikcie z bliskimi&hellip;\n","protected":false},"author":2,"featured_media":496663,"comment_status":"","ping_status":"","sticky":false,"template":"","format":"standard","meta":{"footnotes":"","_share_on_mastodon":"0"},"categories":[22],"tags":[61195,9693,9400,122,11781,48,129,46,948,42,38,40,39,41,123,47,130],"class_list":["post-496662","post","type-post","status-publish","format-standard","has-post-thumbnail","category-rozrywka","tag-bottomfeed_styl","tag-brooklyn_beckham","tag-david_beckham","tag-entertainment","tag-mundial_2026","tag-nat_styl","tag-ofsajd","tag-omp","tag-pilka_nozna","tag-pl","tag-poland","tag-polish","tag-polska","tag-polski","tag-rozrywka","tag-screening_general","tag-wiadomosci_sportowe"],"share_on_mastodon":{"url":"","error":""},"_links":{"self":[{"href":"https:\/\/www.europesays.com\/pl\/wp-json\/wp\/v2\/posts\/496662","targetHints":{"allow":["GET"]}}],"collection":[{"href":"https:\/\/www.europesays.com\/pl\/wp-json\/wp\/v2\/posts"}],"about":[{"href":"https:\/\/www.europesays.com\/pl\/wp-json\/wp\/v2\/types\/post"}],"author":[{"embeddable":true,"href":"https:\/\/www.europesays.com\/pl\/wp-json\/wp\/v2\/users\/2"}],"replies":[{"embeddable":true,"href":"https:\/\/www.europesays.com\/pl\/wp-json\/wp\/v2\/comments?post=496662"}],"version-history":[{"count":0,"href":"https:\/\/www.europesays.com\/pl\/wp-json\/wp\/v2\/posts\/496662\/revisions"}],"wp:featuredmedia":[{"embeddable":true,"href":"https:\/\/www.europesays.com\/pl\/wp-json\/wp\/v2\/media\/496663"}],"wp:attachment":[{"href":"https:\/\/www.europesays.com\/pl\/wp-json\/wp\/v2\/media?parent=496662"}],"wp:term":[{"taxonomy":"category","embeddable":true,"href":"https:\/\/www.europesays.com\/pl\/wp-json\/wp\/v2\/categories?post=496662"},{"taxonomy":"post_tag","embeddable":true,"href":"https:\/\/www.europesays.com\/pl\/wp-json\/wp\/v2\/tags?post=496662"}],"curies":[{"name":"wp","href":"https:\/\/api.w.org\/{rel}","templated":true}]}}