{"id":496685,"date":"2026-06-16T05:07:28","date_gmt":"2026-06-16T05:07:28","guid":{"rendered":"https:\/\/www.europesays.com\/pl\/496685\/"},"modified":"2026-06-16T05:07:28","modified_gmt":"2026-06-16T05:07:28","slug":"volkswagen-poznan-wyplacil-podwojne-pensje-premia-takze-za-rok","status":"publish","type":"post","link":"https:\/\/www.europesays.com\/pl\/496685\/","title":{"rendered":"Volkswagen Pozna\u0144 wyp\u0142aci\u0142 podw\u00f3jne pensje. Premia tak\u017ce za rok"},"content":{"rendered":"<p>Podw\u00f3jna pensja to \u015bwiadczenie wakacyjne w wysoko\u015bci 100 proc. wynagrodzenia zasadniczego. Jest wyp\u0142acane przed wakacjami ka\u017cdemu pracownikowi Volkswagen Pozna\u0144 \u2014 rok temu, teraz i na pewno za rok. Bonus wakacyjny to jeden z benefit\u00f3w dost\u0119pnych dla pracownik\u00f3w tej firmy.<\/p>\n<p><a href=\"https:\/\/www.auto-swiat.pl\/wiadomosci\/aktualnosci\/volkswagen-znow-zapowiada-ciecia-chodzi-o-produkcje-o-rekordach-moze-zapomniec\/mg4w93r\" id=\"e61b24de-3c60-43be-a031-12a6012f75da\" rel=\"nofollow noopener\" target=\"_blank\">Volkswagen tnie produkcj\u0119 i szuka oszcz\u0119dno\u015bci. Kryzys ca\u0142y czas mocno daje si\u0119 we znaki<\/a>Porozumienie p\u0142acowe w Volkswagen Pozna\u0144 na lata 2025-2027<\/p>\n<p>Wraz z wyp\u0142at\u0105 bonusu wakacyjnego wzros\u0142a tak\u017ce warto\u015b\u0107 sk\u0142adki podstawowej odprowadzanej przez pracodawc\u0119 do Pracowniczego Programu Emerytalnego. Pracownicy mog\u0105 te\u017c liczy\u0107 na bonus \u015bwi\u0105teczny w wysoko\u015bci 70 proc. pensji zasadniczej, a tak\u017ce premie roczne i kwartalne.<\/p>\n<p>          <img class=\"ods-a-photo ods-a-photo--background\" src=\"https:\/\/www.europesays.com\/pl\/wp-content\/uploads\/2026\/06\/VNck9lBaHR0cHM6Ly9vY2RuLmV1L3B1bHNjbXMvTURBXy82MWE5ZTEwZmY1MzczNjE1MjRlOGM0NDk3N2I0NDFlZS5qcGeRkwXNB.jpeg\" height=\"530\" width=\"940\" alt=\"Volkswagen Pozna\u0144\" loading=\"lazy\" fetchpriority=\"auto\" decoding=\"auto\"\/>    <\/p>\n<p>Volkswagen<\/p>\n<p>  Volkswagen Pozna\u0144  <\/p>\n<p>\u2014 Dla cz\u0142onk\u00f3w naszej za\u0142ogi ta dodatkowa pensja jest bardzo wa\u017cna, zw\u0142aszcza w kontek\u015bcie zbli\u017caj\u0105cych si\u0119 wakacji \u2014 podkre\u015bla Piotr Olbry\u015b, przewodnicz\u0105cy OM NSZZ Solidarno\u015b\u0107 Volkswagen Pozna\u0144. Przypomina, \u017ce od pocz\u0105tku roku wynagrodzenia wzros\u0142y o 4,5 proc., a w styczniu pracownicy otrzymali dodatkowy bonus w wysoko\u015bci 3 tys. z\u0142 brutto. &#8222;Dzi\u0119ki porozumieniu mi\u0119dzy zarz\u0105dem a partnerem spo\u0142ecznym pracownicy maj\u0105 pewno\u015b\u0107, \u017ce podw\u00f3jna pensja trafi na ich konta tak\u017ce 10 czerwca przysz\u0142ego roku. Uzgodnienia dotycz\u0105ce wynagrodze\u0144, \u015bwiadcze\u0144 oraz strategii zatrudnienia obowi\u0105zuj\u0105 do ko\u0144ca 2027 roku&#8221; \u2014 dodaje Olbry\u015b.<\/p>\n<p>     Jakie samochody Volkswagen produkuje w Polsce?<\/p>\n<p>Volkswagen Pozna\u0144 to dwa zak\u0142ady produkcyjne: w Poznaniu powstaje model Caddy, a we Wrze\u015bni \u2014 najwi\u0119kszy dostawczak Crafter oraz bli\u017aniaczy MAN TGE. To jedyne miejsca produkcji tych modeli samochod\u00f3w dostawczych, kt\u00f3re trafiaj\u0105 na rynki praktycznie ca\u0142ego \u015bwiata \u2014 mo\u017cna je spotka\u0107 r\u00f3wnie\u017c na drogach w Azji, Australii czy Afryce.<\/p>\n<p>      Dalszy ci\u0105g artyku\u0142u pod materia\u0142em wideo <\/p>\n<p>W 2025 r. w zak\u0142adach Volkswagena w Polsce wyprodukowano ponad 236 tys. pojazd\u00f3w \u2014 o 13 proc. mniej ni\u017c w rekordowym 2024. Najwi\u0119kszy udzia\u0142 mia\u0142 Caddy (103 tys. sztuk), z czego 3 463 egzemplarze trafi\u0142y do polskich klient\u00f3w. Kolejne miejsca zaj\u0119\u0142y Crafter (70 tys. sztuk) i MAN TGE (ponad 31 tys. sztuk).<\/p>\n<p> <a href=\"https:\/\/www.auto-swiat.pl\/wiadomosci\/aktualnosci\/czy-toyota-produkuje-w-polsce-jestesmy-centrum-napedow-hybrydowych-i-nie-tylko\/0s9db17\" id=\"5214215c-87fe-4309-81ff-e72c41549413\" rel=\"nofollow noopener\" target=\"_blank\">Jeste\u015bmy centrum nap\u0119d\u00f3w hybrydowych Toyoty. &#8222;Wybrali\u015bmy Polsk\u0119 \u015bwiadomie&#8221;<\/a><\/p>\n<p>Opr\u00f3cz monta\u017cu samochod\u00f3w Volkswagen posiada w Poznaniu odlewni\u0119, gdzie produkowane s\u0105 m.in. g\u0142owice cylindrowe, obudowy przek\u0142adni oraz elementy do silnik\u00f3w elektrycznych. A\u017c 70 proc. cz\u0119\u015bci u\u017cywanych w produkcji pochodzi od polskich dostawc\u00f3w \u2014 w sumie od 106. W kraju powstaj\u0105 m.in. elementy karoserii, silnik\u00f3w, fotele czy lampy.<\/p>\n<p>W sumie na terenie naszego kraju dzia\u0142a obecnie 19 sp\u00f3\u0142ek nale\u017c\u0105cych do koncernu: sze\u015b\u0107 produkcyjnych (w tym silnik\u00f3w w Polkowicach), cztery zwi\u0105zane ze sprzeda\u017c\u0105 oraz dziewi\u0119\u0107 us\u0142ugowych. Ponadto Volkswagen tworzy dwie sp\u00f3\u0142ki typu joint venture. W sumie to a\u017c 21 podmiot\u00f3w, kt\u00f3re zatrudniaj\u0105 \u0142\u0105cznie 22 tys. os\u00f3b. Najwi\u0119kszym pracodawc\u0105 w ramach Grupy jest w\u0142a\u015bnie Volkswagen Pozna\u0144, gdzie pracuje oko\u0142o 9 tys. os\u00f3b.<\/p>\n","protected":false},"excerpt":{"rendered":"Podw\u00f3jna pensja to \u015bwiadczenie wakacyjne w wysoko\u015bci 100 proc. wynagrodzenia zasadniczego. Jest wyp\u0142acane przed wakacjami ka\u017cdemu pracownikowi Volkswagen&hellip;\n","protected":false},"author":2,"featured_media":496686,"comment_status":"","ping_status":"","sticky":false,"template":"","format":"standard","meta":{"footnotes":"","_share_on_mastodon":"0"},"categories":[51609],"tags":[210,61195,96020,48,46,42,38,40,39,41,1817,2677,96019,47,3079,17635,25618,26],"class_list":["post-496685","post","type-post","status-publish","format-standard","has-post-thumbnail","category-poznan","tag-aktualnosci","tag-bottomfeed_styl","tag-caddy","tag-nat_styl","tag-omp","tag-pl","tag-poland","tag-polish","tag-polska","tag-polski","tag-poznan","tag-pracownicy","tag-produkcja_w_polsce","tag-screening_general","tag-volkswagen","tag-volkswagen_group","tag-vw_crafter","tag-wiadomosci"],"share_on_mastodon":{"url":"https:\/\/pubeurope.com\/@pl\/116758056425817849","error":""},"_links":{"self":[{"href":"https:\/\/www.europesays.com\/pl\/wp-json\/wp\/v2\/posts\/496685","targetHints":{"allow":["GET"]}}],"collection":[{"href":"https:\/\/www.europesays.com\/pl\/wp-json\/wp\/v2\/posts"}],"about":[{"href":"https:\/\/www.europesays.com\/pl\/wp-json\/wp\/v2\/types\/post"}],"author":[{"embeddable":true,"href":"https:\/\/www.europesays.com\/pl\/wp-json\/wp\/v2\/users\/2"}],"replies":[{"embeddable":true,"href":"https:\/\/www.europesays.com\/pl\/wp-json\/wp\/v2\/comments?post=496685"}],"version-history":[{"count":0,"href":"https:\/\/www.europesays.com\/pl\/wp-json\/wp\/v2\/posts\/496685\/revisions"}],"wp:featuredmedia":[{"embeddable":true,"href":"https:\/\/www.europesays.com\/pl\/wp-json\/wp\/v2\/media\/496686"}],"wp:attachment":[{"href":"https:\/\/www.europesays.com\/pl\/wp-json\/wp\/v2\/media?parent=496685"}],"wp:term":[{"taxonomy":"category","embeddable":true,"href":"https:\/\/www.europesays.com\/pl\/wp-json\/wp\/v2\/categories?post=496685"},{"taxonomy":"post_tag","embeddable":true,"href":"https:\/\/www.europesays.com\/pl\/wp-json\/wp\/v2\/tags?post=496685"}],"curies":[{"name":"wp","href":"https:\/\/api.w.org\/{rel}","templated":true}]}}