{"id":496693,"date":"2026-06-16T05:13:11","date_gmt":"2026-06-16T05:13:11","guid":{"rendered":"https:\/\/www.europesays.com\/pl\/496693\/"},"modified":"2026-06-16T05:13:11","modified_gmt":"2026-06-16T05:13:11","slug":"sledztwo-w-sprawie-moniki-silvy-koniuszek-miedzynarodowa-presja-i-nowe-tropy","status":"publish","type":"post","link":"https:\/\/www.europesays.com\/pl\/496693\/","title":{"rendered":"\u015aledztwo w sprawie Moniki Silvy Koniuszek. Mi\u0119dzynarodowa presja i nowe tropy"},"content":{"rendered":"<p>Ministerstwo Spraw Zagranicznych Ekwadoru og\u0142osi\u0142o w poniedzia\u0142ek wieczorem, \u017ce w \u015bledztwie wezm\u0105 udzia\u0142 dwaj biegli z Argentyny. Maj\u0105 oni pe\u0142ni\u0107 funkcj\u0119 niezale\u017cnych obserwator\u00f3w, co ma zapewni\u0107 &#8222;przejrzysto\u015b\u0107, obiektywizm i rzetelno\u015b\u0107&#8221; ca\u0142ego procesu dochodzeniowego. Decyzja ta jest wynikiem dzia\u0142a\u0144 dyplomatycznych Ekwadoru podj\u0119tych wobec rz\u0105d\u00f3w Argentyny oraz Polski.<\/p>\n<p> Dalszy ci\u0105g artyku\u0142u pod materia\u0142em wideo <\/p>\n<p>S\u0105d Najwy\u017cszy Argentyny pozytywnie odpowiedzia\u0142 na t\u0119 pro\u015bb\u0119, zgadzaj\u0105c si\u0119 na udzielenie wsparcia technicznego poprzez udzia\u0142 lekarzy medycyny s\u0105dowej. Jednocze\u015bnie w\u0142adze w Quito podkre\u015blaj\u0105, \u017ce utrzymuj\u0105 otwarte kana\u0142y koordynacji z Polsk\u0105 i oczekuj\u0105 na odpowied\u017a w sprawie wniosku o wsp\u00f3\u0142prac\u0119 techniczn\u0105.<\/p>\n<p>     Aktywistka ba\u0142a si\u0119 o swoje \u017cycie<\/p>\n<p>Monika Silva Koniuszek pe\u0142ni\u0142a funkcj\u0119 prezeski fundacji La Integridad. W swojej dzia\u0142alno\u015bci koncentrowa\u0142a si\u0119 na zg\u0142aszaniu przypadk\u00f3w domniemanej korupcji miejscowych w\u0142adz, w tym nieprawid\u0142owo\u015bci przy handlu ziemi\u0105 w prowincji Santa Elena. To w\u0142a\u015bnie w tej prowincji, w miejscowo\u015bci Montanita, 8 czerwca odnaleziono jej cia\u0142o.<\/p>\n<p>Cho\u0107 minister spraw wewn\u0119trznych Ekwadoru, John Reimberg, pocz\u0105tkowo sugerowa\u0142, \u017ce kobieta mog\u0142a pope\u0142ni\u0107 samob\u00f3jstwo, hipoteza ta wzbudzi\u0142a natychmiastowy sprzeciw lokalnych medi\u00f3w. Przypomniano, \u017ce Polka wcze\u015bniej alarmowa\u0142a o otrzymywanych gro\u017abach i otwarcie m\u00f3wi\u0142a, \u017ce boi si\u0119 o w\u0142asne \u017cycie.<\/p>\n<p>Niepokoj\u0105ce doniesienia z autopsji<\/p>\n<p>Wok\u00f3\u0142 sprawy narasta coraz wi\u0119cej pyta\u0144. Internetowy kana\u0142 La Defensa poda\u0142 nieoficjalne informacje, wed\u0142ug kt\u00f3rych podczas sekcji zw\u0142ok na g\u0142owie aktywistki odnaleziono ran\u0119 zadan\u0105 jeszcze przed \u015bmierci\u0105. Informacja ta nie zosta\u0142a dot\u0105d oficjalnie potwierdzona przez ekwadorskie w\u0142adze.<\/p>\n<p>Presja na wyja\u015bnienie sprawy jest ogromna. O przeprowadzenie szybkiego i niezale\u017cnego \u015bledztwa apelowa\u0142a m.in. delegatura Unii Europejskiej w Ekwadorze oraz Mi\u0119dzyameryka\u0144ska Komisja Praw Cz\u0142owieka. Szef MSW John Reimberg zapewni\u0142, \u017ce nakaza\u0142 przeprowadzenie dochodzenia z &#8222;najwi\u0119ksz\u0105 szybko\u015bci\u0105 i przejrzysto\u015bci\u0105&#8221;, a prokuratura zabiega o dalsz\u0105 wsp\u00f3\u0142prac\u0119 mi\u0119dzynarodow\u0105.<\/p>\n","protected":false},"excerpt":{"rendered":"Ministerstwo Spraw Zagranicznych Ekwadoru og\u0142osi\u0142o w poniedzia\u0142ek wieczorem, \u017ce w \u015bledztwie wezm\u0105 udzia\u0142 dwaj biegli z Argentyny. Maj\u0105&hellip;\n","protected":false},"author":2,"featured_media":496694,"comment_status":"","ping_status":"","sticky":false,"template":"","format":"standard","meta":{"footnotes":"","_share_on_mastodon":"0"},"categories":[12],"tags":[968,61195,2799,2882,48,46,42,38,40,39,41,5183,361,47,1389,80,86],"class_list":["post-496693","post","type-post","status-publish","format-standard","has-post-thumbnail","category-polska","tag-argentyna","tag-bottomfeed_styl","tag-ekwador","tag-korupcja","tag-nat_styl","tag-omp","tag-pl","tag-poland","tag-polish","tag-polska","tag-polski","tag-rana","tag-samobojstwo","tag-screening_general","tag-sledztwo","tag-swiat","tag-unia_europejska"],"share_on_mastodon":{"url":"","error":""},"_links":{"self":[{"href":"https:\/\/www.europesays.com\/pl\/wp-json\/wp\/v2\/posts\/496693","targetHints":{"allow":["GET"]}}],"collection":[{"href":"https:\/\/www.europesays.com\/pl\/wp-json\/wp\/v2\/posts"}],"about":[{"href":"https:\/\/www.europesays.com\/pl\/wp-json\/wp\/v2\/types\/post"}],"author":[{"embeddable":true,"href":"https:\/\/www.europesays.com\/pl\/wp-json\/wp\/v2\/users\/2"}],"replies":[{"embeddable":true,"href":"https:\/\/www.europesays.com\/pl\/wp-json\/wp\/v2\/comments?post=496693"}],"version-history":[{"count":0,"href":"https:\/\/www.europesays.com\/pl\/wp-json\/wp\/v2\/posts\/496693\/revisions"}],"wp:featuredmedia":[{"embeddable":true,"href":"https:\/\/www.europesays.com\/pl\/wp-json\/wp\/v2\/media\/496694"}],"wp:attachment":[{"href":"https:\/\/www.europesays.com\/pl\/wp-json\/wp\/v2\/media?parent=496693"}],"wp:term":[{"taxonomy":"category","embeddable":true,"href":"https:\/\/www.europesays.com\/pl\/wp-json\/wp\/v2\/categories?post=496693"},{"taxonomy":"post_tag","embeddable":true,"href":"https:\/\/www.europesays.com\/pl\/wp-json\/wp\/v2\/tags?post=496693"}],"curies":[{"name":"wp","href":"https:\/\/api.w.org\/{rel}","templated":true}]}}