{"id":497317,"date":"2026-06-16T11:52:07","date_gmt":"2026-06-16T11:52:07","guid":{"rendered":"https:\/\/www.europesays.com\/pl\/497317\/"},"modified":"2026-06-16T11:52:07","modified_gmt":"2026-06-16T11:52:07","slug":"niemiec-zachwycony-polska-ten-kraj-jest-swiety-podroze-wprost","status":"publish","type":"post","link":"https:\/\/www.europesays.com\/pl\/497317\/","title":{"rendered":"Niemiec zachwycony Polsk\u0105. \u201eTen kraj jest \u015bwi\u0119ty\u201d \u2013 Podr\u00f3\u017ce Wprost"},"content":{"rendered":"\n<p>&#13;<br \/>\n\u201ePan Niemiec\u201d \u2013\u00a0pod\u00a0takim pseudonimem dzia\u0142a w\u00a0sieci Niemiec, kt\u00f3ry zamieszka\u0142 w\u00a0Polsce. Jego konto na\u00a0TikToku, za\u00a0po\u015brednictwem kt\u00f3rego dzieli si\u0119 swoimi codziennymi spostrze\u017ceniami, obserwuje ju\u017c blisko 20 tys. internaut\u00f3w. W\u00a0jednym z\u00a0najnowszych nagra\u0144 zachwyca\u0142 si\u0119 polskimi krajobrazami i\u00a0energi\u0105 naszego kraju. &#13;\n<\/p>\n<p>Niemiec zachwycony Polsk\u0105. \u201eCo\u015b, co\u00a0sprawia, \u017ce\u00a0czuj\u0119 si\u0119 tutaj dobrze\u201d<\/p>\n<p>&#13;<br \/>\n\u201eJecha\u0142em dzi\u015b motocyklem przez Polsk\u0119 i\u00a0znowu mia\u0142em to\u00a0samo uczucie. Zatrzyma\u0142em si\u0119 w\u00a0zwyk\u0142ym miejscu przy drodze. Zielone \u0142\u0105ki, wysokie trawy, polne kwiaty, drzewa, cisza. I pomy\u015bla\u0142em sobie: jak pi\u0119kny jest ten kraj\u201d \u2013\u00a0napisa\u0142 na\u00a0TikToku. &#13;\n<\/p>\n<p>&#13;<br \/>\nJak doda\u0142, w\u00a0Polsce nawet zwyk\u0142y krajobraz \u201ewygl\u0105da wyj\u0105tkowo\u201d. \u201eNie wszystko jest wykoszone do\u00a0ostatniego \u017ad\u017ab\u0142a trawy. Wida\u0107 natur\u0119. Wida\u0107 \u017cycie. S\u0105 kolorowe domy, zadbane ogrody, kapliczki, krzy\u017ce, ko\u015bcio\u0142y. Nawet stare bloki cz\u0119sto maj\u0105 kolory albo murale\u201d \u2013\u00a0kontynuowa\u0142. &#13;\n<\/p>\n<p>\u201eJak przepi\u0119kny jest ten kraj! Jak to\u00a0w\u00a0og\u00f3le jest mo\u017cliwe?\u201d<\/p>\n<p>&#13;<br \/>\nNiemiec stwierdzi\u0142, \u017ce\u00a0jest to\u00a0trudne do\u00a0opisania, ale\u00a0w\u00a0jego odczuciu Polska ma\u00a0\u201ezupe\u0142nie inn\u0105 energi\u0119\u201d. \u201eCo\u015b ciep\u0142ego. Co\u015b spokojnego. Co\u015b, co\u00a0sprawia, \u017ce\u00a0czuj\u0119 si\u0119 tutaj dobrze. Czasami zastanawiam si\u0119, czy\u00a0Polacy maj\u0105 takie samo uczucie wobec Niemiec. Mo\u017ce dla\u00a0kogo\u015b Niemcy s\u0105 r\u00f3wnie wyj\u0105tkowe. Ja jednak tego nie\u00a0czuj\u0119\u201d \u2013\u00a0czytamy dalej. &#13;\n<\/p>\n<p>\u201eMo\u017ce trudno to\u00a0zrozumie\u0107. Mo\u017ce to\u00a0tylko moje odczucie. Ale\u00a0dla\u00a0mnie Polska ma\u00a0w\u00a0sobie co\u015b wyj\u0105tkowego. Co\u015b, czego nie\u00a0potrafi\u0119 do\u00a0ko\u0144ca wyja\u015bni\u0107\u201d \u2013\u00a0napisa\u0142 Pan Niemiec.  <\/p>\n<p>&#13;<br \/>\n\u2013 Jak przepi\u0119kny jest ten kraj! Jak to\u00a0w\u00a0og\u00f3le jest mo\u017cliwe? Zobaczcie \u2013\u00a0zachwyca\u0142 si\u0119 na\u00a0opublikowanym nagraniu. \u2013\u00a0Jak to\u00a0mo\u017ce by\u0107? I\u00a0dodatkowo macie jeszcze najlepsze jedzenie i\u00a0najpi\u0119kniejsze kobiety. Jak to\u00a0w\u00a0og\u00f3le jest sprawiedliwe? \u2013\u00a0pyta\u0142 w\u00a0dalszej cz\u0119\u015bci wideo. \u2013\u00a0Ten ca\u0142y kraj, moim zdaniem, jest \u015bwi\u0119ty \u2013\u00a0doda\u0142. Jak oceni\u0142, Polska jest najlepszym krajem w\u00a0ca\u0142ej Europie, a\u00a0mo\u017ce i\u00a0na \u015bwiecie. &#13;\n<\/p>\n<p>&#13;<br \/>\nCzytaj te\u017c:<br \/><a href=\"https:\/\/podroze.wprost.pl\/turystyka\/12356841\/pociag-sloneczny-wraca-na-tory-bilet-za-30-zl-do-trojmiasta.html\" rel=\"follow nofollow noopener\" data-schema=\"WPROST\" data-image=\"https:\/\/img.wprost.pl\/_thumb\/8f\/3a\/7a04e10fd248f81d3a5ca137dc23.jpeg\" target=\"_blank\">Bilet nad morze za\u00a0nieca\u0142e 30 z\u0142. Ten poci\u0105g to\u00a0hit wakacji Polak\u00f3w<\/a>Czytaj te\u017c:<br \/><a href=\"https:\/\/podroze.wprost.pl\/miejsca\/12349479\/niedoceniane-miasto-na-weekend-kryje-perelki-polskiej-architektury.html\" rel=\"follow nofollow noopener\" data-schema=\"WPROST\" data-image=\"https:\/\/img.wprost.pl\/_thumb\/d4\/73\/b7d79b85da52db8f3837150ee3a5.jpeg\" target=\"_blank\">Poza utartym szlakiem. To\u00a0naj\u0142adniejszy rynek w\u00a0wojew\u00f3dztwie mazowieckim<\/a>&#13;<\/p>\n","protected":false},"excerpt":{"rendered":"&#13; \u201ePan Niemiec\u201d \u2013\u00a0pod\u00a0takim pseudonimem dzia\u0142a w\u00a0sieci Niemiec, kt\u00f3ry zamieszka\u0142 w\u00a0Polsce. Jego konto na\u00a0TikToku, za\u00a0po\u015brednictwem kt\u00f3rego dzieli si\u0119&hellip;\n","protected":false},"author":2,"featured_media":497318,"comment_status":"","ping_status":"","sticky":false,"template":"","format":"standard","meta":{"footnotes":"","_share_on_mastodon":"0"},"categories":[12],"tags":[6306,6305,189,3760,6302,45692,42,6304,6303,38,40,39,41,14166,4278],"class_list":["post-497317","post","type-post","status-publish","format-standard","has-post-thumbnail","category-polska","tag-afryka","tag-azja-ameryka","tag-europa","tag-gory","tag-miejsca","tag-niemiec","tag-pl","tag-plaze","tag-podroze","tag-poland","tag-polish","tag-polska","tag-polski","tag-tiktok","tag-turystyka"],"share_on_mastodon":{"url":"https:\/\/pubeurope.com\/@pl\/116759648746453409","error":""},"_links":{"self":[{"href":"https:\/\/www.europesays.com\/pl\/wp-json\/wp\/v2\/posts\/497317","targetHints":{"allow":["GET"]}}],"collection":[{"href":"https:\/\/www.europesays.com\/pl\/wp-json\/wp\/v2\/posts"}],"about":[{"href":"https:\/\/www.europesays.com\/pl\/wp-json\/wp\/v2\/types\/post"}],"author":[{"embeddable":true,"href":"https:\/\/www.europesays.com\/pl\/wp-json\/wp\/v2\/users\/2"}],"replies":[{"embeddable":true,"href":"https:\/\/www.europesays.com\/pl\/wp-json\/wp\/v2\/comments?post=497317"}],"version-history":[{"count":0,"href":"https:\/\/www.europesays.com\/pl\/wp-json\/wp\/v2\/posts\/497317\/revisions"}],"wp:featuredmedia":[{"embeddable":true,"href":"https:\/\/www.europesays.com\/pl\/wp-json\/wp\/v2\/media\/497318"}],"wp:attachment":[{"href":"https:\/\/www.europesays.com\/pl\/wp-json\/wp\/v2\/media?parent=497317"}],"wp:term":[{"taxonomy":"category","embeddable":true,"href":"https:\/\/www.europesays.com\/pl\/wp-json\/wp\/v2\/categories?post=497317"},{"taxonomy":"post_tag","embeddable":true,"href":"https:\/\/www.europesays.com\/pl\/wp-json\/wp\/v2\/tags?post=497317"}],"curies":[{"name":"wp","href":"https:\/\/api.w.org\/{rel}","templated":true}]}}