{"id":497964,"date":"2026-06-16T18:32:08","date_gmt":"2026-06-16T18:32:08","guid":{"rendered":"https:\/\/www.europesays.com\/pl\/497964\/"},"modified":"2026-06-16T18:32:08","modified_gmt":"2026-06-16T18:32:08","slug":"piesiewicz-nie-sklada-broni-jest-zawiadomienie-do-organow-scigania","status":"publish","type":"post","link":"https:\/\/www.europesays.com\/pl\/497964\/","title":{"rendered":"Piesiewicz nie sk\u0142ada broni. Jest zawiadomienie do organ\u00f3w \u015bcigania"},"content":{"rendered":"\n<p class=\"contentpart contentpart--default contentpart--text\" data-position=\"0\">Poniedzia\u0142kowe Walne Zgromadzenie <a href=\"https:\/\/sportowefakty.wp.pl\/inne\/pkol\" rel=\"nofollow noopener\" target=\"_blank\">PKOl<\/a>\u00a0pokaza\u0142o wyra\u017an\u0105 przewag\u0119 opozycji. Za wezwaniem do zwo\u0142ania Nadzwyczajnego Walnego Zgromadzenia, kt\u00f3re mia\u0142oby g\u0142osowa\u0107 nad odwo\u0142aniem prezesa, opowiedzia\u0142o si\u0119 117 dzia\u0142aczy, przeciw by\u0142o 48. Chwil\u0119 p\u00f3\u017aniej 97 delegat\u00f3w wezwa\u0142o <a href=\"https:\/\/sportowefakty.wp.pl\/inne\/radoslaw-piesiewicz\" rel=\"nofollow noopener\" target=\"_blank\">Rados\u0142awa Piesiewicza<\/a>\u00a0do natychmiastowego ust\u0105pienia.<\/p>\n<p class=\"contentpart contentpart--default contentpart--text\" data-position=\"1\">Obrady trwa\u0142y ponad cztery godziny i momentami stawa\u0142y si\u0119 bardzo napi\u0119te. &#8211; Jeste\u015bcie jak Targowica. Chcecie wywie\u017a\u0107 dobrego prezesa na taczce &#8211; krzycza\u0142 Tadeusz Mytnik, wicemistrz olimpijski. Krzysztof Wi\u0142komirski ocenia\u0142 z kolei, \u017ce stronnicy prezesa si\u0119gali po ob\u015bmiewanie, zastraszanie i manipulowanie.<\/p>\n<p>  <img decoding=\"async\" src=\"https:\/\/v.wpimg.pl\/X3dwLnN2d1IFFTpdYUl6R0ZNbgcnEHQREVV2TGEGbUtRT2MdOlZ2RBQUKABgQjQcDRotCStBd1IAAWMeIlM7VgwYIAorQAdEFFk_GCkQJQ\" alt=\"\" width=\"45\" height=\"58\" loading=\"lazy\"\/>  <\/p>\n<p class=\"contentpart contentpart--default contentpart--text\" data-position=\"2\">ZOBACZ WIDEO: TYLKO W WP. Iga \u015awi\u0105tek i fala hejtu. &#8222;Nigdy bym si\u0119 czego\u015b takiego nie spodziewa\u0142a&#8221;<\/p>\n<p class=\"contentpart contentpart--default contentpart--text\" data-position=\"4\">Sam Piesiewicz przez wi\u0119kszo\u015b\u0107 posiedzenia nie odpowiada\u0142, cho\u0107 przewodnicz\u0105cy dwukrotnie wywo\u0142ywa\u0142 go do g\u0142osu. &#8211; Przeg\u0142osowano uchwa\u0142y, kt\u00f3re nie powinny mie\u0107 miejsca. Komisja Rewizyjna b\u0119dzie musia\u0142a oceni\u0107, czy zosta\u0142y one podj\u0119te zgodnie z przepisami i statutem PKOl-u &#8211;\u00a0m\u00f3wi\u0142 po zako\u0144czeniu zebrania (wi\u0119cej <a href=\"https:\/\/sportowefakty.wp.pl\/inne\/1256697\/piesiewicz-milczal-cztery-godziny-na-koniec-zaskoczyl-a-na-sali-okrzyki-targowic\" rel=\"nofollow noopener\" target=\"blank\">TUTAJ<\/a>). Zapowiedzia\u0142 te\u017c start w kolejnych wyborach za 10 miesi\u0119cy.<\/p>\n<p class=\"contentpart contentpart--default contentpart--text\" data-position=\"5\">Wed\u0142ug obecnego prezesa podczas g\u0142osowa\u0144 mog\u0142o doj\u015b\u0107 do nieprawid\u0142owo\u015bci. &#8222;PKOl sk\u0142ada zawiadomienie do organ\u00f3w \u015bcigania o mo\u017cliwo\u015bci pope\u0142nienia przest\u0119pstwa z art. 190a k.k., art. 270 par. 1 k.k. oraz art. 287 par. 1 k.k. w zwi\u0105zku z dowodami o nieuprawnionym g\u0142osowaniu przez jednego z delegat\u00f3w na dw\u00f3ch tabletach oraz zignorowaniu przez przewodnicz\u0105cego zebrania p. Tomasza Kwietnia zg\u0142oszenia mu tego faktu&#8221; &#8211; przekaza\u0142 na platformie X.<\/p>\n<p class=\"contentpart contentpart--default contentpart--text\" data-position=\"6\">&#8222;Podejmiemy tak\u017ce dzia\u0142ania dla zbadania przez organ nadzoru wa\u017cno\u015bci podj\u0119tych na zgromadzeniu uchwa\u0142 w zwi\u0105zku z tym procederem&#8221; &#8211; doda\u0142. Przypomnijmy, \u017ce delegaci odrzucili te\u017c\u00a0sprawozdanie finansowe 96 do 63 oraz raport merytoryczny zarz\u0105du 93 do 66.<\/p>\n","protected":false},"excerpt":{"rendered":"Poniedzia\u0142kowe Walne Zgromadzenie PKOl\u00a0pokaza\u0142o wyra\u017an\u0105 przewag\u0119 opozycji. Za wezwaniem do zwo\u0142ania Nadzwyczajnego Walnego Zgromadzenia, kt\u00f3re mia\u0142oby g\u0142osowa\u0107 nad&hellip;\n","protected":false},"author":2,"featured_media":497965,"comment_status":"","ping_status":"","sticky":false,"template":"","format":"standard","meta":{"footnotes":"","_share_on_mastodon":"0"},"categories":[24],"tags":[6123,15347,42,38,40,39,41,3121,127,126],"class_list":["post-497964","post","type-post","status-publish","format-standard","has-post-thumbnail","category-sport","tag-inne","tag-pkol","tag-pl","tag-poland","tag-polish","tag-polska","tag-polski","tag-radoslaw-piesiewicz","tag-sport","tag-sports"],"share_on_mastodon":{"url":"https:\/\/pubeurope.com\/@pl\/116761222014231916","error":""},"_links":{"self":[{"href":"https:\/\/www.europesays.com\/pl\/wp-json\/wp\/v2\/posts\/497964","targetHints":{"allow":["GET"]}}],"collection":[{"href":"https:\/\/www.europesays.com\/pl\/wp-json\/wp\/v2\/posts"}],"about":[{"href":"https:\/\/www.europesays.com\/pl\/wp-json\/wp\/v2\/types\/post"}],"author":[{"embeddable":true,"href":"https:\/\/www.europesays.com\/pl\/wp-json\/wp\/v2\/users\/2"}],"replies":[{"embeddable":true,"href":"https:\/\/www.europesays.com\/pl\/wp-json\/wp\/v2\/comments?post=497964"}],"version-history":[{"count":0,"href":"https:\/\/www.europesays.com\/pl\/wp-json\/wp\/v2\/posts\/497964\/revisions"}],"wp:featuredmedia":[{"embeddable":true,"href":"https:\/\/www.europesays.com\/pl\/wp-json\/wp\/v2\/media\/497965"}],"wp:attachment":[{"href":"https:\/\/www.europesays.com\/pl\/wp-json\/wp\/v2\/media?parent=497964"}],"wp:term":[{"taxonomy":"category","embeddable":true,"href":"https:\/\/www.europesays.com\/pl\/wp-json\/wp\/v2\/categories?post=497964"},{"taxonomy":"post_tag","embeddable":true,"href":"https:\/\/www.europesays.com\/pl\/wp-json\/wp\/v2\/tags?post=497964"}],"curies":[{"name":"wp","href":"https:\/\/api.w.org\/{rel}","templated":true}]}}