{"id":497980,"date":"2026-06-16T18:40:10","date_gmt":"2026-06-16T18:40:10","guid":{"rendered":"https:\/\/www.europesays.com\/pl\/497980\/"},"modified":"2026-06-16T18:40:10","modified_gmt":"2026-06-16T18:40:10","slug":"to-z-nim-karol-nawrocki-spotkal-sie-w-usa-jest-zdjecie-duze-zaskoczenie","status":"publish","type":"post","link":"https:\/\/www.europesays.com\/pl\/497980\/","title":{"rendered":"To z nim Karol Nawrocki spotka\u0142 si\u0119 w USA. Jest zdj\u0119cie. Du\u017ce zaskoczenie"},"content":{"rendered":"<p>Ostatnia wizyta Karola Nawrockiego w Stanach Zjednoczonych wzbudzi\u0142a du\u017ce emocje. Prezydent mia\u0142 okazj\u0119 uczestniczy\u0107 w urodzinach Donalda Trumpa, w ramach kt\u00f3rych przed Bia\u0142ym Domem zorganizowana zosta\u0142a gala presti\u017cowej organizacji UFC. Nawrocki mia\u0142 okazj\u0119 obejrze\u0107 kilka walk.<\/p>\n<p> Dalszy ci\u0105g artyku\u0142u pod materia\u0142em wideo <\/p>\n<p>Kamery uchwyci\u0142y kr\u00f3tk\u0105 rozmow\u0119 z prezydentem Stan\u00f3w Zjednoczonych, ale okazuje si\u0119, \u017ce podczas gali Karol Nawrocki odby\u0142 jeszcze jedno spotkanie. Wszystko przekaza\u0142 Jan B\u0142achowicz, by\u0142y polski mistrz UFC, kt\u00f3ry towarzyszy\u0142 Nawrockiemu od pocz\u0105tku podr\u00f3\u017cy do Stan\u00f3w Zjednoczonych.<\/p>\n<p> To z nim w USA spotka\u0142 si\u0119 Karol Nawrocki. Jest zdj\u0119cie<\/p>\n<p>&#8222;\u00bbSzefie, poznaj Prezydenta Polski\u00ab. Nigdy nie s\u0105dzi\u0142em, \u017ce wypowiem to zdanie. A potem by\u0142a d\u0142uga rozmowa&#8230; \ud83d\ude42<\/p>\n<p>Takich spotka\u0144 jak to i takich wydarze\u0144 jak UFC Freedom 250 po prostu si\u0119 nie zapomina. Szczerze \u2014 jaram si\u0119 jak za ma\u0142olata.<\/p>\n<p>Dzi\u0119kuj\u0119 za to ogromne wyr\u00f3\u017cnienie i zaproszenie&#8221; \u2014 napisa\u0142 B\u0142achowicz, publikuj\u0105c na Instagramie zdj\u0119cie z prezydentem oraz szefem organizacji UFC.<\/p>\n<p>Dana White towarzyszy\u0142 Donaldowi Trumpowi podczas uroczystego otwarcia gali przed Bia\u0142ym Domem. Prezydent organizacji MMA nie kryje, \u017ce z najwa\u017cniejszym politykiem Stan\u00f3w Zjednoczonych \u0142\u0105cz\u0105 go przyjacielskie relacje. Ju\u017c wcze\u015bniej otwarcie wyra\u017ca\u0142 swoje poparcie dla jego pogl\u0105d\u00f3w politycznych.<\/p>\n","protected":false},"excerpt":{"rendered":"Ostatnia wizyta Karola Nawrockiego w Stanach Zjednoczonych wzbudzi\u0142a du\u017ce emocje. Prezydent mia\u0142 okazj\u0119 uczestniczy\u0107 w urodzinach Donalda Trumpa,&hellip;\n","protected":false},"author":2,"featured_media":497981,"comment_status":"","ping_status":"","sticky":false,"template":"","format":"standard","meta":{"footnotes":"","_share_on_mastodon":"0"},"categories":[62712],"tags":[61195,96368,28961,690,43,1255,48,46,47,4848],"class_list":["post-497980","post","type-post","status-publish","format-standard","has-post-thumbnail","category-karol-nawrocki","tag-bottomfeed_styl","tag-dana_white","tag-jan_blachowicz","tag-karol-nawrocki","tag-karol_nawrocki","tag-mma","tag-nat_styl","tag-omp","tag-screening_general","tag-ufc"],"share_on_mastodon":{"url":"","error":""},"_links":{"self":[{"href":"https:\/\/www.europesays.com\/pl\/wp-json\/wp\/v2\/posts\/497980","targetHints":{"allow":["GET"]}}],"collection":[{"href":"https:\/\/www.europesays.com\/pl\/wp-json\/wp\/v2\/posts"}],"about":[{"href":"https:\/\/www.europesays.com\/pl\/wp-json\/wp\/v2\/types\/post"}],"author":[{"embeddable":true,"href":"https:\/\/www.europesays.com\/pl\/wp-json\/wp\/v2\/users\/2"}],"replies":[{"embeddable":true,"href":"https:\/\/www.europesays.com\/pl\/wp-json\/wp\/v2\/comments?post=497980"}],"version-history":[{"count":0,"href":"https:\/\/www.europesays.com\/pl\/wp-json\/wp\/v2\/posts\/497980\/revisions"}],"wp:featuredmedia":[{"embeddable":true,"href":"https:\/\/www.europesays.com\/pl\/wp-json\/wp\/v2\/media\/497981"}],"wp:attachment":[{"href":"https:\/\/www.europesays.com\/pl\/wp-json\/wp\/v2\/media?parent=497980"}],"wp:term":[{"taxonomy":"category","embeddable":true,"href":"https:\/\/www.europesays.com\/pl\/wp-json\/wp\/v2\/categories?post=497980"},{"taxonomy":"post_tag","embeddable":true,"href":"https:\/\/www.europesays.com\/pl\/wp-json\/wp\/v2\/tags?post=497980"}],"curies":[{"name":"wp","href":"https:\/\/api.w.org\/{rel}","templated":true}]}}