{"id":498133,"date":"2026-06-16T20:24:25","date_gmt":"2026-06-16T20:24:25","guid":{"rendered":"https:\/\/www.europesays.com\/pl\/498133\/"},"modified":"2026-06-16T20:24:25","modified_gmt":"2026-06-16T20:24:25","slug":"stala-baza-wojsk-usa-w-polsce-2","status":"publish","type":"post","link":"https:\/\/www.europesays.com\/pl\/498133\/","title":{"rendered":"Sta\u0142a baza wojsk USA w Polsce"},"content":{"rendered":"<p>&#13;<br \/>\n  Rada Ministr\u00f3w przyj\u0119\u0142a uchwa\u0142\u0119 o rozpocz\u0119ciu dzia\u0142a\u0144 potrzebnych do utworzenia sta\u0142ej bazy si\u0142 ameryka\u0144skich w Polsce. Projekt przygotowa\u0142 wicepremier W\u0142adys\u0142aw Kosiniak-Kamysz. Premier Donald Tusk podkre\u015bla, \u017ce obecno\u015b\u0107 sojuszniczych wojsk USA w Polsce radykalnie zwi\u0119kszy bezpiecze\u0144stwo naszego kraju, ale oznacza te\u017c dla Polski wielki wysi\u0142ek organizacyjny.&#13;\n<\/p>\n<p>&#13;<br \/>\n  <img loading=\"lazy\" decoding=\"async\" style=\"display: block; margin-left: auto; margin-right: auto;\" src=\"https:\/\/www.europesays.com\/pl\/wp-content\/uploads\/2026\/06\/110179.jpeg\" alt=\"\" width=\"800\" height=\"533\"\/>&#13;\n<\/p>\n<p>\u2013 Wszystkim nam zale\u017cy na tym, \u017ceby ta obecno\u015b\u0107 by\u0142a sta\u0142a, a nie rotacyjna. Rz\u0105d musi poczyni\u0107 bardzo szczeg\u00f3\u0142owe przygotowania do tego \u2013 m\u00f3wi\u0142 po posiedzeniu Rady Ministr\u00f3w Adam Sz\u0142apka, rzecznik rz\u0105du. Skomentowa\u0142 w ten spos\u00f3b przyj\u0119t\u0105 dzisiaj uchwa\u0142\u0119 rz\u0105du, kt\u00f3ra upowa\u017cnia ministra obrony narodowej do dzia\u0142a\u0144 na rzecz utworzenia sta\u0142ej bazy si\u0142 zbrojnych USA w Polsce.<\/p>\n<p>Posiedzenie poprzedzi\u0142y obrady Komitetu Rady Ministr\u00f3w do spraw Bezpiecze\u0144stwa Narodowego, na kt\u00f3rych omawiano gwarancje finansowe, infrastrukturalne i logistyczne potrzebne do zwi\u0119kszenia ameryka\u0144skiej obecno\u015bci wojskowej. Wniosek o specjalne posiedzenie komitetu, w kt\u00f3rym uczestniczy\u0142 tak\u017ce przedstawiciel prezydenta i Biura Bezpiecze\u0144stwa Narodowego, z\u0142o\u017cy\u0142 W\u0142adys\u0142aw Kosiniak-Kamysz, wicepremier, minister obrony narodowej.<\/p>\n<p>\u2013 Nie mo\u017cemy czeka\u0107 na realizacj\u0119 informacji wyg\u0142oszonej przez prezydenta Trumpa o\u00a0\u017co\u0142nierzach ameryka\u0144skich w Polsce. Musimy si\u0119 do tego przygotowa\u0107 tak, \u017ceby \u017co\u0142nierze ameryka\u0144scy mieli gdzie stacjonowa\u0107, a najlepsz\u0105 gwarancj\u0105 jest utworzenie sta\u0142ej bazy \u2013 zaznaczy\u0142 po posiedzeniu premier Donald Tusk. Odni\u00f3s\u0142 si\u0119 w ten spos\u00f3b do <a href=\"https:\/\/polska-zbrojna.pl\/home\/articleshow\/46395?t=Trump-dodatkowe-5-tys-zolnierzy-do-Polski\" target=\"_blank\" rel=\"nofollow noopener\">zapowiedzi Donalda Trumpa<\/a> dotycz\u0105cej wys\u0142ania do Polski dodatkowych 5 tys. \u017co\u0142nierzy USA.<\/p>\n<p>Jak zaznaczy\u0142 premier, w tym celu potrzebne jest nie tylko miejsce stacjonowania, ale te\u017c ca\u0142e zaplecze dla takiej obecno\u015bci. \u2013 To jest wbrew pozorom bardzo powa\u017cne przedsi\u0119wzi\u0119cie organizacyjnie i finansowo. Je\u015bli my\u015blimy na serio o sta\u0142ej bazie, to musimy zacz\u0105\u0107 przygotowywa\u0107 Polsk\u0119 do tego \u2013 podkre\u015bli\u0142 Tusk. Jak m\u00f3wi\u0142, taka obecno\u015b\u0107 radykalnie zwi\u0119kszy bezpiecze\u0144stwo naszego kraju, ale oznacza te\u017c dla Polski wielki wysi\u0142ek organizacyjny, dlatego tak wa\u017cne jest, aby zacz\u0105\u0107 o tym my\u015ble\u0107 z wyprzedzeniem. Na razie nie\u00a0wskazano miejsca, w\u00a0kt\u00f3rym mog\u0142aby powsta\u0107 sta\u0142a baza wojsk USA.<\/p>\n<p>W Polsce stacjonuje obecnie oko\u0142o 10 tys. ameryka\u0144skich \u017co\u0142nierzy, przy czym wi\u0119kszo\u015b\u0107 pe\u0142ni s\u0142u\u017cb\u0119 w formule rotacyjnej. W Poznaniu dzia\u0142a <a href=\"https:\/\/polska-zbrojna.pl\/home\/ArticleShow\/32807\" target=\"_blank\" rel=\"nofollow noopener\">Wysuni\u0119te Dow\u00f3dztwo V Korpusu Si\u0142 L\u0105dowych USA<\/a> i garnizon zapewniaj\u0105cy wsparcie administracyjne oraz logistyczne. Rotacyjne jednostki operuj\u0105 z baz w \u017baganiu, \u015awi\u0119toszowie i Boles\u0142awcu, Amerykanie obecni s\u0105 tak\u017ce w Powidzu, Bemowie Piskim i Redzikowie.<\/p>\n<p>&#13;<br \/>\n  <a href=\"https:\/\/polska-zbrojna.pl\/home\/articleshow\/46487?t=Nowa-baza-US-Army-w-Polsce-\" target=\"_blank\" rel=\"nofollow noopener\">Na pocz\u0105tku czerwca szef MON-u poinformowa\u0142<\/a> o przedstawieniu Pete\u2019owi Hegsethowi, sekretarzowi obrony USA, oficjalnej propozycji utworzenia w Polsce nowej, sta\u0142ej bazy wojsk ameryka\u0144skich. \u201eZaanga\u017cowanie USA w bezpiecze\u0144stwo Polski nie maleje \u2013 przeciwnie, mo\u017ce by\u0107 jeszcze wi\u0119ksze\u201d \u2013 napisa\u0142 w\u00f3wczas na portalu X wicepremier.<\/p>\n<p>Wcze\u015bniej Kosiniak-Kamysz <a href=\"https:\/\/www.polska-zbrojna.pl\/home\/articleshow\/46375?t=Szef-MON-u-Nie-ma-decyzji-o-redukcji-sil-USA-w-Polsce-\" target=\"_blank\" rel=\"nofollow noopener\">prowadzi\u0142 rozmowy z Hegsethem<\/a> w zwi\u0105zku z doniesieniami sugeruj\u0105cymi, \u017ce Pentagon mo\u017ce zrezygnowa\u0107 z planowanego rotacyjnego przerzutu 4 tys. ameryka\u0144skich \u017co\u0142nierzy do Polski. Sekretarz obrony USA zapewni\u0142 szefa MON-u o trwaj\u0105cym procesie reorganizacji ameryka\u0144skich si\u0142 i zasob\u00f3w wojskowych w Europie. Jednocze\u015bnie podkre\u015bli\u0142, \u017ce nie podj\u0119to \u017cadnych decyzji dotycz\u0105cych ograniczenia obecno\u015bci wojsk USA w Polsce.<\/p>\n<p>Zaraz potem Trump og\u0142osi\u0142 wys\u0142anie do Polski dodatkowych 5 tys. \u017co\u0142nierzy USA. Prezydent Stan\u00f3w Zjednoczonych nie poda\u0142 jednak \u017cadnych szczeg\u00f3\u0142\u00f3w operacji. Obecno\u015b\u0107 \u017co\u0142nierzy ameryka\u0144skich w Polsce by\u0142a tak\u017ce jednym z temat\u00f3w rozm\u00f3w kilka dni temu prezydenta Karola Nawrockiego z Donaldem Trumpem w Waszyngtonie.<\/p>\n<p>Ameryka\u0144ski przyw\u00f3dca potwierdzi\u0142 zobowi\u0105zanie sojusznicze i zapewni\u0142, \u017ce planowane redukcje ameryka\u0144skiej obecno\u015bci w Europie Zachodniej nie obejm\u0105 Polski, a tak\u017ce podtrzyma\u0142 deklaracj\u0119 wys\u0142ania do naszego kraju dodatkowych\u00a0\u017co\u0142nierzy. Po powrocie do kraju prezydent ma zaprosi\u0107 szefa MON-u na spotkanie w sprawie dalszych dzia\u0142a\u0144 w tej kwestii.<\/p>\n<p>&#13;<br \/>\n                    <br \/>&#13;<br \/>\n                    autor zdj\u0119\u0107: Spc. Brett Thompson&#13;<br \/>\n                    &#13;\n                <\/p>\n","protected":false},"excerpt":{"rendered":"&#13; Rada Ministr\u00f3w przyj\u0119\u0142a uchwa\u0142\u0119 o rozpocz\u0119ciu dzia\u0142a\u0144 potrzebnych do utworzenia sta\u0142ej bazy si\u0142 ameryka\u0144skich w Polsce. Projekt&hellip;\n","protected":false},"author":2,"featured_media":497798,"comment_status":"","ping_status":"","sticky":false,"template":"","format":"standard","meta":{"footnotes":"","_share_on_mastodon":"0"},"categories":[12],"tags":[2891,63896,425,62285,5664,1238,8660,1315,52570,18211,42,38,2279,40,39,50002,52571,41,30824,12985,16864,22721,4293,89663,597,99,28760,161,5041,96294,89662,52569,6573],"class_list":["post-498133","post","type-post","status-publish","format-standard","has-post-thumbnail","category-polska","tag-armia","tag-bemowo-piskie","tag-bezpieczenstwo","tag-boleslawiec","tag-hegseth","tag-kosiniak-kamysz","tag-ministerstwo-obrony-narodowej","tag-nawrocki","tag-obrona-narodowa","tag-oficer","tag-pl","tag-poland","tag-poligon","tag-polish","tag-polska","tag-polska-zbrojna","tag-polska-zbrojna-pl","tag-polski","tag-powidz","tag-redzikowo","tag-sily-powietrzne","tag-sluzba-wojskowa","tag-stany-zjednoczone","tag-swietoszw","tag-trump","tag-tusk","tag-wojska-ladowe","tag-wojsko","tag-wojsko-polskie","tag-wysuniete-dowdztwo-v-korpusu-sil-ladowych-usa","tag-zagan","tag-zawodowy","tag-zolnierz"],"share_on_mastodon":{"url":"https:\/\/pubeurope.com\/@pl\/116761662310968473","error":""},"_links":{"self":[{"href":"https:\/\/www.europesays.com\/pl\/wp-json\/wp\/v2\/posts\/498133","targetHints":{"allow":["GET"]}}],"collection":[{"href":"https:\/\/www.europesays.com\/pl\/wp-json\/wp\/v2\/posts"}],"about":[{"href":"https:\/\/www.europesays.com\/pl\/wp-json\/wp\/v2\/types\/post"}],"author":[{"embeddable":true,"href":"https:\/\/www.europesays.com\/pl\/wp-json\/wp\/v2\/users\/2"}],"replies":[{"embeddable":true,"href":"https:\/\/www.europesays.com\/pl\/wp-json\/wp\/v2\/comments?post=498133"}],"version-history":[{"count":0,"href":"https:\/\/www.europesays.com\/pl\/wp-json\/wp\/v2\/posts\/498133\/revisions"}],"wp:featuredmedia":[{"embeddable":true,"href":"https:\/\/www.europesays.com\/pl\/wp-json\/wp\/v2\/media\/497798"}],"wp:attachment":[{"href":"https:\/\/www.europesays.com\/pl\/wp-json\/wp\/v2\/media?parent=498133"}],"wp:term":[{"taxonomy":"category","embeddable":true,"href":"https:\/\/www.europesays.com\/pl\/wp-json\/wp\/v2\/categories?post=498133"},{"taxonomy":"post_tag","embeddable":true,"href":"https:\/\/www.europesays.com\/pl\/wp-json\/wp\/v2\/tags?post=498133"}],"curies":[{"name":"wp","href":"https:\/\/api.w.org\/{rel}","templated":true}]}}