{"id":498354,"date":"2026-06-16T22:52:10","date_gmt":"2026-06-16T22:52:10","guid":{"rendered":"https:\/\/www.europesays.com\/pl\/498354\/"},"modified":"2026-06-16T22:52:10","modified_gmt":"2026-06-16T22:52:10","slug":"izrael-ponownie-atakuje-poludnie-libanu-nie-zyja-co-najmniej-cztery-osoby","status":"publish","type":"post","link":"https:\/\/www.europesays.com\/pl\/498354\/","title":{"rendered":"Izrael ponownie atakuje po\u0142udnie Libanu. Nie \u017cyj\u0105 co najmniej cztery osoby"},"content":{"rendered":"<p>&#8222;L&#8217;Orient-le-Jour&#8221; poda\u0142, \u017ce cztery osoby zgin\u0119\u0142y w ataku izraelskich dron\u00f3w na dwa samochody w okolicach miasta Nabatijja. Izraelska armia poinformowa\u0142a we wtorek, \u017ce zniszczy\u0142a wyrzutni\u0119 rakiet, z kt\u00f3rej zaatakowano jej \u017co\u0142nierzy, stacjonuj\u0105cych na po\u0142udniu Libanu. O ataki rakietowe oskar\u017cy\u0142a Hezbollah.<\/p>\n<p>Dziennik, powo\u0142uj\u0105c si\u0119 na informacje swojego korespondenta na po\u0142udniu Libanu, poda\u0142, \u017ce w miejscowo\u015bci Kafra i jej okolicach w\u015br\u00f3d gruz\u00f3w znaleziono 52 cia\u0142a. Ratownicy medyczni zdo\u0142ali r\u00f3wnie\u017c wydoby\u0107 18 cia\u0142 z ruin zniszczonych budynk\u00f3w w miejscowo\u015bci Hadata. Obie te miejscowo\u015bci le\u017c\u0105 w regionie Bint D\u017cubajl.<\/p>\n<p>      Dalszy ci\u0105g artyku\u0142u pod materia\u0142em wideo <\/p>\n<p>Mimo \u017ce w poniedzia\u0142ek prezydent USA Donald Trump wraz z wiceprezydentem J.D. Vance&#8217;m i przewodnicz\u0105cym parlamentu Iranu Mohammadem Bagherem Ghalibafem podpisali wst\u0119pne porozumienie, zawieszaj\u0105ce walki na 60 dni, to los Libanu wci\u0105\u017c pozostaje niejasny.<\/p>\n<p>Po ataku USA i Izraela na Iran z 28 lutego szyicka organizacja Hezbollah w\u0142\u0105czy\u0142a si\u0119 2 marca do wojny, staj\u0105c po stronie Teheranu, kt\u00f3ry od powstania tej grupy w latach 80. jest jej protektorem. Izrael odpowiedzia\u0142, zajmuj\u0105c cz\u0119\u015b\u0107 po\u0142udnia Libanu, i codziennie ostrzeliwuje ten kraj, zwany tak\u017ce Pa\u0144stwem Cedru.<\/p>\n<p>Niestabilny rozejm mi\u0119dzy Izraelem a Libanem<\/p>\n<p>16 kwietnia Izrael zawar\u0142 z liba\u0144skim rz\u0105dem rozejm, kt\u00f3ry zosta\u0142 wynegocjowany przy wsparciu USA. Jednak ze wzgl\u0119du na kszta\u0142t porozumienia i fakt, \u017ce Hezbollah pozostaje poza kontrol\u0105 w\u0142adz w Bejrucie, wojna, kt\u00f3ra pogr\u0105\u017cy\u0142a kraj w kolejnym kryzysie, dalej trwa.<\/p>\n<p>Ira\u0144ski re\u017cim domaga si\u0119, aby do porozumienia z USA dodano zapis, kt\u00f3ry zobliguje Izrael do wycofania si\u0119 z Libanu i zaprzestania ostrza\u0142u po\u0142udnia kraju. Tre\u015b\u0107 wst\u0119pnego porozumienia mi\u0119dzy Waszyngtonem a Teheranem, do kt\u00f3rego oficjalnego podpisania ma doj\u015b\u0107 w pi\u0105tek w Buergenstock w Szwajcarii, nie jest wci\u0105\u017c znana. Ambasador USA w Izraelu Mike Huckabee we wpisie na X zaznaczy\u0142, \u017ce &#8222;Izrael nie potrzebuje pozwolenia Iranu, aby si\u0119 broni\u0107&#8221;.<\/p>\n<p>Zapowied\u017a Binjamina Netanjahu<\/p>\n<p>Premier Binjamin Netanjahu zapowiedzia\u0142 w poniedzia\u0142ek, \u017ce izraelskie wojska pozostan\u0105 w Strefie Gazy, Libanie i Syrii &#8222;tak d\u0142ugo, jak to b\u0119dzie potrzebne&#8221;.<\/p>\n<p>Wcze\u015bniej w poniedzia\u0142ek urz\u0119dnik ameryka\u0144skiej administracji, cytowany przez Reutersa, powiedzia\u0142, \u017ce wycofanie izraelskich wojsk z Libanu nie jest warunkiem umowy, kt\u00f3r\u0105 USA zawar\u0142y z Iranem. Doda\u0142, \u017ce Izrael &#8222;b\u0119dzie mia\u0142 prawo broni\u0107 si\u0119 przed wszelkimi atakami Hezbollahu&#8221;.<\/p>\n<p>Jednocze\u015bnie Hezbollah stwierdzi\u0142 we wtorek, \u017ce otrzyma\u0142 od Iranu zapewnienie, i\u017c Teheran b\u0119dzie domaga\u0107 si\u0119 wycofania si\u0142 izraelskich z Libanu w nast\u0119pnej fazie rozm\u00f3w ze Stanami Zjednoczonymi.<\/p>\n<p>Niemniej, jak zauwa\u017cy\u0142a AFP, od zawarcia wst\u0119pnego porozumienia, izraelskie ostrza\u0142y os\u0142ab\u0142y. W najnowszym bilansie publikowanym codziennie od 2 marca przez ministerstwo zdrowia Libanu podano, \u017ce od pocz\u0105tku wojny w kraju zgin\u0119\u0142o 3286 os\u00f3b, a 11 tys. 851 zosta\u0142o rannych.<\/p>\n","protected":false},"excerpt":{"rendered":"&#8222;L&#8217;Orient-le-Jour&#8221; poda\u0142, \u017ce cztery osoby zgin\u0119\u0142y w ataku izraelskich dron\u00f3w na dwa samochody w okolicach miasta Nabatijja. Izraelska&hellip;\n","protected":false},"author":2,"featured_media":498355,"comment_status":"","ping_status":"","sticky":false,"template":"","format":"standard","meta":{"footnotes":"","_share_on_mastodon":"0"},"categories":[14],"tags":[343,61195,32,33,27,3660,663,91,34,35,3659,28,31,48,25,46,40,41,47,80,29,30,26,82,83,84],"class_list":["post-498354","post","type-post","status-publish","format-standard","has-post-thumbnail","category-swiat","tag-binjamin_netanjahu","tag-bottomfeed_styl","tag-breaking-news","tag-breakingnews","tag-headlines","tag-hezbollah","tag-iran","tag-izrael","tag-latest-news","tag-latestnews","tag-liban","tag-naglowki","tag-najwazniejsze-artykuly","tag-nat_styl","tag-news","tag-omp","tag-polish","tag-polski","tag-screening_general","tag-swiat","tag-top-stories","tag-topstories","tag-wiadomosci","tag-world","tag-world-news","tag-worldnews"],"share_on_mastodon":{"url":"https:\/\/pubeurope.com\/@pl\/116762243797205844","error":""},"_links":{"self":[{"href":"https:\/\/www.europesays.com\/pl\/wp-json\/wp\/v2\/posts\/498354","targetHints":{"allow":["GET"]}}],"collection":[{"href":"https:\/\/www.europesays.com\/pl\/wp-json\/wp\/v2\/posts"}],"about":[{"href":"https:\/\/www.europesays.com\/pl\/wp-json\/wp\/v2\/types\/post"}],"author":[{"embeddable":true,"href":"https:\/\/www.europesays.com\/pl\/wp-json\/wp\/v2\/users\/2"}],"replies":[{"embeddable":true,"href":"https:\/\/www.europesays.com\/pl\/wp-json\/wp\/v2\/comments?post=498354"}],"version-history":[{"count":0,"href":"https:\/\/www.europesays.com\/pl\/wp-json\/wp\/v2\/posts\/498354\/revisions"}],"wp:featuredmedia":[{"embeddable":true,"href":"https:\/\/www.europesays.com\/pl\/wp-json\/wp\/v2\/media\/498355"}],"wp:attachment":[{"href":"https:\/\/www.europesays.com\/pl\/wp-json\/wp\/v2\/media?parent=498354"}],"wp:term":[{"taxonomy":"category","embeddable":true,"href":"https:\/\/www.europesays.com\/pl\/wp-json\/wp\/v2\/categories?post=498354"},{"taxonomy":"post_tag","embeddable":true,"href":"https:\/\/www.europesays.com\/pl\/wp-json\/wp\/v2\/tags?post=498354"}],"curies":[{"name":"wp","href":"https:\/\/api.w.org\/{rel}","templated":true}]}}