{"id":498667,"date":"2026-06-17T02:49:16","date_gmt":"2026-06-17T02:49:16","guid":{"rendered":"https:\/\/www.europesays.com\/pl\/498667\/"},"modified":"2026-06-17T02:49:16","modified_gmt":"2026-06-17T02:49:16","slug":"asus-proart-geforce-rtx-5090-debiutuje-w-europejskich-sklepach-poznalismy-rowniez-oficjalna-cene-msrp","status":"publish","type":"post","link":"https:\/\/www.europesays.com\/pl\/498667\/","title":{"rendered":"ASUS ProArt GeForce RTX 5090 debiutuje w europejskich sklepach. Poznali\u015bmy r\u00f3wnie\u017c oficjaln\u0105 cen\u0119 MSRP"},"content":{"rendered":"<p><img decoding=\"async\" class=\"teaserfoto\" src=\"https:\/\/www.europesays.com\/pl\/wp-content\/uploads\/2026\/06\/51328.png\" alt=\"ASUS ProArt GeForce RTX 5090 debiutuje w europejskich sklepach. Poznali\u015bmy r\u00f3wnie\u017c oficjaln\u0105 cen\u0119 MSRP\"\/>Niereferencyjn\u0105 kart\u0119 graficzn\u0105 ASUS ProArt GeForce RTX 5090 po raz pierwszy zobaczyli\u015bmy jeszcze w grudniu ubieg\u0142ego roku, nied\u0142ugo przed targami CES w Las Vegas, gdzie producent oficjalnie j\u0105 zaprezentowa\u0142. Pomimo faktu, \u017ce karta zosta\u0142a pokazana ponad p\u00f3\u0142 roku temu, dopiero teraz firma potwierdzi\u0142a wprowadzenie tej autorskiej konstrukcji do sprzeda\u017cy. Dzi\u0119ki temu poznali\u015bmy r\u00f3wnie\u017c oficjaln\u0105 cen\u0119 MSRP na rynek europejski. Tak jak mo\u017cna by\u0142o si\u0119 spodziewa\u0107, tanio nie b\u0119dzie.<\/p>\n<p>ASUS wprowadza oficjalnie do sprzeda\u017cy autorsk\u0105 kart\u0119 ProArt GeForce RTX 5090 w cenie MSRP wynosz\u0105cej 3499 euro.<\/p>\n<p><a class=\"colorbox\" href=\"https:\/\/www.purepc.pl\/image\/news\/2026\/06\/16_asus_proart_geforce_rtx_5090_debiutuje_w_europejskich_sklepach_poznalismy_rowniez_oficjalna_cene_msrp_0_b.png\" rel=\"nofollow noopener\" target=\"_blank\"><img decoding=\"async\" src=\"https:\/\/www.europesays.com\/pl\/wp-content\/uploads\/2026\/06\/16_asus_proart_geforce_rtx_5090_debiutuje_w_europejskich_sklepach_poznalismy_rowniez_oficjalna_cene_.png\" alt=\"ASUS ProArt GeForce RTX 5090 debiutuje w europejskich sklepach. Poznali\u015bmy r\u00f3wnie\u017c oficjaln\u0105 cen\u0119 MSRP [nc1]\"\/><\/a><\/p>\n<p><a title=\"ASUS ROG Astral GeForce RTX 5090 Edition 20 - flagowa karta graficzna z zagi\u0119tym ekranem AMOLED. Mo\u017ce pobiera\u0107 nawet 800 W\" href=\"https:\/\/www.purepc.pl\/asus-rog-astral-geforce-rtx-5090-edition-20\" rel=\"nofollow noopener\" target=\"_blank\">ASUS ROG Astral GeForce RTX 5090 Edition 20 &#8211; flagowa karta graficzna z zagi\u0119tym ekranem AMOLED. Mo\u017ce pobiera\u0107 nawet 800 W<\/a><\/p>\n<p>ASUS oficjalnie rozpoczyna sprzeda\u017c karty graficznej <a href=\"https:\/\/www.purepc.pl\/tagi\/proart-geforce-rtx-5090\" rel=\"nofollow noopener\" target=\"_blank\">ProArt GeForce RTX 5090<\/a> na terenie Niemiec, Austrii oraz Szwajcarii, ustalaj\u0105c europejsk\u0105 cen\u0119 MSRP na poziomie 3499 euro. Je\u015bli podobna wycena zostanie ustalona tak\u017ce w Polsce, to u nas po uwzgl\u0119dnieniu jeszcze lokalnego podatku VAT, cena karty powinna utrzyma\u0107 si\u0119 w granicy pomi\u0119dzy 16 a 18 tysi\u0119cy z\u0142otych. Jak zatem wida\u0107, autorskiej karcie daleko do MSRP <a href=\"https:\/\/www.purepc.pl\/tagi\/geforce-rtx-5090\" rel=\"nofollow noopener\" target=\"_blank\">GeForce RTX 5090<\/a> (1999 dolar\u00f3w), bli\u017cej jej jednocze\u015bnie do najdro\u017cszych konstrukcji. Warto jednak pami\u0119ta\u0107, \u017ce oficjalna cena MSRP producenta nie musi mie\u0107 pokrycia w realnych kwotach w sklepach. Jak informuje portal <a href=\"https:\/\/videocardz.com\/newz\/asus-proart-geforce-rtx-5090-launches-in-europe-at-e3499\" rel=\"nofollow noopener\" target=\"_blank\">VideoCardz<\/a>, ProArt GeForce RTX 5090 pojawia si\u0119 i tak w znacznie wy\u017cszych cenach, przekraczaj\u0105cych 4000 euro.<\/p>\n<p><a class=\"colorbox\" href=\"https:\/\/www.purepc.pl\/image\/news\/2026\/06\/16_asus_proart_geforce_rtx_5090_debiutuje_w_europejskich_sklepach_poznalismy_rowniez_oficjalna_cene_msrp_1_b.png\" rel=\"nofollow noopener\" target=\"_blank\"><img decoding=\"async\" src=\"https:\/\/www.europesays.com\/pl\/wp-content\/uploads\/2026\/06\/1781664554_467_16_asus_proart_geforce_rtx_5090_debiutuje_w_europejskich_sklepach_poznalismy_rowniez_oficjalna_cene_.png\" alt=\"ASUS ProArt GeForce RTX 5090 debiutuje w europejskich sklepach. Poznali\u015bmy r\u00f3wnie\u017c oficjaln\u0105 cen\u0119 MSRP [nc1]\"\/><\/a><\/p>\n<p><a title=\"ASUS GeForce RTX 5090 ROG Astral BTF - zapowiedziano limitow\u0105, z\u0142ot\u0105 edycj\u0119 topowej karty graficznej z okazji 20. rocznicy marki ROG\" href=\"https:\/\/www.purepc.pl\/asus-geforce-rtx-5090-rog-astral-btf-limitowana-edycja-20-lecie-marki\" rel=\"nofollow noopener\" target=\"_blank\">ASUS GeForce RTX 5090 ROG Astral BTF &#8211; zapowiedziano limitow\u0105, z\u0142ot\u0105 edycj\u0119 topowej karty graficznej z okazji 20. rocznicy marki ROG<\/a><\/p>\n<p>ASUS ProArt GeForce RTX 5090 OC Edition to konstrukcja sk\u0142adaj\u0105ca si\u0119 z kilku p\u0142yt PCB (in\u017cynierowie wyra\u017anie inspirowali si\u0119\u00a0 tutaj referencyjnym modelem Founders Edition od NVIDII). Oznacza to, \u017ce g\u0142\u00f3wna p\u0142ytka PCB zawiera rdze\u0144 graficzny Blackwell GB202, pami\u0119\u0107 VRAM GDDR7 (32 GB) oraz ca\u0142\u0105 sekcj\u0119 VRM. Z kolei dodatkowa, znacznie mniejsza p\u0142ytka, ma zamontowane chocia\u017cby porty wideo. Takie rozwi\u0105zanie w zamy\u015ble optymalizuje zar\u00f3wno oferowan\u0105 przestrze\u0144 jak i przep\u0142yw powietrza, co jest istotne z punktu widzenia monta\u017cu np. w mniejszych obudowach. System oparto na dw\u00f3ch wentylatorach o \u015brednicy 115 mm ka\u017cdy, zbudowanych w celu odpowiedniego przep\u0142ywu powietrza oraz utrzymywania wysokiego ci\u015bnienia statycznego. Nie brakuje r\u00f3wnie\u017c materia\u0142u termoprzewodz\u0105cego na bazie ciek\u0142ego metalu. Na to nak\u0142adana jest z kolei komora parowa. Tak przygotowany zestaw ma utrzymywa\u0107 akceptowalne temperatury pod obci\u0105\u017ceniem i w spoczynku, jednocze\u015bnie oferuj\u0105c wysokie taktowanie rdzenia. W tym ostatnim przypadku mowa o zegarze 2482 MHz w trybie domy\u015blnym oraz 2512 MHz po OC. Sama konstrukcja karty jest 2,5-slotowa, dzi\u0119ki czemu uzyska\u0142a oficjalny certyfikat NVIDII &#8211; SFF Ready.<\/p>\n<p><a class=\"colorbox\" href=\"https:\/\/www.purepc.pl\/image\/news\/2026\/06\/16_asus_proart_geforce_rtx_5090_debiutuje_w_europejskich_sklepach_poznalismy_rowniez_oficjalna_cene_msrp_nc0_b.jpg\" rel=\"nofollow noopener\" target=\"_blank\"><img decoding=\"async\" src=\"https:\/\/www.europesays.com\/pl\/wp-content\/uploads\/2026\/06\/16_asus_proart_geforce_rtx_5090_debiutuje_w_europejskich_sklepach_poznalismy_rowniez_oficjalna_cene_.jpeg\" alt=\"ASUS ProArt GeForce RTX 5090 debiutuje w europejskich sklepach. Poznali\u015bmy r\u00f3wnie\u017c oficjaln\u0105 cen\u0119 MSRP [nc1]\"\/><\/a><\/p>\n<p><a class=\"colorbox\" href=\"https:\/\/www.purepc.pl\/image\/news\/2026\/06\/16_asus_proart_geforce_rtx_5090_debiutuje_w_europejskich_sklepach_poznalismy_rowniez_oficjalna_cene_msrp_nc1_b.jpg\" rel=\"nofollow noopener\" target=\"_blank\"><img decoding=\"async\" src=\"https:\/\/www.europesays.com\/pl\/wp-content\/uploads\/2026\/06\/1781664555_309_16_asus_proart_geforce_rtx_5090_debiutuje_w_europejskich_sklepach_poznalismy_rowniez_oficjalna_cene_.jpeg\" alt=\"ASUS ProArt GeForce RTX 5090 debiutuje w europejskich sklepach. Poznali\u015bmy r\u00f3wnie\u017c oficjaln\u0105 cen\u0119 MSRP [nc1]\"\/><\/a><\/p>\n<p><a class=\"colorbox\" href=\"https:\/\/www.purepc.pl\/image\/news\/2026\/06\/16_asus_proart_geforce_rtx_5090_debiutuje_w_europejskich_sklepach_poznalismy_rowniez_oficjalna_cene_msrp_nc2_b.jpg\" rel=\"nofollow noopener\" target=\"_blank\"><img decoding=\"async\" src=\"https:\/\/www.europesays.com\/pl\/wp-content\/uploads\/2026\/06\/1781664556_28_16_asus_proart_geforce_rtx_5090_debiutuje_w_europejskich_sklepach_poznalismy_rowniez_oficjalna_cene_.jpeg\" alt=\"ASUS ProArt GeForce RTX 5090 debiutuje w europejskich sklepach. Poznali\u015bmy r\u00f3wnie\u017c oficjaln\u0105 cen\u0119 MSRP [nc1]\"\/><\/a><\/p>\n<p>\u0179r\u00f3d\u0142o: ASUS, VideoCardz, PurePC (zdj\u0119cia karty)<\/p>\n","protected":false},"excerpt":{"rendered":"Niereferencyjn\u0105 kart\u0119 graficzn\u0105 ASUS ProArt GeForce RTX 5090 po raz pierwszy zobaczyli\u015bmy jeszcze w grudniu ubieg\u0142ego roku, nied\u0142ugo&hellip;\n","protected":false},"author":2,"featured_media":498668,"comment_status":"","ping_status":"","sticky":false,"template":"","format":"standard","meta":{"footnotes":"","_share_on_mastodon":"0"},"categories":[20],"tags":[1970,96635,9676,1140,474,454,19903,120,118,119,455,42,38,40,39,41,649,23998,37319,7567,116,114,115,121,117,32292],"class_list":["post-498667","post","type-post","status-publish","format-standard","has-post-thumbnail","category-nauka-i-technika","tag-asus","tag-asus-proart-geforce-rtx-5090","tag-blackwell","tag-cena","tag-geforce-rtx-5090","tag-karta-graficzna","tag-msrp","tag-nauka","tag-nauka-i-technika","tag-naukatechnika","tag-nvidia","tag-pl","tag-poland","tag-polish","tag-polska","tag-polski","tag-premiera","tag-proart","tag-proart-geforce-rtx-5090","tag-rtx-5090","tag-science","tag-science-and-technology","tag-sciencetechnology","tag-technika","tag-technology","tag-uklad-graficzny"],"share_on_mastodon":{"url":"https:\/\/pubeurope.com\/@pl\/116763176463415388","error":""},"_links":{"self":[{"href":"https:\/\/www.europesays.com\/pl\/wp-json\/wp\/v2\/posts\/498667","targetHints":{"allow":["GET"]}}],"collection":[{"href":"https:\/\/www.europesays.com\/pl\/wp-json\/wp\/v2\/posts"}],"about":[{"href":"https:\/\/www.europesays.com\/pl\/wp-json\/wp\/v2\/types\/post"}],"author":[{"embeddable":true,"href":"https:\/\/www.europesays.com\/pl\/wp-json\/wp\/v2\/users\/2"}],"replies":[{"embeddable":true,"href":"https:\/\/www.europesays.com\/pl\/wp-json\/wp\/v2\/comments?post=498667"}],"version-history":[{"count":0,"href":"https:\/\/www.europesays.com\/pl\/wp-json\/wp\/v2\/posts\/498667\/revisions"}],"wp:featuredmedia":[{"embeddable":true,"href":"https:\/\/www.europesays.com\/pl\/wp-json\/wp\/v2\/media\/498668"}],"wp:attachment":[{"href":"https:\/\/www.europesays.com\/pl\/wp-json\/wp\/v2\/media?parent=498667"}],"wp:term":[{"taxonomy":"category","embeddable":true,"href":"https:\/\/www.europesays.com\/pl\/wp-json\/wp\/v2\/categories?post=498667"},{"taxonomy":"post_tag","embeddable":true,"href":"https:\/\/www.europesays.com\/pl\/wp-json\/wp\/v2\/tags?post=498667"}],"curies":[{"name":"wp","href":"https:\/\/api.w.org\/{rel}","templated":true}]}}